{"id":132812,"date":"2026-04-29T14:50:00","date_gmt":"2026-04-29T14:50:00","guid":{"rendered":"https:\/\/tvbrazilusa.com\/2026\/04\/29\/atuei-no-estrito-cumprimento-do-meu-dever-constitucional\/"},"modified":"2026-04-29T15:06:13","modified_gmt":"2026-04-29T15:06:13","slug":"atuei-no-estrito-cumprimento-do-meu-dever-constitucional","status":"publish","type":"post","link":"https:\/\/tvbrazilusa.com\/pt\/2026\/04\/29\/atuei-no-estrito-cumprimento-do-meu-dever-constitucional\/","title":{"rendered":"&#8216;Atuei no estrito cumprimento do meu dever constitucional&#8217;"},"content":{"rendered":"<p> <script async src=\"https:\/\/pagead2.googlesyndication.com\/pagead\/js\/adsbygoogle.js?client=ca-pub-8864793242727901\"\r\n     crossorigin=\"anonymous\"><\/script><br \/>\n<\/p>\n<div id=\"cd-article-content\">\n<p>O advogado-geral da Uni\u00e3o, <strong><a href=\"https:\/\/claudiodantas.com.br\/tag\/messias\/\" data-type=\"post_tag\" data-id=\"13197\">Jorge Messias<\/a><\/strong>, afirmou h\u00e1 pouco, durante sua sabatina na <strong><a href=\"https:\/\/legis.senado.leg.br\/atividade\/comissoes\/comissao\/34\/\" target=\"_blank\" rel=\"noopener\">CCJ do Senado<\/a><\/strong>, que, durante os atos de <strong><a href=\"https:\/\/claudiodantas.com.br\/tag\/8-de-janeiro\/\" data-type=\"post_tag\" data-id=\"55\">8 de Janeiro<\/a><\/strong>, n\u00e3o se alegrou \u201cem adotar medidas constritivas de liberdade de algu\u00e9m\u201d e que atuou no \u201cestrito cumprimento\u201d do \u201cdever constitucional\u201d.<\/p>\n<p><a href=\"https:\/\/whatsapp.com\/channel\/0029VaTFkH2HVvTbkE883x1x\" target=\"_blank\" class=\"whatsapp-channel-message\" rel=\"noopener\">\u2705 Siga o canal do Claudio Dantas no WhatsApp<\/a><\/p>\n<p>De acordo com o indicado de Lula (PT) ao STF, o 8 de Janeiro \u201cfoi um dos epis\u00f3dios mais tristes\u201d que viveu e negou que tenha feito pedidos de pris\u00f5es preventivas durante os atos, destacando que fez pedido de pris\u00e3o em flagrante.<\/p>\n<p>\u201cPedi a pris\u00e3o em flagrante, que era o que eu poderia fazer, at\u00e9 porque n\u00e3o tenho compet\u00eancia em mat\u00e9ria penal\u201d, afirmou Messias. \u201cQualquer cidad\u00e3o pode pedir a pris\u00e3o em flagrante quando h\u00e1 flagrante delito. E foi o que fiz\u201d.<\/p>\n<p>\u201cPor que fiz? Porque, naquele momento, naquela circunst\u00e2ncia, existiam diversas pessoas divulgando nas redes sociais um chamado \u2018retomada do poder\u2019. Como assim retomada do poder? Quando, h\u00e1 oito dias, n\u00f3s t\u00ednhamos acabado de empossar um presidente democraticamente eleito. Isso n\u00e3o \u00e9 democracia\u201d, afirmou o sabatinado.<\/p>\n<p>Messias tamb\u00e9m afirmou que a AGU n\u00e3o \u00e9 \u201c\u00f3rg\u00e3o de persecu\u00e7\u00e3o criminal\u201d e pediu perd\u00e3o por ter afirmado, em entrevista \u00e0 TV Brasil, que solicitou pris\u00e3o preventiva de patriotas do 8 de Janeiro.<\/p>\n<p>\u201cN\u00e3o pedimos pris\u00e3o preventiva. Houve uma tecnicidade naquela fala. Pe\u00e7o perd\u00e3o. N\u00e3o apresentei den\u00fancia. N\u00e3o pedi condena\u00e7\u00e3o. N\u00e3o julguei. N\u00e3o defini pena. E n\u00e3o designei pessoas \u00e0 pris\u00e3o\u201d, disse o indicado.<\/p>\n<p>\u201cO que eu fiz foi no estrito cumprimento do dever legal para preservar o patrim\u00f4nio p\u00fablico federal, dentro do mandato constitucional que esta Constitui\u00e7\u00e3o, que devo jurar, me conferiu, e nada mais\u201d.<\/p>\n<p>\u201cE quero dizer que tivemos, naquele momento, que adotar medidas excepcionais, porque, obviamente, o momento era excepcional. Desde a Rep\u00fablica, nunca se viu o que n\u00f3s testemunhamos aqui no dia 8 de Janeiro\u201d, prosseguiu Messias.<\/p>\n<p>\u201cO que eu quero dizer \u00e9 que, no 8 de janeiro, eu atuei no estrito cumprimento do meu dever constitucional, na defesa estrita do patrim\u00f4nio p\u00fablico federal\u201d, completou.<\/p>\n<div class=\"wp-block-image\">\n<figure class=\"aligncenter size-full is-resized\"><figcaption class=\"wp-element-caption\">Foto: Reprodu\u00e7\u00e3o\/YouTube<\/figcaption><\/figure>\n<\/div>\n<figure class=\"wp-block-embed aligncenter is-type-wp-embed is-provider-claudio-dantas wp-block-embed-claudio-dantas\"\/>\n<\/div>\n<p><script type=\"0fd0541011e5d2f3765b38e4-text\/javascript\">!function(f,b,e,v,n,t,s){if(f.fbq)return;n=f.fbq=function(){n.callMethod?n.callMethod.apply(n,arguments):n.queue.push(arguments)};if(!f._fbq)f._fbq=n;n.push=n;n.loaded=!0;n.version='2.0';n.queue=[];t=b.createElement(e);t.async=!0;t.src=v;s=b.getElementsByTagName(e)[0];s.parentNode.insertBefore(t,s)}(window,document,'script','https:\/\/connect.facebook.net\/en_US\/fbevents.js');fbq('init','1423865622537930');fbq('track','PageView');<\/script><br \/>\n<br \/><br \/>\n<br \/><a href=\"https:\/\/claudiodantas.com.br\/messias-8-1-cumprimento-dever-constitucional\/\">Source link <\/a><\/p>","protected":false},"excerpt":{"rendered":"<p>O advogado-geral da Uni\u00e3o, Jorge Messias, afirmou h\u00e1 pouco, durante sua sabatina na CCJ do Senado, que, durante os atos de 8 de Janeiro, n\u00e3o se alegrou \u201cem adotar medidas&hellip;<\/p>","protected":false},"author":1,"featured_media":132813,"comment_status":"closed","ping_status":"open","sticky":false,"template":"","format":"standard","meta":{"content-type":"","footnotes":""},"categories":[16],"tags":[],"class_list":["post-132812","post","type-post","status-publish","format-standard","has-post-thumbnail","hentry","category-noticias"],"_links":{"self":[{"href":"https:\/\/tvbrazilusa.com\/pt\/wp-json\/wp\/v2\/posts\/132812","targetHints":{"allow":["GET"]}}],"collection":[{"href":"https:\/\/tvbrazilusa.com\/pt\/wp-json\/wp\/v2\/posts"}],"about":[{"href":"https:\/\/tvbrazilusa.com\/pt\/wp-json\/wp\/v2\/types\/post"}],"author":[{"embeddable":true,"href":"https:\/\/tvbrazilusa.com\/pt\/wp-json\/wp\/v2\/users\/1"}],"replies":[{"embeddable":true,"href":"https:\/\/tvbrazilusa.com\/pt\/wp-json\/wp\/v2\/comments?post=132812"}],"version-history":[{"count":1,"href":"https:\/\/tvbrazilusa.com\/pt\/wp-json\/wp\/v2\/posts\/132812\/revisions"}],"predecessor-version":[{"id":132814,"href":"https:\/\/tvbrazilusa.com\/pt\/wp-json\/wp\/v2\/posts\/132812\/revisions\/132814"}],"wp:featuredmedia":[{"embeddable":true,"href":"https:\/\/tvbrazilusa.com\/pt\/wp-json\/wp\/v2\/media\/132813"}],"wp:attachment":[{"href":"https:\/\/tvbrazilusa.com\/pt\/wp-json\/wp\/v2\/media?parent=132812"}],"wp:term":[{"taxonomy":"category","embeddable":true,"href":"https:\/\/tvbrazilusa.com\/pt\/wp-json\/wp\/v2\/categories?post=132812"},{"taxonomy":"post_tag","embeddable":true,"href":"https:\/\/tvbrazilusa.com\/pt\/wp-json\/wp\/v2\/tags?post=132812"}],"curies":[{"name":"wp","href":"https:\/\/api.w.org\/{rel}","templated":true}]}}