{"id":132815,"date":"2026-04-29T15:20:00","date_gmt":"2026-04-29T15:20:00","guid":{"rendered":"https:\/\/tvbrazilusa.com\/2026\/04\/29\/supremo-que-apontou-nao-existe-nem-no-pais-de-alice\/"},"modified":"2026-04-29T15:33:43","modified_gmt":"2026-04-29T15:33:43","slug":"supremo-que-apontou-nao-existe-nem-no-pais-de-alice","status":"publish","type":"post","link":"https:\/\/tvbrazilusa.com\/pt\/2026\/04\/29\/supremo-que-apontou-nao-existe-nem-no-pais-de-alice\/","title":{"rendered":"Supremo que apontou &#8216;n\u00e3o existe nem no pa\u00eds de Alice&#8217;"},"content":{"rendered":"<p> <script async src=\"https:\/\/pagead2.googlesyndication.com\/pagead\/js\/adsbygoogle.js?client=ca-pub-8864793242727901\"\r\n     crossorigin=\"anonymous\"><\/script><br \/>\n<\/p>\n<div id=\"cd-article-content\">\n<p>Durante a sabatina de Jorge Messias, o senador Magno Malta (PL-ES) disse nesta manh\u00e3 (29) que o Supremo Tribunal Federal (STF) que o indicado de Lula (PT) apontou em seu discurso inicial \u201cn\u00e3o existe nem no pa\u00eds de Alice\u201d, em refer\u00eancia ao livro de Lewis Carroll.<\/p>\n<p><a href=\"https:\/\/whatsapp.com\/channel\/0029VaTFkH2HVvTbkE883x1x\" target=\"_blank\" class=\"whatsapp-channel-message\" rel=\"noopener\">\u2705 Siga o canal do Claudio Dantas no WhatsApp<\/a><\/p>\n<p>\u201cN\u00f3s temos hoje uma Suprema Corte que \u00e9 um grupo ideol\u00f3gico e malvado. Um grupo de militantes\u201d, afirmou Malta ao rebater o sabatinado.<\/p>\n<p>\u201c\u00c9 normal um ministro de Suprema Corte fazer apologia ao crime, ou se manter no crime, enquanto esse Poder Legislativo que o senhor diz que respeita a separa\u00e7\u00e3o dos Poderes, e a\u00ed um ministro que \u00e9 relator de um processo em que ele faz parte porque ele tem um cassino que \u00e9 proibido no pa\u00eds. Isso \u00e9 normal?\u201d, indagou.<\/p>\n<p>\u201cOs esc\u00e2ndalos do Banco Master que envolvem ministros viajando em avi\u00e3o de Vorcaro, viajando com advogado de Vorcaro, e tanto dinheiro dentro de um s\u00f3 escrit\u00f3rio de um ministro da Suprema Corte. N\u00f3s estamos vivendo dias de normalidade?\u201d<\/p>\n<p>Em seguida, Malta mostrou uma foto de Clez\u00e3o, que morreu na Papuda ap\u00f3s ser preso nos atos de 8 de janeiro: \u201cHoje, n\u00e3o tocar nesses assuntos \u00e9 n\u00e3o fazer justi\u00e7a a esse cidad\u00e3o aqui. Que morreu nas vistas do Estado quando o pr\u00f3prio PGR pediu a sua soltura [e o STF n\u00e3o o liberou]\u201d.<\/p>\n<p>\u201cO senhor no Supremo Tribunal Federal, numa condi\u00e7\u00e3o de ministro daria uma pena de 14 anos para uma mulher que escreveu uma frase do presidente da Suprema Corte?\u201d, continuou o senador em suas perguntas ao indicado de Lula (PT). \u201cCabe a um presidente da Suprema Corte olhar para o seu povo e cham\u00e1-los de man\u00e9? Perdeu, man\u00e9?\u201d<\/p>\n<p>\u201cEnt\u00e3o, a mim h\u00e1 muita contradi\u00e7\u00e3o\u201d, completou Malta.<\/p>\n<div class=\"wp-block-image\">\n<figure class=\"aligncenter size-large\"><figcaption class=\"wp-element-caption\"><strong>Foto: Reprodu\u00e7\u00e3o\/YouTube<\/strong><\/figcaption><\/figure>\n<\/div>\n<figure class=\"wp-block-embed aligncenter is-type-wp-embed is-provider-claudio-dantas wp-block-embed-claudio-dantas\"\/>\n<\/div>\n<p><script type=\"ae76e42ff5cf45b172e89676-text\/javascript\">!function(f,b,e,v,n,t,s){if(f.fbq)return;n=f.fbq=function(){n.callMethod?n.callMethod.apply(n,arguments):n.queue.push(arguments)};if(!f._fbq)f._fbq=n;n.push=n;n.loaded=!0;n.version='2.0';n.queue=[];t=b.createElement(e);t.async=!0;t.src=v;s=b.getElementsByTagName(e)[0];s.parentNode.insertBefore(t,s)}(window,document,'script','https:\/\/connect.facebook.net\/en_US\/fbevents.js');fbq('init','1423865622537930');fbq('track','PageView');<\/script><br \/>\n<br \/><br \/>\n<br \/><a href=\"https:\/\/claudiodantas.com.br\/malta-messias-supremo-nem-no-pais-de-alice\/\">Source link <\/a><\/p>","protected":false},"excerpt":{"rendered":"<p>Durante a sabatina de Jorge Messias, o senador Magno Malta (PL-ES) disse nesta manh\u00e3 (29) que o Supremo Tribunal Federal (STF) que o indicado de Lula (PT) apontou em seu&hellip;<\/p>","protected":false},"author":1,"featured_media":132816,"comment_status":"closed","ping_status":"open","sticky":false,"template":"","format":"standard","meta":{"content-type":"","footnotes":""},"categories":[16],"tags":[],"class_list":["post-132815","post","type-post","status-publish","format-standard","has-post-thumbnail","hentry","category-noticias"],"_links":{"self":[{"href":"https:\/\/tvbrazilusa.com\/pt\/wp-json\/wp\/v2\/posts\/132815","targetHints":{"allow":["GET"]}}],"collection":[{"href":"https:\/\/tvbrazilusa.com\/pt\/wp-json\/wp\/v2\/posts"}],"about":[{"href":"https:\/\/tvbrazilusa.com\/pt\/wp-json\/wp\/v2\/types\/post"}],"author":[{"embeddable":true,"href":"https:\/\/tvbrazilusa.com\/pt\/wp-json\/wp\/v2\/users\/1"}],"replies":[{"embeddable":true,"href":"https:\/\/tvbrazilusa.com\/pt\/wp-json\/wp\/v2\/comments?post=132815"}],"version-history":[{"count":1,"href":"https:\/\/tvbrazilusa.com\/pt\/wp-json\/wp\/v2\/posts\/132815\/revisions"}],"predecessor-version":[{"id":132817,"href":"https:\/\/tvbrazilusa.com\/pt\/wp-json\/wp\/v2\/posts\/132815\/revisions\/132817"}],"wp:featuredmedia":[{"embeddable":true,"href":"https:\/\/tvbrazilusa.com\/pt\/wp-json\/wp\/v2\/media\/132816"}],"wp:attachment":[{"href":"https:\/\/tvbrazilusa.com\/pt\/wp-json\/wp\/v2\/media?parent=132815"}],"wp:term":[{"taxonomy":"category","embeddable":true,"href":"https:\/\/tvbrazilusa.com\/pt\/wp-json\/wp\/v2\/categories?post=132815"},{"taxonomy":"post_tag","embeddable":true,"href":"https:\/\/tvbrazilusa.com\/pt\/wp-json\/wp\/v2\/tags?post=132815"}],"curies":[{"name":"wp","href":"https:\/\/api.w.org\/{rel}","templated":true}]}}