{"id":132824,"date":"2026-04-29T17:27:21","date_gmt":"2026-04-29T17:27:21","guid":{"rendered":"https:\/\/tvbrazilusa.com\/2026\/04\/29\/girao-defende-pergunta-unica-com-resposta-imediata-na-sabatina-de-messias\/"},"modified":"2026-04-29T17:28:13","modified_gmt":"2026-04-29T17:28:13","slug":"girao-defende-pergunta-unica-com-resposta-imediata-na-sabatina-de-messias","status":"publish","type":"post","link":"https:\/\/tvbrazilusa.com\/pt\/2026\/04\/29\/girao-defende-pergunta-unica-com-resposta-imediata-na-sabatina-de-messias\/","title":{"rendered":"Gir\u00e3o defende &#8220;pergunta \u00fanica com resposta imediata&#8221; na sabatina de Messias"},"content":{"rendered":"<p> <script async src=\"https:\/\/pagead2.googlesyndication.com\/pagead\/js\/adsbygoogle.js?client=ca-pub-8864793242727901\"\r\n     crossorigin=\"anonymous\"><\/script><br \/>\n<\/p>\n<div id=\"cd-article-content\">\n<p>O senador <strong><a href=\"https:\/\/claudiodantas.com.br\/tag\/eduardo-girao\/\" data-type=\"post_tag\" data-id=\"51\">Eduardo Gir\u00e3o (Novo-CE)<\/a><\/strong> apresentou quest\u00e3o de ordem nesta tarde (29), durante sabatina de <strong><a href=\"https:\/\/claudiodantas.com.br\/tag\/jorge-messias\/\" data-type=\"post_tag\" data-id=\"1866\">Jorge Messias<\/a><\/strong>, para que a <strong><a href=\"https:\/\/legis.senado.leg.br\/atividade\/comissoes\/comissao\/34\/\" target=\"_blank\" rel=\"noopener\">CCJ<\/a><\/strong> adotasse um m\u00e9todo de <strong>\u201cpergunta \u00fanica com resposta imediata\u201d<\/strong>. Segundo ele, o formato seria importante, pois senadores poderiam ver contradi\u00e7\u00f5es do indicado e mudar de voto.<\/p>\n<p><a href=\"https:\/\/whatsapp.com\/channel\/0029VaTFkH2HVvTbkE883x1x\" target=\"_blank\" class=\"whatsapp-channel-message\" rel=\"noopener\">\u2705 Siga o canal do Claudio Dantas no WhatsApp<\/a><\/p>\n<p>Gir\u00e3o sugeriu o seguinte m\u00e9todo de condu\u00e7\u00e3o da sabatina de Messias: <em>\u201cQue cada senador inscrito formule uma pergunta de cada vez, a qual o indicado responda imediatamente, podendo o senador formular a pergunta seguinte ou pedir esclarecimento \u00e0 resposta dada dentro do seu tempo regimental\u201d.<\/em><\/p>\n<p>\u201cO m\u00e9todo n\u00e3o amplia o tempo concedido a cada senador, n\u00e3o retarda a sess\u00e3o, n\u00e3o modifica a ordem dos inscritos, apenas redistribui dentro do tempo j\u00e1 regimentalmente estabelecido o uso entre pergunta e resposta\u201d, afirmou o senador.<\/p>\n<p>De acordo com Gir\u00e3o, a medida \u201cn\u00e3o \u00e9 inova\u00e7\u00e3o regimental, mas adequa\u00e7\u00e3o metodol\u00f3gica\u201d: aplicar na sabatina \u201co padr\u00e3o que a legisla\u00e7\u00e3o processual brasileira j\u00e1 aplica h\u00e1 d\u00e9cadas \u00e0 instru\u00e7\u00e3o de qualquer feito judicial\u201d.<\/p>\n<p>Ele citou como exemplo o Supremo Tribunal Federal (STF), que \u201cno exerc\u00edcio de sua compet\u00eancia penal origin\u00e1ria, interroga os cidad\u00e3os sujeitos \u00e0 sua jurisdi\u00e7\u00e3o segundo o m\u00e9todo da pergunta \u00fanica com resposta imediata\u201d.<\/p>\n<p>\u201cCada ministro formula sua pergunta, o r\u00e9u responde, e a pr\u00f3xima pergunta \u00e9 feita em sequ\u00eancia\u201d, afirmou. \u201c\u00c9 o que se verifica em qualquer a\u00e7\u00e3o penal de foro privilegiado em curso na Corte, conforme existe o p\u00fablico das transmiss\u00f5es oficiais do pr\u00f3prio tribunal\u201d.<\/p>\n<p>\u201cEste \u00e9 o m\u00e9todo que o Supremo, ele pr\u00f3prio, considera adequado ao exame de cidad\u00e3os comuns sob a sua jurisdi\u00e7\u00e3o\u201d, completou Gir\u00e3o.<\/p>\n<p>Em resposta, o presidente da CCJ do Senado, Otto Alencar (PSD-BA), afirmou que o pedido de Gir\u00e3o \u00e9 v\u00e1lido, mas que todos os senadores concordaram que se fizesse \u201cgrupo de tr\u00eas senadores fazendo as perguntas\u201d: \u201cpara que aquele que \u00e9 sabatinado responda\u201d.<\/p>\n<p>\u201cFoi assim em todos os momentos dessa CCJ, antes e depois da minha Presid\u00eancia\u201d, afirmou Alencar. \u201cPortanto, eu fiz em nome da concord\u00e2ncia do colegiado, embora vossa excel\u00eancia tenha convocado com todo o direito o artigo\u201d.<\/p>\n<p>\u201cSe vossa excel\u00eancia quiser depois a r\u00e9plica ou a tr\u00e9plica, eu concederei individualmente a vossa excel\u00eancia\u201d, afirmou Otto, que completou: \u201cOs outros senadores n\u00e3o solicitaram\u201d.<\/p>\n<div class=\"wp-block-image\">\n<figure class=\"aligncenter size-full is-resized\"><figcaption class=\"wp-element-caption\"><strong>Foto: Reprodu\u00e7\u00e3o\/YouTube<\/strong><\/figcaption><\/figure>\n<\/div>\n<\/div>\n<p><script type=\"2ce57d2d6f28dc0953d7b55f-text\/javascript\">!function(f,b,e,v,n,t,s){if(f.fbq)return;n=f.fbq=function(){n.callMethod?n.callMethod.apply(n,arguments):n.queue.push(arguments)};if(!f._fbq)f._fbq=n;n.push=n;n.loaded=!0;n.version='2.0';n.queue=[];t=b.createElement(e);t.async=!0;t.src=v;s=b.getElementsByTagName(e)[0];s.parentNode.insertBefore(t,s)}(window,document,'script','https:\/\/connect.facebook.net\/en_US\/fbevents.js');fbq('init','1423865622537930');fbq('track','PageView');<\/script><br \/>\n<br \/><br \/>\n<br \/><a href=\"https:\/\/claudiodantas.com.br\/girao-pergunta-unica-sabatina-messias\/\">Source link <\/a><\/p>","protected":false},"excerpt":{"rendered":"<p>O senador Eduardo Gir\u00e3o (Novo-CE) apresentou quest\u00e3o de ordem nesta tarde (29), durante sabatina de Jorge Messias, para que a CCJ adotasse um m\u00e9todo de \u201cpergunta \u00fanica com resposta imediata\u201d.&hellip;<\/p>","protected":false},"author":1,"featured_media":132825,"comment_status":"closed","ping_status":"open","sticky":false,"template":"","format":"standard","meta":{"content-type":"","footnotes":""},"categories":[16],"tags":[],"class_list":["post-132824","post","type-post","status-publish","format-standard","has-post-thumbnail","hentry","category-noticias"],"_links":{"self":[{"href":"https:\/\/tvbrazilusa.com\/pt\/wp-json\/wp\/v2\/posts\/132824","targetHints":{"allow":["GET"]}}],"collection":[{"href":"https:\/\/tvbrazilusa.com\/pt\/wp-json\/wp\/v2\/posts"}],"about":[{"href":"https:\/\/tvbrazilusa.com\/pt\/wp-json\/wp\/v2\/types\/post"}],"author":[{"embeddable":true,"href":"https:\/\/tvbrazilusa.com\/pt\/wp-json\/wp\/v2\/users\/1"}],"replies":[{"embeddable":true,"href":"https:\/\/tvbrazilusa.com\/pt\/wp-json\/wp\/v2\/comments?post=132824"}],"version-history":[{"count":1,"href":"https:\/\/tvbrazilusa.com\/pt\/wp-json\/wp\/v2\/posts\/132824\/revisions"}],"predecessor-version":[{"id":132826,"href":"https:\/\/tvbrazilusa.com\/pt\/wp-json\/wp\/v2\/posts\/132824\/revisions\/132826"}],"wp:featuredmedia":[{"embeddable":true,"href":"https:\/\/tvbrazilusa.com\/pt\/wp-json\/wp\/v2\/media\/132825"}],"wp:attachment":[{"href":"https:\/\/tvbrazilusa.com\/pt\/wp-json\/wp\/v2\/media?parent=132824"}],"wp:term":[{"taxonomy":"category","embeddable":true,"href":"https:\/\/tvbrazilusa.com\/pt\/wp-json\/wp\/v2\/categories?post=132824"},{"taxonomy":"post_tag","embeddable":true,"href":"https:\/\/tvbrazilusa.com\/pt\/wp-json\/wp\/v2\/tags?post=132824"}],"curies":[{"name":"wp","href":"https:\/\/api.w.org\/{rel}","templated":true}]}}