{"id":132830,"date":"2026-04-29T19:40:13","date_gmt":"2026-04-29T19:40:13","guid":{"rendered":"https:\/\/tvbrazilusa.com\/2026\/04\/29\/ex-presidente-da-oab-vai-defender-sergio-cabral-paulo-figueiredo\/"},"modified":"2026-04-29T19:45:05","modified_gmt":"2026-04-29T19:45:05","slug":"ex-presidente-da-oab-vai-defender-sergio-cabral-paulo-figueiredo","status":"publish","type":"post","link":"https:\/\/tvbrazilusa.com\/pt\/2026\/04\/29\/ex-presidente-da-oab-vai-defender-sergio-cabral-paulo-figueiredo\/","title":{"rendered":"Ex-presidente da OAB vai defender S\u00e9rgio Cabral &#8211; Paulo Figueiredo"},"content":{"rendered":"<p> <script async src=\"https:\/\/pagead2.googlesyndication.com\/pagead\/js\/adsbygoogle.js?client=ca-pub-8864793242727901\"\r\n     crossorigin=\"anonymous\"><\/script><br \/>\n<\/p>\n<div id=\"wtr-content\" data-bg=\"#FFFFFF\" data-fg=\"#006d91\" data-width=\"25\" data-mute=\"1\" data-fgopacity=\"1.00\" data-mutedopacity=\"0.5\" data-placement=\"bottom\" data-placement-offset=\"0\" data-content-offset=\"262\" data-placement-touch=\"bottom\" data-placement-offset-touch=\"0\" data-transparent=\"\" data-shadow=\"0\" data-touch=\"1\" data-non-touch=\"1\" data-comments=\"0\" data-commentsbg=\"transparent\" data-location=\"page\" data-mutedfg=\"#006d91\" data-endfg=\"#006d91\" data-rtl=\"\">\n<h4 class=\"wp-block-heading\">Felipe Santa Cruz assume processo por uso particular de helic\u00f3pteros do governo do Rio de Janeiro<\/h4>\n<p>O ex-presidente da Ordem dos Advogados do Brasil (OAB) Felipe Santa Cruz passou a integrar a defesa do ex-governador do Rio de Janeiro S\u00e9rgio Cabral no\u00a0Superior Tribunal de Justi\u00e7a (STJ). Segundo o jornal\u00a0<em>O Globo<\/em>, o advogado foi inclu\u00eddo na fase final do processo para atuar ao lado do escrit\u00f3rio Proetti Advogados.<\/p>\n<p>O recurso em an\u00e1lise trata do uso particular de helic\u00f3pteros do governo do Rio de Janeiro. Cabral foi condenado pelo Tribunal de Justi\u00e7a do Rio de Janeiro a 11 anos e oito meses de reclus\u00e3o. A ex-primeira-dama fluminense Adriana Ancelmo recebeu pena de oito anos e quatro meses. A decis\u00e3o, proferida em 2021, tamb\u00e9m fixou indeniza\u00e7\u00e3o de R$ 19,9 milh\u00f5es ao Estado.<\/p>\n<h4 class=\"wp-block-heading\" id=\"h-oab-proximidade-com-o-poder-politico\"><strong>OAB: proximidade com o poder pol\u00edtico<\/strong><\/h4>\n<p>De acordo com a den\u00fancia apresentada pelo\u00a0Minist\u00e9rio P\u00fablico\u00a0em 2018, Cabral teria utilizado aeronaves oficiais em mais de 2 mil voos particulares durante seus dois mandatos. As viagens, segundo a acusa\u00e7\u00e3o, teriam servido para transportar familiares, amigos, funcion\u00e1rios e aliados pol\u00edticos.<\/p>\n<p>O julgamento do recurso no STJ est\u00e1 previsto para 5 de maio e ter\u00e1 como relatora a ministra Marluce Caldas. Santa Cruz, que tamb\u00e9m foi secret\u00e1rio na gest\u00e3o do ex-prefeito do Rio Eduardo Paes (PSD) mant\u00e9m rela\u00e7\u00e3o pr\u00f3xima com Cabral. Em 2023, o ex-presidente da OAB publicou uma foto ao lado do ex-governador mencionando \u201ctantos anos de injusti\u00e7a\u201d. A postagem foi posteriormente apagada depois de cr\u00edticas.<\/p>\n<p>Al\u00e9m deste caso, S\u00e9rgio Cabral acumulou uma longa ficha de condena\u00e7\u00f5es decorrentes da Opera\u00e7\u00e3o Lava Jato no Rio de Janeiro. O ex-governador chegou a somar mais de 400 anos de penas em diferentes processos por corrup\u00e7\u00e3o, lavagem de dinheiro e organiza\u00e7\u00e3o criminosa, relacionados a esquemas de propina em contratos p\u00fablicos, obras e concess\u00f5es estaduais.\u00a0<\/p>\n<p>Parte dessas decis\u00f5es foi posteriormente revista por tribunais superiores, mas Cabral permaneceu preso por mais de seis anos. As investiga\u00e7\u00f5es apontaram recebimento sistem\u00e1tico de vantagens indevidas de empreiteiras e empres\u00e1rios, al\u00e9m do uso de operadores financeiros e contas no exterior.<\/p>\n<p>J\u00e1 Felipe Santa Cruz construiu uma trajet\u00f3ria p\u00fablica marcada por posicionamentos pol\u00edticos alinhados a setores da esquerda. Durante sua gest\u00e3o na OAB, foi cr\u00edtico frequente do governo de Jair Bolsonaro e defendeu pautas associadas a partidos \u201cprogressistas\u201d, al\u00e9m de participar de manifesta\u00e7\u00f5es e debates com lideran\u00e7as desse campo.\u00a0<\/p>\n<p>Posteriormente, integrou a administra\u00e7\u00e3o do prefeito Eduardo Paes no Rio de Janeiro, aliado hist\u00f3rico de partidos de centro-esquerda. Em declara\u00e7\u00f5es p\u00fablicas, Santa Cruz tamb\u00e9m j\u00e1 se manifestou favoravelmente a posi\u00e7\u00f5es defendidas por lideran\u00e7as petistas e criticou opera\u00e7\u00f5es judiciais contra pol\u00edticos julgados como corruptos.<\/p>\n<p><strong><a href=\"https:\/\/revistaoeste.com\/politica\/ex-presidente-da-oab-vai-defender-cabral\/#google_vignette\">Cr\u00e9dito Revista Oeste<\/a><\/strong><\/p>\n<\/div>\n<p><br \/>\n<br \/><a href=\"https:\/\/paulofigueiredoshow.com\/ex-presidente-da-oab-vai-defender-sergio-cabral\/\">Source link <\/a><\/p>","protected":false},"excerpt":{"rendered":"<p>Felipe Santa Cruz assume processo por uso particular de helic\u00f3pteros do governo do Rio de Janeiro O ex-presidente da Ordem dos Advogados do Brasil (OAB) Felipe Santa Cruz passou a&hellip;<\/p>","protected":false},"author":1,"featured_media":132831,"comment_status":"closed","ping_status":"open","sticky":false,"template":"","format":"standard","meta":{"content-type":"","footnotes":""},"categories":[16],"tags":[],"class_list":["post-132830","post","type-post","status-publish","format-standard","has-post-thumbnail","hentry","category-noticias"],"_links":{"self":[{"href":"https:\/\/tvbrazilusa.com\/pt\/wp-json\/wp\/v2\/posts\/132830","targetHints":{"allow":["GET"]}}],"collection":[{"href":"https:\/\/tvbrazilusa.com\/pt\/wp-json\/wp\/v2\/posts"}],"about":[{"href":"https:\/\/tvbrazilusa.com\/pt\/wp-json\/wp\/v2\/types\/post"}],"author":[{"embeddable":true,"href":"https:\/\/tvbrazilusa.com\/pt\/wp-json\/wp\/v2\/users\/1"}],"replies":[{"embeddable":true,"href":"https:\/\/tvbrazilusa.com\/pt\/wp-json\/wp\/v2\/comments?post=132830"}],"version-history":[{"count":1,"href":"https:\/\/tvbrazilusa.com\/pt\/wp-json\/wp\/v2\/posts\/132830\/revisions"}],"predecessor-version":[{"id":132832,"href":"https:\/\/tvbrazilusa.com\/pt\/wp-json\/wp\/v2\/posts\/132830\/revisions\/132832"}],"wp:featuredmedia":[{"embeddable":true,"href":"https:\/\/tvbrazilusa.com\/pt\/wp-json\/wp\/v2\/media\/132831"}],"wp:attachment":[{"href":"https:\/\/tvbrazilusa.com\/pt\/wp-json\/wp\/v2\/media?parent=132830"}],"wp:term":[{"taxonomy":"category","embeddable":true,"href":"https:\/\/tvbrazilusa.com\/pt\/wp-json\/wp\/v2\/categories?post=132830"},{"taxonomy":"post_tag","embeddable":true,"href":"https:\/\/tvbrazilusa.com\/pt\/wp-json\/wp\/v2\/tags?post=132830"}],"curies":[{"name":"wp","href":"https:\/\/api.w.org\/{rel}","templated":true}]}}