{"id":132838,"date":"2026-04-29T20:57:41","date_gmt":"2026-04-29T20:57:41","guid":{"rendered":"https:\/\/tvbrazilusa.com\/2026\/04\/29\/bilhete-registra-liberacao-de-malas-sem-raio-x-em-voo-com-hugo-motta-e-ciro-nogueira\/"},"modified":"2026-04-29T20:59:00","modified_gmt":"2026-04-29T20:59:00","slug":"bilhete-registra-liberacao-de-malas-sem-raio-x-em-voo-com-hugo-motta-e-ciro-nogueira","status":"publish","type":"post","link":"https:\/\/tvbrazilusa.com\/pt\/2026\/04\/29\/bilhete-registra-liberacao-de-malas-sem-raio-x-em-voo-com-hugo-motta-e-ciro-nogueira\/","title":{"rendered":"Bilhete registra libera\u00e7\u00e3o de malas sem raio-X em voo com Hugo Motta e Ciro Nogueira"},"content":{"rendered":"<p> <script async src=\"https:\/\/pagead2.googlesyndication.com\/pagead\/js\/adsbygoogle.js?client=ca-pub-8864793242727901\"\r\n     crossorigin=\"anonymous\"><\/script><br \/>\n<\/p>\n<div id=\"cd-article-content\">\n<p>Uma anota\u00e7\u00e3o manuscrita registrada no livro de ocorr\u00eancias do Aeroporto Catarina, em S\u00e3o Roque (SP), passou a integrar uma investiga\u00e7\u00e3o da <a href=\"https:\/\/www.gov.br\/pf\/pt-br\" target=\"_blank\" rel=\"noopener\">Pol\u00edcia Federal (PF)<\/a> que apura a libera\u00e7\u00e3o de bagagens sem inspe\u00e7\u00e3o por raio-X em um voo que transportava autoridades e um empres\u00e1rio do setor de apostas online. As informa\u00e7\u00f5es s\u00e3o do portal <em>G1<\/em>. <\/p>\n<p><a href=\"https:\/\/whatsapp.com\/channel\/0029VaTFkH2HVvTbkE883x1x\" target=\"_blank\" class=\"whatsapp-channel-message\" rel=\"noopener\">\u2705 Siga o canal do Claudio Dantas no WhatsApp<\/a><\/p>\n<p>O registro foi feito por um agente de prote\u00e7\u00e3o da avia\u00e7\u00e3o civil (APAC), respons\u00e1vel por relatar eventuais irregularidades no sistema de seguran\u00e7a aeroportu\u00e1ria. <\/p>\n<p>Segundo o conte\u00fado do bilhete, inclu\u00eddo no inqu\u00e9rito, o auditor fiscal da Receita Federal Marco Ant\u00f4nio Canella teria autorizado a passagem de malas e bolsas sem fiscaliza\u00e7\u00e3o, inclusive com objetos como eletr\u00f4nicos e garrafas, al\u00e9m de bagagens de tripulantes, mesmo ap\u00f3s o acionamento do p\u00f3rtico de seguran\u00e7a.<\/p>\n<p>A aeronave, identificada como PP-OIG, partiu da ilha de S\u00e3o Martinho, no Caribe, considerada para\u00edso fiscal pela Receita Federal. O avi\u00e3o pertence ao empres\u00e1rio Fernando Oliveira Lima, conhecido como \u201cFernandin OIG\u201d, que j\u00e1 foi ouvido na CPI das Bets no Senado.<\/p>\n<p>De acordo com a lista de passageiros obtida pela investiga\u00e7\u00e3o, estavam a bordo o <a href=\"https:\/\/claudiodantas.com.br\/tag\/hugo-motta\/\" data-type=\"post_tag\" data-id=\"505\">presidente da C\u00e2mara, Hugo Motta (Republicanos-PB)<\/a>, o senador Ciro Nogueira (PP-PI), al\u00e9m dos deputados Doutor Luizinho (PP-RJ) e Isnaldo Bulh\u00f5es (MDB-AL). O propriet\u00e1rio da aeronave tamb\u00e9m integrava o grupo.<\/p>\n<figure class=\"wp-block-image\"><\/figure>\n<p>A Pol\u00edcia Federal investiga se o epis\u00f3dio foi isolado ou se h\u00e1 ind\u00edcios de pr\u00e1tica recorrente. Os fatos podem configurar crimes como prevarica\u00e7\u00e3o e facilita\u00e7\u00e3o de contrabando. Com a presen\u00e7a de parlamentares com foro privilegiado, o caso foi encaminhado ao Supremo Tribunal Federal.<\/p>\n<p>O ministro Alexandre de Moraes determinou o envio do inqu\u00e9rito \u00e0 Procuradoria-Geral da Rep\u00fablica, que dever\u00e1 avaliar o andamento das apura\u00e7\u00f5es.<\/p>\n<p>Em manifesta\u00e7\u00e3o, o piloto Jos\u00e9 Jorge de Oliveira J\u00fanior afirmou n\u00e3o se recordar do epis\u00f3dio, mas disse seguir protocolos padr\u00e3o, nos quais cada passageiro desembarca com seus pr\u00f3prios pertences e responde individualmente por eles.<\/p>\n<p>Procurado, Hugo Motta declarou que cumpriu todas as exig\u00eancias legais no desembarque e que aguardar\u00e1 a manifesta\u00e7\u00e3o da PGR.<\/p>\n<\/div>\n<p><script type=\"c7bd0ac6d110892574f6781a-text\/javascript\">!function(f,b,e,v,n,t,s){if(f.fbq)return;n=f.fbq=function(){n.callMethod?n.callMethod.apply(n,arguments):n.queue.push(arguments)};if(!f._fbq)f._fbq=n;n.push=n;n.loaded=!0;n.version='2.0';n.queue=[];t=b.createElement(e);t.async=!0;t.src=v;s=b.getElementsByTagName(e)[0];s.parentNode.insertBefore(t,s)}(window,document,'script','https:\/\/connect.facebook.net\/en_US\/fbevents.js');fbq('init','1423865622537930');fbq('track','PageView');<\/script><br \/>\n<br \/><br \/>\n<br \/><a href=\"https:\/\/claudiodantas.com.br\/bilhete-registra-liberacao-malas-sem-raio-x\/\">Source link <\/a><\/p>","protected":false},"excerpt":{"rendered":"<p>Uma anota\u00e7\u00e3o manuscrita registrada no livro de ocorr\u00eancias do Aeroporto Catarina, em S\u00e3o Roque (SP), passou a integrar uma investiga\u00e7\u00e3o da Pol\u00edcia Federal (PF) que apura a libera\u00e7\u00e3o de bagagens&hellip;<\/p>","protected":false},"author":1,"featured_media":132839,"comment_status":"closed","ping_status":"open","sticky":false,"template":"","format":"standard","meta":{"content-type":"","footnotes":""},"categories":[16],"tags":[],"class_list":["post-132838","post","type-post","status-publish","format-standard","has-post-thumbnail","hentry","category-noticias"],"_links":{"self":[{"href":"https:\/\/tvbrazilusa.com\/pt\/wp-json\/wp\/v2\/posts\/132838","targetHints":{"allow":["GET"]}}],"collection":[{"href":"https:\/\/tvbrazilusa.com\/pt\/wp-json\/wp\/v2\/posts"}],"about":[{"href":"https:\/\/tvbrazilusa.com\/pt\/wp-json\/wp\/v2\/types\/post"}],"author":[{"embeddable":true,"href":"https:\/\/tvbrazilusa.com\/pt\/wp-json\/wp\/v2\/users\/1"}],"replies":[{"embeddable":true,"href":"https:\/\/tvbrazilusa.com\/pt\/wp-json\/wp\/v2\/comments?post=132838"}],"version-history":[{"count":1,"href":"https:\/\/tvbrazilusa.com\/pt\/wp-json\/wp\/v2\/posts\/132838\/revisions"}],"predecessor-version":[{"id":132840,"href":"https:\/\/tvbrazilusa.com\/pt\/wp-json\/wp\/v2\/posts\/132838\/revisions\/132840"}],"wp:featuredmedia":[{"embeddable":true,"href":"https:\/\/tvbrazilusa.com\/pt\/wp-json\/wp\/v2\/media\/132839"}],"wp:attachment":[{"href":"https:\/\/tvbrazilusa.com\/pt\/wp-json\/wp\/v2\/media?parent=132838"}],"wp:term":[{"taxonomy":"category","embeddable":true,"href":"https:\/\/tvbrazilusa.com\/pt\/wp-json\/wp\/v2\/categories?post=132838"},{"taxonomy":"post_tag","embeddable":true,"href":"https:\/\/tvbrazilusa.com\/pt\/wp-json\/wp\/v2\/tags?post=132838"}],"curies":[{"name":"wp","href":"https:\/\/api.w.org\/{rel}","templated":true}]}}