{"id":132852,"date":"2026-04-29T22:01:17","date_gmt":"2026-04-29T22:01:17","guid":{"rendered":"https:\/\/tvbrazilusa.com\/2026\/04\/29\/com-placar-apertado-na-ccj-do-senado-messias-e-aprovado-para-ser-ministro-do-stf-paulo-figueiredo\/"},"modified":"2026-04-29T22:05:02","modified_gmt":"2026-04-29T22:05:02","slug":"com-placar-apertado-na-ccj-do-senado-messias-e-aprovado-para-ser-ministro-do-stf-paulo-figueiredo","status":"publish","type":"post","link":"https:\/\/tvbrazilusa.com\/pt\/2026\/04\/29\/com-placar-apertado-na-ccj-do-senado-messias-e-aprovado-para-ser-ministro-do-stf-paulo-figueiredo\/","title":{"rendered":"Com placar apertado na CCJ do Senado, Messias \u00e9 aprovado para ser ministro do STF &#8211; Paulo Figueiredo"},"content":{"rendered":"<p> <script async src=\"https:\/\/pagead2.googlesyndication.com\/pagead\/js\/adsbygoogle.js?client=ca-pub-8864793242727901\"\r\n     crossorigin=\"anonymous\"><\/script><br \/>\n<\/p>\n<div id=\"wtr-content\" data-bg=\"#FFFFFF\" data-fg=\"#006d91\" data-width=\"25\" data-mute=\"1\" data-fgopacity=\"1.00\" data-mutedopacity=\"0.5\" data-placement=\"bottom\" data-placement-offset=\"0\" data-content-offset=\"262\" data-placement-touch=\"bottom\" data-placement-offset-touch=\"0\" data-transparent=\"\" data-shadow=\"0\" data-touch=\"1\" data-non-touch=\"1\" data-comments=\"0\" data-commentsbg=\"transparent\" data-location=\"page\" data-mutedfg=\"#006d91\" data-endfg=\"#006d91\" data-rtl=\"\">\n<h4 class=\"wp-block-heading\">Ao todo, foram 16 votos favor\u00e1veis e 11 contr\u00e1rios; agora, nome do indicado do presidente Lula para o tribunal vai a plen\u00e1rio<\/h4>\n<p>Nesta quarta-feira, 29, a Comiss\u00e3o de Constitui\u00e7\u00e3o e Justi\u00e7a (CCJ) do Senado aprovou o nome do advogado-geral da Uni\u00e3o (AGU), Jorge Messias, para ser ministro do\u00a0Supremo Tribunal Federal (STF).<\/p>\n<p>Com placar apertado, Messias recebeu 16 votos a favor e 11 contr\u00e1rios na sabatina que durou mais de 8 horas. Agora, caber\u00e1 ao plen\u00e1rio do Senado ratificar ou n\u00e3o o entendimento da CCJ \u2014 Messias vai precisar de 41 votos.<\/p>\n<p>Para conseguir um ambiente mais favor\u00e1vel, o governo\u00a0<strong><a href=\"https:\/\/revistaoeste.com\/tag\/luiz-Inacio-Lula-da-Silva\">Lula<\/a><\/strong>\u00a0articulou mudan\u00e7as nos blocos parlamentares para aumentar a base na CCJ, al\u00e9m de ter liberado R$ 890 milh\u00f5es em emendas para congressistas da comiss\u00e3o.<\/p>\n<p>Na sabatina, Messias tratou de temas pol\u00eamicos: condena\u00e7\u00e3o dos manifestante do 8 de janeiro; anistia; interfer\u00eancia do STF na pauta da dosimetria; e aborto.<\/p>\n<h4 class=\"wp-block-heading\" id=\"h-quem-e-jorge-messias\"><strong>Quem \u00e9 Jorge Messias<\/strong><\/h4>\n<p>Pernambucano de Recife, Messias tem 46 anos. Ele se formou em Direito pela Universidade Federal de Pernambuco e concluiu mestrado na Universidade de Bras\u00edlia.<\/p>\n<p>Em 2007, ingressou na AGU como procurador da Fazenda Nacional, cargo respons\u00e1vel por cobrar d\u00edvidas fiscais de contribuintes inadimplentes com a Uni\u00e3o.<\/p>\n<p>Ao longo da trajet\u00f3ria no servi\u00e7o p\u00fablico, assumiu postos estrat\u00e9gicos no Executivo.<\/p>\n<p>Atuou como subchefe para Assuntos Jur\u00eddicos da Presid\u00eancia da Rep\u00fablica, secret\u00e1rio de Regula\u00e7\u00e3o e Supervis\u00e3o da Educa\u00e7\u00e3o Superior no Minist\u00e9rio da Educa\u00e7\u00e3o e consultor jur\u00eddico dos minist\u00e9rios da Educa\u00e7\u00e3o e da Ci\u00eancia, Tecnologia e Inova\u00e7\u00e3o.<\/p>\n<p>Tamb\u00e9m exerceu fun\u00e7\u00f5es jur\u00eddicas no Banco Central e no BNDES.<\/p>\n<p>Em 2022, integrou a equipe de transi\u00e7\u00e3o de Lula. No fim daquele ano, o governo o anunciou para comandar a AGU, cargo no qual tomou posse em janeiro de 2023.<\/p>\n<p>\u00c0 frente da AGU, Jorge Messias foi o primeiro a pedir a pris\u00e3o preventiva de envolvidos nos atos do 8 de janeiro de 2023.<\/p>\n<p><strong><a href=\"https:\/\/revistaoeste.com\/politica\/messias-e-aprovado-para-o-stf-na-ccj-do-senado\/\">Cr\u00e9dito Revista Oeste<\/a><\/strong><\/p>\n<\/div>\n<p><br \/>\n<br \/><a href=\"https:\/\/paulofigueiredoshow.com\/com-placar-apertado-na-ccj-do-senado-messias-e-aprovado-para-ser-ministro-do-stf\/\">Source link <\/a><\/p>","protected":false},"excerpt":{"rendered":"<p>Ao todo, foram 16 votos favor\u00e1veis e 11 contr\u00e1rios; agora, nome do indicado do presidente Lula para o tribunal vai a plen\u00e1rio Nesta quarta-feira, 29, a Comiss\u00e3o de Constitui\u00e7\u00e3o e&hellip;<\/p>","protected":false},"author":1,"featured_media":132853,"comment_status":"closed","ping_status":"open","sticky":false,"template":"","format":"standard","meta":{"content-type":"","footnotes":""},"categories":[16],"tags":[],"class_list":["post-132852","post","type-post","status-publish","format-standard","has-post-thumbnail","hentry","category-noticias"],"_links":{"self":[{"href":"https:\/\/tvbrazilusa.com\/pt\/wp-json\/wp\/v2\/posts\/132852","targetHints":{"allow":["GET"]}}],"collection":[{"href":"https:\/\/tvbrazilusa.com\/pt\/wp-json\/wp\/v2\/posts"}],"about":[{"href":"https:\/\/tvbrazilusa.com\/pt\/wp-json\/wp\/v2\/types\/post"}],"author":[{"embeddable":true,"href":"https:\/\/tvbrazilusa.com\/pt\/wp-json\/wp\/v2\/users\/1"}],"replies":[{"embeddable":true,"href":"https:\/\/tvbrazilusa.com\/pt\/wp-json\/wp\/v2\/comments?post=132852"}],"version-history":[{"count":1,"href":"https:\/\/tvbrazilusa.com\/pt\/wp-json\/wp\/v2\/posts\/132852\/revisions"}],"predecessor-version":[{"id":132854,"href":"https:\/\/tvbrazilusa.com\/pt\/wp-json\/wp\/v2\/posts\/132852\/revisions\/132854"}],"wp:featuredmedia":[{"embeddable":true,"href":"https:\/\/tvbrazilusa.com\/pt\/wp-json\/wp\/v2\/media\/132853"}],"wp:attachment":[{"href":"https:\/\/tvbrazilusa.com\/pt\/wp-json\/wp\/v2\/media?parent=132852"}],"wp:term":[{"taxonomy":"category","embeddable":true,"href":"https:\/\/tvbrazilusa.com\/pt\/wp-json\/wp\/v2\/categories?post=132852"},{"taxonomy":"post_tag","embeddable":true,"href":"https:\/\/tvbrazilusa.com\/pt\/wp-json\/wp\/v2\/tags?post=132852"}],"curies":[{"name":"wp","href":"https:\/\/api.w.org\/{rel}","templated":true}]}}