{"id":132855,"date":"2026-04-29T23:04:47","date_gmt":"2026-04-29T23:04:47","guid":{"rendered":"https:\/\/tvbrazilusa.com\/2026\/04\/29\/senado-rejeita-a-indicacao-de-jorge-messias-para-o-stf-paulo-figueiredo\/"},"modified":"2026-04-29T23:08:17","modified_gmt":"2026-04-29T23:08:17","slug":"senado-rejeita-a-indicacao-de-jorge-messias-para-o-stf-paulo-figueiredo","status":"publish","type":"post","link":"https:\/\/tvbrazilusa.com\/pt\/2026\/04\/29\/senado-rejeita-a-indicacao-de-jorge-messias-para-o-stf-paulo-figueiredo\/","title":{"rendered":"Senado rejeita a indica\u00e7\u00e3o de Jorge Messias para o STF &#8211; Paulo Figueiredo"},"content":{"rendered":"<p> <script async src=\"https:\/\/pagead2.googlesyndication.com\/pagead\/js\/adsbygoogle.js?client=ca-pub-8864793242727901\"\r\n     crossorigin=\"anonymous\"><\/script><br \/>\n<\/p>\n<div id=\"wtr-content\" data-bg=\"#FFFFFF\" data-fg=\"#006d91\" data-width=\"25\" data-mute=\"1\" data-fgopacity=\"1.00\" data-mutedopacity=\"0.5\" data-placement=\"bottom\" data-placement-offset=\"0\" data-content-offset=\"262\" data-placement-touch=\"bottom\" data-placement-offset-touch=\"0\" data-transparent=\"\" data-shadow=\"0\" data-touch=\"1\" data-non-touch=\"1\" data-comments=\"0\" data-commentsbg=\"transparent\" data-location=\"page\" data-mutedfg=\"#006d91\" data-endfg=\"#006d91\" data-rtl=\"\">\n<h4 class=\"wp-block-heading\">Pela primeira vez em 130 anos, uma indica\u00e7\u00e3o ao STF foi rejeitada pelo Senado<\/h4>\n<p>O Senado rejeitou a indica\u00e7\u00e3o do advogado-geral da Uni\u00e3o, Jorge Messias, para o Supremo Tribunal Federal, nesta quarta-feira (29), em uma vota\u00e7\u00e3o marcada por tens\u00e3o pol\u00edtica e articula\u00e7\u00e3o intensa do governo. O placar foi de 42 votos a contr\u00e1rios e 34 votos a favor.<\/p>\n<p>O Advogado-Geral da Uni\u00e3o, nome do indicado pelo presidente Luiz In\u00e1cio Lula da Silva (PT), passou por uma sabatina de quase 8 horas na Comiss\u00e3o de Constitui\u00e7\u00e3o e Justi\u00e7a, e recebeu 16 votos favor\u00e1veis \u00e0 sua condu\u00e7\u00e3o \u00e0 cadeira deixada pelo ministro Lu\u00eds Roberto Barroso.<\/p>\n<\/div>\n<p><br \/>\n<br \/><a href=\"https:\/\/paulofigueiredoshow.com\/senado-rejeita-a-indicacao-de-jorge-messias-para-o-stf\/\">Source link <\/a><\/p>","protected":false},"excerpt":{"rendered":"<p>Pela primeira vez em 130 anos, uma indica\u00e7\u00e3o ao STF foi rejeitada pelo Senado O Senado rejeitou a indica\u00e7\u00e3o do advogado-geral da Uni\u00e3o, Jorge Messias, para o Supremo Tribunal Federal,&hellip;<\/p>","protected":false},"author":1,"featured_media":132856,"comment_status":"closed","ping_status":"open","sticky":false,"template":"","format":"standard","meta":{"content-type":"","footnotes":""},"categories":[16],"tags":[],"class_list":["post-132855","post","type-post","status-publish","format-standard","has-post-thumbnail","hentry","category-noticias"],"_links":{"self":[{"href":"https:\/\/tvbrazilusa.com\/pt\/wp-json\/wp\/v2\/posts\/132855","targetHints":{"allow":["GET"]}}],"collection":[{"href":"https:\/\/tvbrazilusa.com\/pt\/wp-json\/wp\/v2\/posts"}],"about":[{"href":"https:\/\/tvbrazilusa.com\/pt\/wp-json\/wp\/v2\/types\/post"}],"author":[{"embeddable":true,"href":"https:\/\/tvbrazilusa.com\/pt\/wp-json\/wp\/v2\/users\/1"}],"replies":[{"embeddable":true,"href":"https:\/\/tvbrazilusa.com\/pt\/wp-json\/wp\/v2\/comments?post=132855"}],"version-history":[{"count":1,"href":"https:\/\/tvbrazilusa.com\/pt\/wp-json\/wp\/v2\/posts\/132855\/revisions"}],"predecessor-version":[{"id":132857,"href":"https:\/\/tvbrazilusa.com\/pt\/wp-json\/wp\/v2\/posts\/132855\/revisions\/132857"}],"wp:featuredmedia":[{"embeddable":true,"href":"https:\/\/tvbrazilusa.com\/pt\/wp-json\/wp\/v2\/media\/132856"}],"wp:attachment":[{"href":"https:\/\/tvbrazilusa.com\/pt\/wp-json\/wp\/v2\/media?parent=132855"}],"wp:term":[{"taxonomy":"category","embeddable":true,"href":"https:\/\/tvbrazilusa.com\/pt\/wp-json\/wp\/v2\/categories?post=132855"},{"taxonomy":"post_tag","embeddable":true,"href":"https:\/\/tvbrazilusa.com\/pt\/wp-json\/wp\/v2\/tags?post=132855"}],"curies":[{"name":"wp","href":"https:\/\/api.w.org\/{rel}","templated":true}]}}