{"id":132858,"date":"2026-04-29T23:13:03","date_gmt":"2026-04-29T23:13:03","guid":{"rendered":"https:\/\/tvbrazilusa.com\/2026\/04\/29\/pgr-defende-manter-daniel-silveira-proibido-de-usar-redes-sociais-paulo-figueiredo\/"},"modified":"2026-04-29T23:14:14","modified_gmt":"2026-04-29T23:14:14","slug":"pgr-defende-manter-daniel-silveira-proibido-de-usar-redes-sociais-paulo-figueiredo","status":"publish","type":"post","link":"https:\/\/tvbrazilusa.com\/pt\/2026\/04\/29\/pgr-defende-manter-daniel-silveira-proibido-de-usar-redes-sociais-paulo-figueiredo\/","title":{"rendered":"PGR defende manter Daniel Silveira proibido de usar redes sociais &#8211; Paulo Figueiredo"},"content":{"rendered":"<p> <script async src=\"https:\/\/pagead2.googlesyndication.com\/pagead\/js\/adsbygoogle.js?client=ca-pub-8864793242727901\"\r\n     crossorigin=\"anonymous\"><\/script><br \/>\n<\/p>\n<div id=\"wtr-content\" data-bg=\"#FFFFFF\" data-fg=\"#006d91\" data-width=\"25\" data-mute=\"1\" data-fgopacity=\"1.00\" data-mutedopacity=\"0.5\" data-placement=\"bottom\" data-placement-offset=\"0\" data-content-offset=\"262\" data-placement-touch=\"bottom\" data-placement-offset-touch=\"0\" data-transparent=\"\" data-shadow=\"0\" data-touch=\"1\" data-non-touch=\"1\" data-comments=\"0\" data-commentsbg=\"transparent\" data-location=\"page\" data-mutedfg=\"#006d91\" data-endfg=\"#006d91\" data-rtl=\"\">\n<h4 class=\"wp-block-heading\">Vice-procurador pediu a rejei\u00e7\u00e3o de recurso apresentado pela defesa<\/h4>\n<p>Nesta quarta-feira, 29, o vice-procurador-geral da Rep\u00fablica (PGR), Hindenburgo Filho, se manifestou contra um\u00a0recurso da defesa de Daniel Silveira que visava devolver ao ex-deputado o direito de usar as redes sociais.<\/p>\n<p>O vice-PGR emitiu parecer, depois de ordem do ministro Alexandre de Moraes, do\u00a0Supremo Tribunal Federal (STF).<\/p>\n<p>\u201cComo destacou a decis\u00e3o agravada, o objetivo da restri\u00e7\u00e3o imposta ao agravante foi o de impedi-lo de propagar discursos contr\u00e1rios \u00e0 ordem constitucional, o que se reconheceu como o instrumento t\u00edpico do qual se valia para fomentar ideias de conflagra\u00e7\u00e3o e desrespeito \u00e0s institui\u00e7\u00f5es do Estado, pelas quais foi condenado\u201d, argumentou Filho. \u201cRegistre-se, por fim, ser do apenado o \u00f4nus de adequar-se \u00e0s limita\u00e7\u00f5es que essa sua peculiar condi\u00e7\u00e3o lhe imp\u00f5e, n\u00e3o o contr\u00e1rio, submeter-se a execu\u00e7\u00e3o penal \u00e0s conveni\u00eancias de seus destinat\u00e1rios, ainda que a pretexto de ressocializa\u00e7\u00e3o.\u201d<\/p>\n<h4 class=\"wp-block-heading\" id=\"h-defesa-de-daniel-silveira-reagiu-a-primeira-decisao-de-moraes\">Defesa de Daniel Silveira reagiu \u00e0 primeira decis\u00e3o de Moraes<\/h4>\n<p>Quando Moraes rejeitou o requerimento da defesa para restabelecer as plataformas digitais a Silveira,\u00a0<strong>Oeste<\/strong>\u00a0recebeu a seguinte nota em primeira m\u00e3o:<\/p>\n<p><em>\u201cEm 23 de abril de 2026, decis\u00e3o proferida pelo ministro Alexandre de Moraes manteve a medida cautelar que restringe o acesso do ex-deputado federal Daniel Silveira \u00e0s plataformas de comunica\u00e7\u00e3o digital.<\/em><\/p>\n<p><em>A defesa t\u00e9cnica, por meio de peti\u00e7\u00e3o devidamente instru\u00edda, demonstrou que a manuten\u00e7\u00e3o da referida medida carece de contemporaneidade f\u00e1tica e jur\u00eddica, requisito indispens\u00e1vel \u00e0 subsist\u00eancia de medidas cautelares no ordenamento constitucional brasileiro.<\/em><\/p>\n<p><em>Sustentou-se, ainda, que a restri\u00e7\u00e3o imposta incide diretamente sobre o n\u00facleo essencial do direito fundamental \u00e0 liberdade de express\u00e3o, conforme protegido pela Constitui\u00e7\u00e3o da Rep\u00fablica e por tratados internacionais de direitos humanos dos quais o Brasil \u00e9 signat\u00e1rio.<\/em><\/p>\n<p><em>A aus\u00eancia de elementos concretos que indiquem risco atual ou reitera\u00e7\u00e3o de conduta compromete a natureza cautelar da medida, configurando desvio de finalidade e potencial viola\u00e7\u00e3o aos princ\u00edpios da proporcionalidade, necessidade e adequa\u00e7\u00e3o.<\/em><\/p>\n<p><em>Nesse cen\u00e1rio, a manuten\u00e7\u00e3o da restri\u00e7\u00e3o assume contornos de san\u00e7\u00e3o antecipada, incompat\u00edvel com o devido processo legal e com o regime constitucional de garantias fundamentais.<\/em><\/p>\n<p><em>A defesa informa que adotar\u00e1 todas as provid\u00eancias jur\u00eddicas cab\u00edveis, inclusive em inst\u00e2ncias superiores e, se necess\u00e1rio, em sistemas internacionais de prote\u00e7\u00e3o aos direitos humanos\u201d.<\/em><\/p>\n<p><strong><a href=\"https:\/\/revistaoeste.com\/politica\/pgr-defende-manter-daniel-silveira-proibido-de-usar-redes-sociais\/\">Cr\u00e9dito Revista Oeste<\/a><\/strong><\/p>\n<\/div>\n<p><br \/>\n<br \/><a href=\"https:\/\/paulofigueiredoshow.com\/pgr-defende-manter-daniel-silveira-proibido-de-usar-redes-sociais\/\">Source link <\/a><\/p>","protected":false},"excerpt":{"rendered":"<p>Vice-procurador pediu a rejei\u00e7\u00e3o de recurso apresentado pela defesa Nesta quarta-feira, 29, o vice-procurador-geral da Rep\u00fablica (PGR), Hindenburgo Filho, se manifestou contra um\u00a0recurso da defesa de Daniel Silveira que visava&hellip;<\/p>","protected":false},"author":1,"featured_media":132859,"comment_status":"closed","ping_status":"open","sticky":false,"template":"","format":"standard","meta":{"content-type":"","footnotes":""},"categories":[16],"tags":[],"class_list":["post-132858","post","type-post","status-publish","format-standard","has-post-thumbnail","hentry","category-noticias"],"_links":{"self":[{"href":"https:\/\/tvbrazilusa.com\/pt\/wp-json\/wp\/v2\/posts\/132858","targetHints":{"allow":["GET"]}}],"collection":[{"href":"https:\/\/tvbrazilusa.com\/pt\/wp-json\/wp\/v2\/posts"}],"about":[{"href":"https:\/\/tvbrazilusa.com\/pt\/wp-json\/wp\/v2\/types\/post"}],"author":[{"embeddable":true,"href":"https:\/\/tvbrazilusa.com\/pt\/wp-json\/wp\/v2\/users\/1"}],"replies":[{"embeddable":true,"href":"https:\/\/tvbrazilusa.com\/pt\/wp-json\/wp\/v2\/comments?post=132858"}],"version-history":[{"count":1,"href":"https:\/\/tvbrazilusa.com\/pt\/wp-json\/wp\/v2\/posts\/132858\/revisions"}],"predecessor-version":[{"id":132860,"href":"https:\/\/tvbrazilusa.com\/pt\/wp-json\/wp\/v2\/posts\/132858\/revisions\/132860"}],"wp:featuredmedia":[{"embeddable":true,"href":"https:\/\/tvbrazilusa.com\/pt\/wp-json\/wp\/v2\/media\/132859"}],"wp:attachment":[{"href":"https:\/\/tvbrazilusa.com\/pt\/wp-json\/wp\/v2\/media?parent=132858"}],"wp:term":[{"taxonomy":"category","embeddable":true,"href":"https:\/\/tvbrazilusa.com\/pt\/wp-json\/wp\/v2\/categories?post=132858"},{"taxonomy":"post_tag","embeddable":true,"href":"https:\/\/tvbrazilusa.com\/pt\/wp-json\/wp\/v2\/tags?post=132858"}],"curies":[{"name":"wp","href":"https:\/\/api.w.org\/{rel}","templated":true}]}}