{"id":132861,"date":"2026-04-29T23:01:35","date_gmt":"2026-04-29T23:01:35","guid":{"rendered":"https:\/\/tvbrazilusa.com\/2026\/04\/29\/pf-agiu-como-policia-de-jaguncos-diz-ramagem-paulo-figueiredo\/"},"modified":"2026-04-29T23:21:04","modified_gmt":"2026-04-29T23:21:04","slug":"pf-agiu-como-policia-de-jaguncos-diz-ramagem-paulo-figueiredo","status":"publish","type":"post","link":"https:\/\/tvbrazilusa.com\/pt\/2026\/04\/29\/pf-agiu-como-policia-de-jaguncos-diz-ramagem-paulo-figueiredo\/","title":{"rendered":"PF agiu como &#8220;pol\u00edcia de jagun\u00e7os&#8221;, diz Ramagem &#8211; Paulo Figueiredo"},"content":{"rendered":"<p> <script async src=\"https:\/\/pagead2.googlesyndication.com\/pagead\/js\/adsbygoogle.js?client=ca-pub-8864793242727901\"\r\n     crossorigin=\"anonymous\"><\/script><br \/>\n<\/p>\n<div id=\"wtr-content\" data-bg=\"#FFFFFF\" data-fg=\"#006d91\" data-width=\"25\" data-mute=\"1\" data-fgopacity=\"1.00\" data-mutedopacity=\"0.5\" data-placement=\"bottom\" data-placement-offset=\"0\" data-content-offset=\"262\" data-placement-touch=\"bottom\" data-placement-offset-touch=\"0\" data-transparent=\"\" data-shadow=\"0\" data-touch=\"1\" data-non-touch=\"1\" data-comments=\"0\" data-commentsbg=\"transparent\" data-location=\"page\" data-mutedfg=\"#006d91\" data-endfg=\"#006d91\" data-rtl=\"\">\n<h4 class=\"wp-block-heading\">Para ex-delegado da Pol\u00edcia Federal, retirada de faixa com a inscri\u00e7\u00e3o \u2018ladr\u00e3o\u2019 configura \u2018censura expl\u00edcita e abuso de autoridade\u2019<\/h4>\n<p>O ex-delegado da\u00a0Pol\u00edcia Federal (PF)\u00a0Alexandre Ramagem criticou a atua\u00e7\u00e3o da corpora\u00e7\u00e3o em um caso envolvendo a exibi\u00e7\u00e3o de uma faixa com a palavra \u201cladr\u00e3o\u201d em um im\u00f3vel em Presidente Prudente (SP), que receberia a visita do presidente Lula da Silva nesta \u00faltima segunda-feira, 27.\u00a0Pr\u00f3ximo<\/p>\n<p>Em v\u00eddeo divulgado nas redes sociais, o tamb\u00e9m ex-deputado federal afirmou que eventual ordem para retirada do material configura censura expl\u00edcita, persegui\u00e7\u00e3o e abuso de autoridade. \u201cUma Pol\u00edcia Federal, antes com tamanha credibilidade, agora \u00e9 uma pol\u00edcia de jagun\u00e7os\u201d.\u00a0<\/p>\n<p><strong>Ramagem: falta de decis\u00e3o judicial fundamentada<\/strong><\/p>\n<p>Atualmente residindo nos Estados Unidos,\u00a0Ramagem disse\u00a0que \u00e9 \u201cjuridicamente descabido\u201d que a Pol\u00edcia Federal atue de forma coercitiva para obrigar um cidad\u00e3o a remover, de dentro do pr\u00f3prio domic\u00edlio, uma manifesta\u00e7\u00e3o desse tipo. Segundo ele, a medida violaria princ\u00edpios constitucionais como a inviolabilidade do lar e a liberdade de express\u00e3o.<\/p>\n<p>Diretor da Ag\u00eancia Brasileira de Intelig\u00eancia (2019\/2022), durante a gest\u00e3o do ex-presidente Jair Bolsonaro (PL), Ramagem argumentou que a exibi\u00e7\u00e3o da faixa, por si s\u00f3, n\u00e3o configura crime, especialmente quando n\u00e3o h\u00e1 viol\u00eancia, desordem ou obstru\u00e7\u00e3o de vias p\u00fablicas. Na avalia\u00e7\u00e3o dele, qualquer restri\u00e7\u00e3o ao conte\u00fado de manifesta\u00e7\u00f5es deveria ocorrer apenas mediante decis\u00e3o judicial fundamentada, e n\u00e3o por iniciativa direta de agentes policiais.<\/p>\n<blockquote class=\"wp-block-quote is-layout-flow wp-block-quote-is-layout-flow\">\n<blockquote class=\"wp-block-quote is-layout-flow wp-block-quote-is-layout-flow\">\n<p>Uma faixa com a palavra \u201cLADR\u00c3O\u201d exp\u00f5e uma pol\u00edcia de jagun\u00e7os, a mando do Lula, praticando censura, persegui\u00e7\u00e3o e autoritarismo.\u00a0pic.twitter.com\/8bmlIIDThk\u2014 Alexandre Ramagem (@delegadoramagem)\u00a0April 28, 2026<\/p>\n<\/blockquote>\n<\/blockquote>\n<p>Ramagem tamb\u00e9m mencionou o presidente Lula da Silva ao sustentar que figuras p\u00fablicas est\u00e3o sujeitas a cr\u00edticas mais amplas no debate democr\u00e1tico. Ele citou o entendimento do\u00a0Supremo Tribunal Federal (STF)\u00a0de que autoridades possuem menor prote\u00e7\u00e3o \u00e0 honra em compara\u00e7\u00e3o a cidad\u00e3os comuns, justamente para garantir a liberdade de cr\u00edtica pol\u00edtica.<\/p>\n<p>O ex-deputado afirmou ainda que, mesmo em casos de eventual ofensa, a legisla\u00e7\u00e3o prev\u00ea mecanismos como a exce\u00e7\u00e3o da verdade em crimes contra a honra. Para ele, manifesta\u00e7\u00f5es cr\u00edticas, ainda que duras ou ir\u00f4nicas, est\u00e3o protegidas constitucionalmente quando n\u00e3o envolvem incita\u00e7\u00e3o \u00e0 viol\u00eancia.<\/p>\n<p>Ramagem defendeu que a exibi\u00e7\u00e3o de faixas com conte\u00fado cr\u00edtico em resid\u00eancias particulares constitui exerc\u00edcio leg\u00edtimo de opini\u00e3o e n\u00e3o pode ser alvo de repress\u00e3o estatal.<\/p>\n<p><a href=\"https:\/\/revistaoeste.com\/politica\/pf-agiu-como-policia-de-jaguncos-diz-ramagem\/\">Cr\u00e9dito Revista Oeste<\/a><\/p>\n<\/div>\n<p><script async src=\"\/\/platform.twitter.com\/widgets.js\" charset=\"utf-8\"><\/script><br \/>\n<br \/><br \/>\n<br \/><a href=\"https:\/\/paulofigueiredoshow.com\/pf-agiu-como-policia-de-jaguncos-diz-ramagem\/\">Source link <\/a><\/p>","protected":false},"excerpt":{"rendered":"<p>Para ex-delegado da Pol\u00edcia Federal, retirada de faixa com a inscri\u00e7\u00e3o \u2018ladr\u00e3o\u2019 configura \u2018censura expl\u00edcita e abuso de autoridade\u2019 O ex-delegado da\u00a0Pol\u00edcia Federal (PF)\u00a0Alexandre Ramagem criticou a atua\u00e7\u00e3o da corpora\u00e7\u00e3o&hellip;<\/p>","protected":false},"author":1,"featured_media":132862,"comment_status":"closed","ping_status":"open","sticky":false,"template":"","format":"standard","meta":{"content-type":"","footnotes":""},"categories":[16],"tags":[],"class_list":["post-132861","post","type-post","status-publish","format-standard","has-post-thumbnail","hentry","category-noticias"],"_links":{"self":[{"href":"https:\/\/tvbrazilusa.com\/pt\/wp-json\/wp\/v2\/posts\/132861","targetHints":{"allow":["GET"]}}],"collection":[{"href":"https:\/\/tvbrazilusa.com\/pt\/wp-json\/wp\/v2\/posts"}],"about":[{"href":"https:\/\/tvbrazilusa.com\/pt\/wp-json\/wp\/v2\/types\/post"}],"author":[{"embeddable":true,"href":"https:\/\/tvbrazilusa.com\/pt\/wp-json\/wp\/v2\/users\/1"}],"replies":[{"embeddable":true,"href":"https:\/\/tvbrazilusa.com\/pt\/wp-json\/wp\/v2\/comments?post=132861"}],"version-history":[{"count":1,"href":"https:\/\/tvbrazilusa.com\/pt\/wp-json\/wp\/v2\/posts\/132861\/revisions"}],"predecessor-version":[{"id":132863,"href":"https:\/\/tvbrazilusa.com\/pt\/wp-json\/wp\/v2\/posts\/132861\/revisions\/132863"}],"wp:featuredmedia":[{"embeddable":true,"href":"https:\/\/tvbrazilusa.com\/pt\/wp-json\/wp\/v2\/media\/132862"}],"wp:attachment":[{"href":"https:\/\/tvbrazilusa.com\/pt\/wp-json\/wp\/v2\/media?parent=132861"}],"wp:term":[{"taxonomy":"category","embeddable":true,"href":"https:\/\/tvbrazilusa.com\/pt\/wp-json\/wp\/v2\/categories?post=132861"},{"taxonomy":"post_tag","embeddable":true,"href":"https:\/\/tvbrazilusa.com\/pt\/wp-json\/wp\/v2\/tags?post=132861"}],"curies":[{"name":"wp","href":"https:\/\/api.w.org\/{rel}","templated":true}]}}