{"id":132880,"date":"2026-04-30T10:43:00","date_gmt":"2026-04-30T10:43:00","guid":{"rendered":"https:\/\/tvbrazilusa.com\/2026\/04\/30\/o-brasil-perde-a-oportunidade-de-ter-um-grande-ministro-do-supremo\/"},"modified":"2026-04-30T11:02:34","modified_gmt":"2026-04-30T11:02:34","slug":"o-brasil-perde-a-oportunidade-de-ter-um-grande-ministro-do-supremo","status":"publish","type":"post","link":"https:\/\/tvbrazilusa.com\/pt\/2026\/04\/30\/o-brasil-perde-a-oportunidade-de-ter-um-grande-ministro-do-supremo\/","title":{"rendered":"O Brasil perde a oportunidade de ter um grande Ministro do Supremo"},"content":{"rendered":"<p> <script async src=\"https:\/\/pagead2.googlesyndication.com\/pagead\/js\/adsbygoogle.js?client=ca-pub-8864793242727901\"\r\n     crossorigin=\"anonymous\"><\/script><br \/>\n<\/p>\n<div id=\"cd-article-content\">\n<p>O ministro do Supremo Tribunal Federal (STF) <strong><a href=\"https:\/\/claudiodantas.com.br\/tag\/andre-mendonca\/\" data-type=\"post_tag\" data-id=\"4316\">Andr\u00e9 Mendon\u00e7a<\/a><\/strong> lamentou na noite de ontem (29), por meio das redes sociais, a rejei\u00e7\u00e3o de <strong><a href=\"https:\/\/claudiodantas.com.br\/tag\/messias\/\" data-type=\"post_tag\" data-id=\"13197\">Jorge Messias<\/a><\/strong> \u00e0 <strong><a href=\"https:\/\/portal.stf.jus.br\/\" target=\"_blank\" rel=\"noopener\">Corte<\/a><\/strong>. Para ele, o \u201cBrasil perde a oportunidade de ter um grande ministro do Supremo\u201d.<\/p>\n<p><a href=\"https:\/\/whatsapp.com\/channel\/0029VaTFkH2HVvTbkE883x1x\" target=\"_blank\" class=\"whatsapp-channel-message\" rel=\"noopener\">\u2705 Siga o canal do Claudio Dantas no WhatsApp<\/a><\/p>\n<p>Mendon\u00e7a chegou ao STF por indica\u00e7\u00e3o do ex-presidente Jair Bolsonaro (PL) e, assim como Messias, \u00e9 evang\u00e9lico. O magistrado chegou a manifestar apoio ao nome do AGU de Lula (PT) para o Supremo.<\/p>\n<p>\u201cMessias \u00e9 um homem de car\u00e1ter, \u00edntegro e que preenche os requisitos constitucionais para ser ministro do STF\u201d, escreveu Mendon\u00e7a no X. \u201cE amigo verdadeiro n\u00e3o est\u00e1 presente nas festas; est\u00e1 presente nos momentos dif\u00edceis\u201d.<\/p>\n<p>\u201cMessias, saia dessa batalha de cabe\u00e7a erguida. Voc\u00ea combateu o bom combate! Deus o aben\u00e7oe! Deus aben\u00e7oe nosso Brasil!\u201d, completou o ministro do Supremo.<\/p>\n<figure class=\"wp-block-embed is-type-rich is-provider-twitter wp-block-embed-twitter\">\n<div class=\"wp-block-embed__wrapper\">\n<blockquote class=\"twitter-tweet\" data-width=\"500\" data-dnt=\"true\">\n<p lang=\"pt\" dir=\"ltr\">Respeito a decis\u00e3o do Senado, mas n\u00e3o posso deixar de externar minha opini\u00e3o. O Brasil perde a oportunidade de ter um grande Ministro do Supremo.<\/p>\n<p>Messias \u00e9 um homem de car\u00e1ter, \u00edntegro e que preenche os requisitos constitucionais para ser Ministro do STF. <\/p>\n<p>E amigo verdadeiro\u2026<\/p>\n<p>\u2014 Andr\u00e9 Mendon\u00e7a (@MinAMendonca) <a href=\"https:\/\/twitter.com\/MinAMendonca\/status\/2049624208691409172?ref_src=twsrc%5Etfw\" target=\"_blank\" rel=\"noopener\">April 29, 2026<\/a><\/p><\/blockquote>\n<\/div>\n<\/figure>\n<p>Ontem (29), o governo Lula sofreu uma derrota hist\u00f3rica e, por 42 votos contr\u00e1rios e 34 favor\u00e1veis, o Senado rejeitou Jorge Messias para a vaga deixada no STF ap\u00f3s a aposentadoria de Lu\u00eds Roberto Barroso.<\/p>\n<p>A rejei\u00e7\u00e3o de um indicado ao Supremo n\u00e3o ocorria h\u00e1 132 anos. A \u00faltima vez em que o Senado havia barrado uma indica\u00e7\u00e3o presidencial ao STF foi em 1894, cinco anos ap\u00f3s a Proclama\u00e7\u00e3o da Rep\u00fablica. Na ocasi\u00e3o, foram rejeitados cinco nomes indicados por Floriano Peixoto.<\/p>\n<div class=\"wp-block-image\">\n<figure class=\"aligncenter size-full\"><figcaption class=\"wp-element-caption\"><strong>Foto: Daniel Est\u00eav\u00e3o\/Ascom AGU<\/strong><\/figcaption><\/figure>\n<\/div>\n<\/div>\n<p><script async src=\"\/\/platform.twitter.com\/widgets.js\" charset=\"utf-8\"><\/script><script type=\"713eb12899b725001450ddaa-text\/javascript\">!function(f,b,e,v,n,t,s){if(f.fbq)return;n=f.fbq=function(){n.callMethod?n.callMethod.apply(n,arguments):n.queue.push(arguments)};if(!f._fbq)f._fbq=n;n.push=n;n.loaded=!0;n.version='2.0';n.queue=[];t=b.createElement(e);t.async=!0;t.src=v;s=b.getElementsByTagName(e)[0];s.parentNode.insertBefore(t,s)}(window,document,'script','https:\/\/connect.facebook.net\/en_US\/fbevents.js');fbq('init','1423865622537930');fbq('track','PageView');<\/script><br \/>\n<br \/><br \/>\n<br \/><a href=\"https:\/\/claudiodantas.com.br\/mendonca-brasil-perde-oportunidade-ministro\/\">Source link <\/a><\/p>","protected":false},"excerpt":{"rendered":"<p>O ministro do Supremo Tribunal Federal (STF) Andr\u00e9 Mendon\u00e7a lamentou na noite de ontem (29), por meio das redes sociais, a rejei\u00e7\u00e3o de Jorge Messias \u00e0 Corte. Para ele, o&hellip;<\/p>","protected":false},"author":1,"featured_media":132881,"comment_status":"closed","ping_status":"open","sticky":false,"template":"","format":"standard","meta":{"content-type":"","footnotes":""},"categories":[16],"tags":[],"class_list":["post-132880","post","type-post","status-publish","format-standard","has-post-thumbnail","hentry","category-noticias"],"_links":{"self":[{"href":"https:\/\/tvbrazilusa.com\/pt\/wp-json\/wp\/v2\/posts\/132880","targetHints":{"allow":["GET"]}}],"collection":[{"href":"https:\/\/tvbrazilusa.com\/pt\/wp-json\/wp\/v2\/posts"}],"about":[{"href":"https:\/\/tvbrazilusa.com\/pt\/wp-json\/wp\/v2\/types\/post"}],"author":[{"embeddable":true,"href":"https:\/\/tvbrazilusa.com\/pt\/wp-json\/wp\/v2\/users\/1"}],"replies":[{"embeddable":true,"href":"https:\/\/tvbrazilusa.com\/pt\/wp-json\/wp\/v2\/comments?post=132880"}],"version-history":[{"count":1,"href":"https:\/\/tvbrazilusa.com\/pt\/wp-json\/wp\/v2\/posts\/132880\/revisions"}],"predecessor-version":[{"id":132882,"href":"https:\/\/tvbrazilusa.com\/pt\/wp-json\/wp\/v2\/posts\/132880\/revisions\/132882"}],"wp:featuredmedia":[{"embeddable":true,"href":"https:\/\/tvbrazilusa.com\/pt\/wp-json\/wp\/v2\/media\/132881"}],"wp:attachment":[{"href":"https:\/\/tvbrazilusa.com\/pt\/wp-json\/wp\/v2\/media?parent=132880"}],"wp:term":[{"taxonomy":"category","embeddable":true,"href":"https:\/\/tvbrazilusa.com\/pt\/wp-json\/wp\/v2\/categories?post=132880"},{"taxonomy":"post_tag","embeddable":true,"href":"https:\/\/tvbrazilusa.com\/pt\/wp-json\/wp\/v2\/tags?post=132880"}],"curies":[{"name":"wp","href":"https:\/\/api.w.org\/{rel}","templated":true}]}}