{"id":132888,"date":"2026-04-30T12:15:00","date_gmt":"2026-04-30T12:15:00","guid":{"rendered":"https:\/\/tvbrazilusa.com\/2026\/04\/30\/a-equacao-da-derrota-claudio-dantas\/"},"modified":"2026-04-30T12:18:37","modified_gmt":"2026-04-30T12:18:37","slug":"a-equacao-da-derrota-claudio-dantas","status":"publish","type":"post","link":"https:\/\/tvbrazilusa.com\/pt\/2026\/04\/30\/a-equacao-da-derrota-claudio-dantas\/","title":{"rendered":"A equa\u00e7\u00e3o da derrota &#8211; Claudio Dantas"},"content":{"rendered":"<p> <script async src=\"https:\/\/pagead2.googlesyndication.com\/pagead\/js\/adsbygoogle.js?client=ca-pub-8864793242727901\"\r\n     crossorigin=\"anonymous\"><\/script><br \/>\n<\/p>\n<div id=\"cd-article-content\">\n<p>No primeiro dia de aula no curso de gradua\u00e7\u00e3o de <strong><a href=\"https:\/\/pt.wikipedia.org\/wiki\/Ci%C3%AAncia_pol%C3%ADtica\" target=\"_blank\" rel=\"noopener\">Ci\u00eancia Pol\u00edtica<\/a><\/strong>, o estudante vai aprender que nenhum evento pol\u00edtico \u00e9 consequ\u00eancia de apenas um fator. Sempre h\u00e1 m\u00faltiplas vari\u00e1veis formando a equa\u00e7\u00e3o daquilo que acontece.<\/p>\n<p><a href=\"https:\/\/whatsapp.com\/channel\/0029VaTFkH2HVvTbkE883x1x\" target=\"_blank\" class=\"whatsapp-channel-message\" rel=\"noopener\">\u2705 Siga o canal do Claudio Dantas no WhatsApp<\/a><\/p>\n<p>No caso de ontem temos: C + M + D + 2F x 3S + 4P = Rejei\u00e7\u00e3o de <strong><a href=\"https:\/\/claudiodantas.com.br\/tag\/messias\/\" data-type=\"post_tag\" data-id=\"13197\">Messias<\/a><\/strong><\/p>\n<p>C \u2013 Condi\u00e7\u00e3o institucional adequada para o <strong><a href=\"https:\/\/claudiodantas.com.br\/tag\/senado\/\" data-type=\"post_tag\" data-id=\"747\">Senado<\/a><\/strong> agir de forma independente oriunda da execu\u00e7\u00e3o obrigat\u00f3ria de emendas a partir de um cronograma aprovado;<\/p>\n<p>M \u2013 Miopia, presun\u00e7\u00e3o e incapacidade de avalia\u00e7\u00e3o da base governista e isolamento pol\u00edtico crescente de Lula;<\/p>\n<p>D \u2013 Desconfian\u00e7a de atores do Congresso em raz\u00e3o de muitos acordos descumpridos por parte do Planalto ao longo do Lula 3;<\/p>\n<p>F \u2013 Falta de desempenho de Jorge Messias \u2013 seu comportamento excessivamente invertebrado na sabatina, muitas men\u00e7\u00f5es a Deus e demonstra\u00e7\u00f5es emotivas criaram a sensa\u00e7\u00e3o, mesmo na base governista, de que o AGU n\u00e3o tinha o tamanho da cadeira de ministro do STF;<\/p>\n<p>S \u2013 Disputa contra o STF \u2013 a sabatina foi usada pelos senadores para criticar integralmente a atua\u00e7\u00e3o recente da C\u00f4rte e o resultado pode ser interpretado como um sinal de pot\u00eancia, isto \u00e9, um mostra por parte dos senadores de que possuem musculatura para aprovar um impeachment de ministro;<\/p>\n<p>P \u2013 Press\u00e3o popular \u2013 senadores relataram que o volume de cobran\u00e7a popular nos seus gabinetes ontem (29) lembrava a mobiliza\u00e7\u00e3o identificada no processo de impeachment em 2016.<\/p>\n<p>Por que n\u00e3o falamos de Alcolumbre? Por que sua atua\u00e7\u00e3o contra o governo \u00e9 sintoma, n\u00e3o causa.<\/p>\n<p>Consequ\u00eancias imediatas: comprometimento da governabilidade, aumento de desconfian\u00e7a sobre a articula\u00e7\u00e3o e a (in)capacidade de o governo aprovar o fim jornada 6\u00d71, questionamentos sobre a (in)capacidade de Lula de conquistar a reelei\u00e7\u00e3o e empreender um novo mandato, oportunidade para atua\u00e7\u00e3o da oposi\u00e7\u00e3o.<\/p>\n<p>Consequ\u00eancias institucionais: colapso da tradi\u00e7\u00e3o de que ministro do STF \u00e9 prerrogativa presidencial exclusiva. A partir de ontem, vai ser necess\u00e1rio mais articula\u00e7\u00e3o pol\u00edtica e jogo combinado. Se o Judici\u00e1rio se transformou e foi transformado em espa\u00e7o partid\u00e1rio, \u00e9 natural que as fac\u00e7\u00f5es pol\u00edticas queiram ocupar esse lugar.<\/p>\n<p>Risco institucional: o cientista pol\u00edtico Paulo Kramer alerta para o risco de um aumento das animosidades entre STF e Senado e uma situa\u00e7\u00e3o de desobedi\u00eancia civil l\u00e1 na frente com um presidente de Congresso (C\u00e2mara ou Senado) se recusando a obedecer a alguma decis\u00e3o do Judici\u00e1rio. A crise de reputa\u00e7\u00e3o dos ministros colabora para esse cen\u00e1rio.<\/p>\n<p>Personagens que deca\u00edram: Lula, Jaques Wagner, Randolfe Rodrigues, Jos\u00e9 Guimar\u00e3es, Jorge Messias e Andr\u00e9 Mendon\u00e7a.<\/p>\n<p>Personagens que lucraram: Rog\u00e9rio Marinho (disparado), Nikolas Ferreira (mobilizou as redes sociais) e Davi Alcolumbre (embora sua batata esteja assando).<\/p>\n<p>P.s. Mais uma nota sobre Davi Alcolumbre: depois de ontem, ele precisa se tornar o cabo eleitoral n\u00famero de Fl\u00e1vio Bolsonaro\u2026 porque n\u00e3o ter\u00e1 vida pol\u00edtica se Lula for reeleito.<\/p>\n<div class=\"wp-block-image\">\n<figure class=\"aligncenter size-full\"><figcaption class=\"wp-element-caption\"><strong>Foto: Lula Marques\/Ag\u00eancia Brasil<\/strong><\/figcaption><\/figure>\n<\/div>\n<\/div>\n<p><script type=\"763e292dd8eafccff9e130a9-text\/javascript\">!function(f,b,e,v,n,t,s){if(f.fbq)return;n=f.fbq=function(){n.callMethod?n.callMethod.apply(n,arguments):n.queue.push(arguments)};if(!f._fbq)f._fbq=n;n.push=n;n.loaded=!0;n.version='2.0';n.queue=[];t=b.createElement(e);t.async=!0;t.src=v;s=b.getElementsByTagName(e)[0];s.parentNode.insertBefore(t,s)}(window,document,'script','https:\/\/connect.facebook.net\/en_US\/fbevents.js');fbq('init','1423865622537930');fbq('track','PageView');<\/script><br \/>\n<br \/><br \/>\n<br \/><a href=\"https:\/\/claudiodantas.com.br\/a-equacao-da-derrota\/\">Source link <\/a><\/p>","protected":false},"excerpt":{"rendered":"<p>No primeiro dia de aula no curso de gradua\u00e7\u00e3o de Ci\u00eancia Pol\u00edtica, o estudante vai aprender que nenhum evento pol\u00edtico \u00e9 consequ\u00eancia de apenas um fator. Sempre h\u00e1 m\u00faltiplas vari\u00e1veis&hellip;<\/p>","protected":false},"author":1,"featured_media":132889,"comment_status":"closed","ping_status":"open","sticky":false,"template":"","format":"standard","meta":{"content-type":"","footnotes":""},"categories":[16],"tags":[],"class_list":["post-132888","post","type-post","status-publish","format-standard","has-post-thumbnail","hentry","category-noticias"],"_links":{"self":[{"href":"https:\/\/tvbrazilusa.com\/pt\/wp-json\/wp\/v2\/posts\/132888","targetHints":{"allow":["GET"]}}],"collection":[{"href":"https:\/\/tvbrazilusa.com\/pt\/wp-json\/wp\/v2\/posts"}],"about":[{"href":"https:\/\/tvbrazilusa.com\/pt\/wp-json\/wp\/v2\/types\/post"}],"author":[{"embeddable":true,"href":"https:\/\/tvbrazilusa.com\/pt\/wp-json\/wp\/v2\/users\/1"}],"replies":[{"embeddable":true,"href":"https:\/\/tvbrazilusa.com\/pt\/wp-json\/wp\/v2\/comments?post=132888"}],"version-history":[{"count":1,"href":"https:\/\/tvbrazilusa.com\/pt\/wp-json\/wp\/v2\/posts\/132888\/revisions"}],"predecessor-version":[{"id":132890,"href":"https:\/\/tvbrazilusa.com\/pt\/wp-json\/wp\/v2\/posts\/132888\/revisions\/132890"}],"wp:featuredmedia":[{"embeddable":true,"href":"https:\/\/tvbrazilusa.com\/pt\/wp-json\/wp\/v2\/media\/132889"}],"wp:attachment":[{"href":"https:\/\/tvbrazilusa.com\/pt\/wp-json\/wp\/v2\/media?parent=132888"}],"wp:term":[{"taxonomy":"category","embeddable":true,"href":"https:\/\/tvbrazilusa.com\/pt\/wp-json\/wp\/v2\/categories?post=132888"},{"taxonomy":"post_tag","embeddable":true,"href":"https:\/\/tvbrazilusa.com\/pt\/wp-json\/wp\/v2\/tags?post=132888"}],"curies":[{"name":"wp","href":"https:\/\/api.w.org\/{rel}","templated":true}]}}