{"id":132894,"date":"2026-04-30T15:00:00","date_gmt":"2026-04-30T15:00:00","guid":{"rendered":"https:\/\/tvbrazilusa.com\/2026\/04\/30\/coordenador-do-prerro-quer-acionar-stf-apos-rejeicao-de-messias\/"},"modified":"2026-04-30T15:05:57","modified_gmt":"2026-04-30T15:05:57","slug":"coordenador-do-prerro-quer-acionar-stf-apos-rejeicao-de-messias","status":"publish","type":"post","link":"https:\/\/tvbrazilusa.com\/pt\/2026\/04\/30\/coordenador-do-prerro-quer-acionar-stf-apos-rejeicao-de-messias\/","title":{"rendered":"Coordenador do Prerr\u00f4 quer acionar STF ap\u00f3s rejei\u00e7\u00e3o de Messias"},"content":{"rendered":"<p> <script async src=\"https:\/\/pagead2.googlesyndication.com\/pagead\/js\/adsbygoogle.js?client=ca-pub-8864793242727901\"\r\n     crossorigin=\"anonymous\"><\/script><br \/>\n<\/p>\n<div id=\"cd-article-content\">\n<p>O coordenador do Prerrogativas, <strong><a href=\"https:\/\/claudiodantas.com.br\/tag\/marco-aurelio-de-carvalho\/\" data-type=\"post_tag\" data-id=\"5171\">Marco Aur\u00e9lio de Carvalho<\/a><\/strong>, afirmou nesta manh\u00e3 (30) que pretende acionar o <strong><a href=\"https:\/\/portal.stf.jus.br\/\" target=\"_blank\" rel=\"noopener\">Supremo Tribunal Federal (STF)<\/a><\/strong> ap\u00f3s o Senado rejeitar a indica\u00e7\u00e3o de <strong><a href=\"https:\/\/claudiodantas.com.br\/tag\/messias\/\" data-type=\"post_tag\" data-id=\"13197\">Jorge Messias<\/a><\/strong> \u00e0 Corte. A declara\u00e7\u00e3o foi feita ao site Metr\u00f3poles.<\/p>\n<p><a href=\"https:\/\/whatsapp.com\/channel\/0029VaTFkH2HVvTbkE883x1x\" target=\"_blank\" class=\"whatsapp-channel-message\" rel=\"noopener\">\u2705 Siga o canal do Claudio Dantas no WhatsApp<\/a><\/p>\n<p>De acordo com o advogado lulista, um grupo de juristas e dirigentes partid\u00e1rios est\u00e1 sendo mobilizado para \u201cavaliar a conduta\u201d do presidente do Senado, Davi Alcolumbre (Uni\u00e3o-AP), durante a tramita\u00e7\u00e3o da indica\u00e7\u00e3o.<\/p>\n<p>Carvalho, que lidera um grupo de juristas cr\u00edticos \u00e0 Lava Jato e \u00e9 pr\u00f3ximo de Messias e de Lula, sustenta que pode ter havido \u201cdesvio de finalidade\u201d de Alcolumbre na condu\u00e7\u00e3o do processo.<\/p>\n<p>\u201cEstamos reunindo um grupo de juristas para avaliar a conduta do Alcolumbre. Ele funciona como uma esp\u00e9cie de juiz. (\u2026) Ele n\u00e3o deu ao sabatinado condi\u00e7\u00f5es para que pudesse enfrentar a sabatina. H\u00e1 um desvio de finalidade dele na condu\u00e7\u00e3o do processo\u201d, afirmou ao site.<\/p>\n<p>De acordo com Marco Aur\u00e9lio, o grupo deve apresentar alternativas a Lula, que decidir\u00e1 se levar\u00e1 o caso ao Supremo. Carvalho tamb\u00e9m defendeu a manuten\u00e7\u00e3o do nome de Messias.<\/p>\n<p>\u201cO Senado tem o direito de rejeitar quem quer que seja. O que n\u00e3o d\u00e1 \u00e9 para reverter pap\u00e9is e tentar capturar a importante prerrogativa do presidente da Rep\u00fablica de indicar ministro do Supremo. Eles j\u00e1 capturaram a execu\u00e7\u00e3o or\u00e7ament\u00e1ria, a indica\u00e7\u00e3o para as ag\u00eancias reguladoras\u2026\u201d, disse.<\/p>\n<p>Segundo o advogado do Prerr\u00f4, o objetivo de eventual a\u00e7\u00e3o no Supremo n\u00e3o seria reverter o resultado da vota\u00e7\u00e3o, mas delimitar as compet\u00eancias entre os Poderes. \u201cNingu\u00e9m pretende obrigar o Senado a indicar quem quer que seja. O Senado tem direito de analisar. Queremos entender quais s\u00e3o os limites de um Poder e de outro\u201d, afirmou Carvalho.<\/p>\n<p>Para o lulista, o papel do Senado deveria se restringir \u00e0 verifica\u00e7\u00e3o dos requisitos constitucionais do indicado: \u201cUma vez preenchidos, a compet\u00eancia \u00e9 vinculada. O Senado tinha obriga\u00e7\u00e3o de confirmar a indica\u00e7\u00e3o\u201d, avaliou Marco Aur\u00e9lio.<\/p>\n<div class=\"wp-block-image\">\n<figure class=\"aligncenter size-large\"><figcaption class=\"wp-element-caption\"><strong>Foto: Divulga\u00e7\u00e3o<\/strong><\/figcaption><\/figure>\n<\/div>\n<\/div>\n<p><script type=\"39c217f8f083613e938cc257-text\/javascript\">!function(f,b,e,v,n,t,s){if(f.fbq)return;n=f.fbq=function(){n.callMethod?n.callMethod.apply(n,arguments):n.queue.push(arguments)};if(!f._fbq)f._fbq=n;n.push=n;n.loaded=!0;n.version='2.0';n.queue=[];t=b.createElement(e);t.async=!0;t.src=v;s=b.getElementsByTagName(e)[0];s.parentNode.insertBefore(t,s)}(window,document,'script','https:\/\/connect.facebook.net\/en_US\/fbevents.js');fbq('init','1423865622537930');fbq('track','PageView');<\/script><br \/>\n<br \/><br \/>\n<br \/><a href=\"https:\/\/claudiodantas.com.br\/coordenador-prerro-stf-rejeicao-messias\/\">Source link <\/a><\/p>","protected":false},"excerpt":{"rendered":"<p>O coordenador do Prerrogativas, Marco Aur\u00e9lio de Carvalho, afirmou nesta manh\u00e3 (30) que pretende acionar o Supremo Tribunal Federal (STF) ap\u00f3s o Senado rejeitar a indica\u00e7\u00e3o de Jorge Messias \u00e0&hellip;<\/p>","protected":false},"author":1,"featured_media":132895,"comment_status":"closed","ping_status":"open","sticky":false,"template":"","format":"standard","meta":{"content-type":"","footnotes":""},"categories":[16],"tags":[],"class_list":["post-132894","post","type-post","status-publish","format-standard","has-post-thumbnail","hentry","category-noticias"],"_links":{"self":[{"href":"https:\/\/tvbrazilusa.com\/pt\/wp-json\/wp\/v2\/posts\/132894","targetHints":{"allow":["GET"]}}],"collection":[{"href":"https:\/\/tvbrazilusa.com\/pt\/wp-json\/wp\/v2\/posts"}],"about":[{"href":"https:\/\/tvbrazilusa.com\/pt\/wp-json\/wp\/v2\/types\/post"}],"author":[{"embeddable":true,"href":"https:\/\/tvbrazilusa.com\/pt\/wp-json\/wp\/v2\/users\/1"}],"replies":[{"embeddable":true,"href":"https:\/\/tvbrazilusa.com\/pt\/wp-json\/wp\/v2\/comments?post=132894"}],"version-history":[{"count":1,"href":"https:\/\/tvbrazilusa.com\/pt\/wp-json\/wp\/v2\/posts\/132894\/revisions"}],"predecessor-version":[{"id":132896,"href":"https:\/\/tvbrazilusa.com\/pt\/wp-json\/wp\/v2\/posts\/132894\/revisions\/132896"}],"wp:featuredmedia":[{"embeddable":true,"href":"https:\/\/tvbrazilusa.com\/pt\/wp-json\/wp\/v2\/media\/132895"}],"wp:attachment":[{"href":"https:\/\/tvbrazilusa.com\/pt\/wp-json\/wp\/v2\/media?parent=132894"}],"wp:term":[{"taxonomy":"category","embeddable":true,"href":"https:\/\/tvbrazilusa.com\/pt\/wp-json\/wp\/v2\/categories?post=132894"},{"taxonomy":"post_tag","embeddable":true,"href":"https:\/\/tvbrazilusa.com\/pt\/wp-json\/wp\/v2\/tags?post=132894"}],"curies":[{"name":"wp","href":"https:\/\/api.w.org\/{rel}","templated":true}]}}