{"id":132897,"date":"2026-04-30T15:35:35","date_gmt":"2026-04-30T15:35:35","guid":{"rendered":"https:\/\/tvbrazilusa.com\/2026\/04\/30\/aliados-de-lula-e-messias-estudam-acionar-stf-apos-derrota-no-senado-paulo-figueiredo\/"},"modified":"2026-04-30T15:37:49","modified_gmt":"2026-04-30T15:37:49","slug":"aliados-de-lula-e-messias-estudam-acionar-stf-apos-derrota-no-senado-paulo-figueiredo","status":"publish","type":"post","link":"https:\/\/tvbrazilusa.com\/pt\/2026\/04\/30\/aliados-de-lula-e-messias-estudam-acionar-stf-apos-derrota-no-senado-paulo-figueiredo\/","title":{"rendered":"Aliados de Lula e Messias estudam acionar STF ap\u00f3s derrota no Senado &#8211; Paulo Figueiredo"},"content":{"rendered":"<p> <script async src=\"https:\/\/pagead2.googlesyndication.com\/pagead\/js\/adsbygoogle.js?client=ca-pub-8864793242727901\"\r\n     crossorigin=\"anonymous\"><\/script><br \/>\n<\/p>\n<div id=\"wtr-content\" data-bg=\"#FFFFFF\" data-fg=\"#006d91\" data-width=\"25\" data-mute=\"1\" data-fgopacity=\"1.00\" data-mutedopacity=\"0.5\" data-placement=\"bottom\" data-placement-offset=\"0\" data-content-offset=\"262\" data-placement-touch=\"bottom\" data-placement-offset-touch=\"0\" data-transparent=\"\" data-shadow=\"0\" data-touch=\"1\" data-non-touch=\"1\" data-comments=\"0\" data-commentsbg=\"transparent\" data-location=\"page\" data-mutedfg=\"#006d91\" data-endfg=\"#006d91\" data-rtl=\"\">\n<h4 class=\"wp-block-heading\">Advogado pr\u00f3ximo a Lula e Messias decidiu reunir grupo de juristas para estudar poss\u00edvel a\u00e7\u00e3o no STF ap\u00f3s Senado rejeitar nome do AGU<\/h4>\n<p>Apesar do discurso do governo e do pr\u00f3prio\u00a0Jorge Messias\u00a0de que\u00a0\u00e9 preciso aceitar a derrota, aliados do ministro da AGU e de\u00a0Lula\u00a0estudam acionar o\u00a0STF\u00a0ap\u00f3s a vota\u00e7\u00e3o do Senado que rejeitou a indica\u00e7\u00e3o do presidente.<\/p>\n<p>A estrat\u00e9gia \u00e9 defendida pelo advogado Marco Aur\u00e9lio de Carvalho, coordenador do Prerrogativas, grupo de juristas antilavajatistas e progressistas. O advogado \u00e9 amigo pessoal tanto de Messias quanto de Lula.<\/p>\n<p>Em conversa com a coluna nesta quinta-feira (30\/4), Carvalho disse estar\u00a0reunindo um grupo de juristas e dirigentes partid\u00e1rios para \u201cavaliar a conduta\u201d do presidente do Senado,\u00a0Davi Alcolumbre\u00a0(Uni\u00e3o-AP), na vota\u00e7\u00e3o.<\/p>\n<p>Na avalia\u00e7\u00e3o de Marco Aur\u00e9lio,\u00a0pode ter havido um \u201cdesvio de finalidade\u201d do atual chefe do Senado\u00a0na condu\u00e7\u00e3o do processo de an\u00e1lise da indica\u00e7\u00e3o do nome de Messias para uma vaga de ministro do Supremo.<\/p>\n<blockquote class=\"wp-block-quote is-layout-flow wp-block-quote-is-layout-flow\">\n<p>\u201cEstamos reunindo um grupo de juristas para avaliar a conduta do Alcolumbre. Ele funciona como uma esp\u00e9cie de juiz. (\u2026) Ele n\u00e3o deu ao sabatinado condi\u00e7\u00f5es que pudesse enfrentar a sabatina. H\u00e1 um desvio de finalidade dele na condu\u00e7\u00e3o do processo\u201d, disse o advogado.<\/p>\n<\/blockquote>\n<h4 class=\"wp-block-heading\">Para advogado, Lula deveria insistir em Messias<\/h4>\n<p>Marco Aur\u00e9lio afirma que esse grupo de juristas vai estudar uma rea\u00e7\u00e3o e levar\u00e1 sugest\u00f5es para Lula decidir se aciona ou n\u00e3o o Supremo contra a vota\u00e7\u00e3o.\u00a0Para o advogado, o presidente deveria insistir na indica\u00e7\u00e3o de Messias.<\/p>\n<blockquote class=\"wp-block-quote is-layout-flow wp-block-quote-is-layout-flow\">\n<p>\u201cO Senado tem o direito de rejeitar quem quer que seja. O que n\u00e3o d\u00e1 \u00e9 para reverter pap\u00e9is e tentar capturar a importante prerrogativa do presidente da Rep\u00fablica de indicar ministro do Supremo. Eles j\u00e1 capturaram a excecu\u00e7\u00e3o or\u00e7ament\u00e1ria, a indica\u00e7\u00e3o para as ag\u00eancias reguladoras\u2026\u201d, afirmou.<\/p>\n<\/blockquote>\n<p>O coordenador do Prerrogativas pondera que a\u00a0ideia ao acionar o STF n\u00e3o seria obrigar o Senado a aceitar as indica\u00e7\u00f5es ao tribunal, mas, sim, entender quais s\u00e3o os limites de cada Poder nesse processo.<\/p>\n<p>\u201cNingu\u00e9m pretende obrigar o Senado a indicar quem quer que seja. O Senado tem direito de analisar. Queremos entender quais s\u00e3o os limites de um Poder e de outro\u201d, afirmou Carvalho.<\/p>\n<p>Para o advogado, a fun\u00e7\u00e3o do Senado nesse processo deveria ser apenas aferir se o indicado pelo presidente da Rep\u00fablica ao STF cumpre os requisitos constitucionais de not\u00e1vel saber jur\u00eddico e conduta ilibada.<\/p>\n<blockquote class=\"wp-block-quote is-layout-flow wp-block-quote-is-layout-flow\">\n<p>\u201cUma vez preenchidos, a compet\u00eancia \u00e9 vinculada. O Senado tinha obriga\u00e7\u00e3o de confirmar a indica\u00e7\u00e3o\u201d, avaliou.<\/p>\n<\/blockquote>\n<h4 class=\"wp-block-heading\">O placar de Messias no Senado<\/h4>\n<p>Messias teve sua indica\u00e7\u00e3o ao STF rejeitada na noite da ter\u00e7a-feira (29\/4) por\u00a0<strong>42 votos a 34<\/strong>. A vota\u00e7\u00e3o foi hist\u00f3rica, pois, desde 1894, durante o governo Floriano Peixoto, o Senado n\u00e3o rejeitava um indicado ao Supremo.<\/p>\n<p>Nos bastidores, integrantes do governo atribuem a derrota a Alcolumbre e at\u00e9 a ministros do STF, que defendiam outros nomes para a Corte. Entre eles, Alexandre de Moraes e Fl\u00e1vio Dino.<\/p>\n<p><strong><a href=\"https:\/\/www.metropoles.com\/colunas\/igor-gadelha\/aliados-de-lula-e-messias-estudam-acionar-stf-apos-derrota-no-senadohttps:\/\/www.metropoles.com\/colunas\/igor-gadelha\/aliados-de-lula-e-messias-estudam-acionar-stf-apos-derrota-no-senado\">Cr\u00e9dito Metr\u00f3poles<\/a><\/strong><\/p>\n<\/div>\n<p><br \/>\n<br \/><a href=\"https:\/\/paulofigueiredoshow.com\/aliados-de-lula-e-messias-estudam-acionar-stf-apos-derrota-no-senado\/\">Source link <\/a><\/p>","protected":false},"excerpt":{"rendered":"<p>Advogado pr\u00f3ximo a Lula e Messias decidiu reunir grupo de juristas para estudar poss\u00edvel a\u00e7\u00e3o no STF ap\u00f3s Senado rejeitar nome do AGU Apesar do discurso do governo e do&hellip;<\/p>","protected":false},"author":1,"featured_media":132898,"comment_status":"closed","ping_status":"open","sticky":false,"template":"","format":"standard","meta":{"content-type":"","footnotes":""},"categories":[16],"tags":[],"class_list":["post-132897","post","type-post","status-publish","format-standard","has-post-thumbnail","hentry","category-noticias"],"_links":{"self":[{"href":"https:\/\/tvbrazilusa.com\/pt\/wp-json\/wp\/v2\/posts\/132897","targetHints":{"allow":["GET"]}}],"collection":[{"href":"https:\/\/tvbrazilusa.com\/pt\/wp-json\/wp\/v2\/posts"}],"about":[{"href":"https:\/\/tvbrazilusa.com\/pt\/wp-json\/wp\/v2\/types\/post"}],"author":[{"embeddable":true,"href":"https:\/\/tvbrazilusa.com\/pt\/wp-json\/wp\/v2\/users\/1"}],"replies":[{"embeddable":true,"href":"https:\/\/tvbrazilusa.com\/pt\/wp-json\/wp\/v2\/comments?post=132897"}],"version-history":[{"count":1,"href":"https:\/\/tvbrazilusa.com\/pt\/wp-json\/wp\/v2\/posts\/132897\/revisions"}],"predecessor-version":[{"id":132899,"href":"https:\/\/tvbrazilusa.com\/pt\/wp-json\/wp\/v2\/posts\/132897\/revisions\/132899"}],"wp:featuredmedia":[{"embeddable":true,"href":"https:\/\/tvbrazilusa.com\/pt\/wp-json\/wp\/v2\/media\/132898"}],"wp:attachment":[{"href":"https:\/\/tvbrazilusa.com\/pt\/wp-json\/wp\/v2\/media?parent=132897"}],"wp:term":[{"taxonomy":"category","embeddable":true,"href":"https:\/\/tvbrazilusa.com\/pt\/wp-json\/wp\/v2\/categories?post=132897"},{"taxonomy":"post_tag","embeddable":true,"href":"https:\/\/tvbrazilusa.com\/pt\/wp-json\/wp\/v2\/tags?post=132897"}],"curies":[{"name":"wp","href":"https:\/\/api.w.org\/{rel}","templated":true}]}}