{"id":132912,"date":"2026-04-30T15:30:00","date_gmt":"2026-04-30T15:30:00","guid":{"rendered":"https:\/\/tvbrazilusa.com\/2026\/04\/30\/brasil-ganha-em-te-lo-onde-estiver\/"},"modified":"2026-04-30T18:46:42","modified_gmt":"2026-04-30T18:46:42","slug":"brasil-ganha-em-te-lo-onde-estiver","status":"publish","type":"post","link":"https:\/\/tvbrazilusa.com\/pt\/2026\/04\/30\/brasil-ganha-em-te-lo-onde-estiver\/","title":{"rendered":"&#8216;Brasil ganha em t\u00ea-lo onde estiver&#8217;"},"content":{"rendered":"<p> <script async src=\"https:\/\/pagead2.googlesyndication.com\/pagead\/js\/adsbygoogle.js?client=ca-pub-8864793242727901\"\r\n     crossorigin=\"anonymous\"><\/script><br \/>\n<\/p>\n<div id=\"cd-article-content\">\n<p>O ministro do Supremo Tribunal Federal (STF) <strong><a href=\"https:\/\/claudiodantas.com.br\/tag\/gilmar-mendes\/\" data-type=\"post_tag\" data-id=\"32\">Gilmar Mendes<\/a><\/strong> afirmou nesta manh\u00e3 (30) que a decis\u00e3o do <strong><a href=\"https:\/\/claudiodantas.com.br\/tag\/senado\/\" data-type=\"post_tag\" data-id=\"747\">Senado<\/a><\/strong> de rejeitar <strong><a href=\"https:\/\/claudiodantas.com.br\/tag\/jorge-messias\/\" data-type=\"post_tag\" data-id=\"1866\">Jorge Messias<\/a><\/strong> para uma vaga na <strong><a href=\"https:\/\/portal.stf.jus.br\/\" target=\"_blank\" rel=\"noopener\">Corte<\/a><\/strong> \u201cdeve ser respeitada\u201d, mas prestou seu \u201creconhecimento\u201d ao advogado-geral da Uni\u00e3o. A declara\u00e7\u00e3o foi feita em post nas redes sociais.<\/p>\n<p><a href=\"https:\/\/whatsapp.com\/channel\/0029VaTFkH2HVvTbkE883x1x\" target=\"_blank\" class=\"whatsapp-channel-message\" rel=\"noopener\">\u2705 Siga o canal do Claudio Dantas no WhatsApp<\/a><\/p>\n<p>De acordo com Gilmar, a Casa exerceu ontem (29), \u201ccom a soberania que lhe \u00e9 pr\u00f3pria, sua prerrogativa constitucional de sabatinar e deliberar sobre nomes indicados ao STF\u201d.<\/p>\n<p>Logo em seguida, no mesmo post, o decano do Supremo disse que Messias \u00e9 \u201cum dos maiores juristas da hist\u00f3ria recente do Brasil, cuja trajet\u00f3ria, marcada por dignidade, retid\u00e3o e dedica\u00e7\u00e3o ao servi\u00e7o p\u00fablico, fala por si\u201d: \u201cSempre afirmei publicamente que ele re\u00fane as credenciais exigidas para a magistratura, e mantenho essa posi\u00e7\u00e3o\u201d.<\/p>\n<p>Gilmar ainda disse que o indicado de Lula (PT) se submeteu \u201ca rigoroso escrut\u00ednio p\u00fablico, em meio a turbul\u00eancias e, por vezes, a graves ataques \u00e0 sua honra\u201d nos \u00faltimos meses, mas \u201cportou-se, em todos os momentos, com coragem, dignidade e humildade\u201d.<\/p>\n<p>\u201cA hist\u00f3ria saber\u00e1 fazer justi\u00e7a \u00e0 sua trajet\u00f3ria, diante do seu compromisso com o Estado Democr\u00e1tico de Direito e dos relevantes servi\u00e7os que j\u00e1 prestou \u00e0s institui\u00e7\u00f5es. O Brasil ganha em t\u00ea-lo onde estiver\u201d, finalizou o magistrado.<\/p>\n<p>A rejei\u00e7\u00e3o de um indicado ao STF n\u00e3o ocorria h\u00e1 132 anos e representou uma derrota hist\u00f3rica para Lula. A \u00faltima vez em que o Senado barrou uma indica\u00e7\u00e3o presidencial ao Supremo foi em 1894, cinco anos ap\u00f3s a Proclama\u00e7\u00e3o da Rep\u00fablica, quando cinco nomes indicados por Floriano Peixoto foram rejeitados.<\/p>\n<div class=\"wp-block-image\">\n<figure class=\"aligncenter size-full\"><figcaption class=\"wp-element-caption\"><strong>Foto: Fellipe Sampaio\/STF<\/strong><\/figcaption><\/figure>\n<\/div>\n<h3 class=\"wp-block-heading\"><strong>LEIA A \u00cdNTEGRA DO POST DE GILMAR:<\/strong><\/h3>\n<p><em>\u201cO Senado Federal exerceu, com a soberania que lhe \u00e9 pr\u00f3pria, sua prerrogativa constitucional de sabatinar e deliberar sobre nomes indicados ao STF \u2014 miss\u00e3o centen\u00e1ria que deve ser pautada pelo interesse p\u00fablico e pelos requisitos do cargo. A decis\u00e3o do Senado deve ser respeitada.<\/em><\/p>\n<p><em>Fa\u00e7o quest\u00e3o, contudo, de prestar meu reconhecimento ao Advogado-Geral da Uni\u00e3o, Jorge Messias. Trata-se de um dos maiores juristas da hist\u00f3ria recente do Brasil, cuja trajet\u00f3ria, marcada por dignidade, retid\u00e3o e dedica\u00e7\u00e3o ao servi\u00e7o p\u00fablico, fala por si. Sempre afirmei publicamente que ele re\u00fane as credenciais exigidas para a magistratura, e mantenho essa posi\u00e7\u00e3o.<\/em><\/p>\n<p><em>Ao longo de cinco meses, o indicado submeteu-se a rigoroso escrut\u00ednio p\u00fablico, em meio a turbul\u00eancias e, por vezes, a graves ataques \u00e0 sua honra. Portou-se, em todos os momentos, com coragem, dignidade e humildade. A hist\u00f3ria saber\u00e1 fazer justi\u00e7a \u00e0 sua trajet\u00f3ria, diante do seu compromisso com o Estado Democr\u00e1tico de Direito e dos relevantes servi\u00e7os que j\u00e1 prestou \u00e0s institui\u00e7\u00f5es. O Brasil ganha em t\u00ea-lo onde estiver\u201d.<\/em><\/p>\n<figure class=\"wp-block-embed is-type-rich is-provider-twitter wp-block-embed-twitter\">\n<div class=\"wp-block-embed__wrapper\">\n<blockquote class=\"twitter-tweet\" data-width=\"500\" data-dnt=\"true\">\n<p lang=\"pt\" dir=\"ltr\">O Senado Federal exerceu, com a soberania que lhe \u00e9 pr\u00f3pria, sua prerrogativa constitucional de sabatinar e deliberar sobre nomes indicados ao STF \u2014 miss\u00e3o centen\u00e1ria que deve ser pautada pelo interesse p\u00fablico e pelos requisitos do cargo. A decis\u00e3o do Senado deve ser respeitada.\u2026<\/p>\n<p>\u2014 Gilmar Mendes (@gilmarmendes) <a href=\"https:\/\/twitter.com\/gilmarmendes\/status\/2049852828559028532?ref_src=twsrc%5Etfw\" target=\"_blank\" rel=\"noopener\">April 30, 2026<\/a><\/p><\/blockquote>\n<\/div>\n<\/figure>\n<\/div>\n<p><script async src=\"\/\/platform.twitter.com\/widgets.js\" charset=\"utf-8\"><\/script><script type=\"58579e02dfe3e91124256213-text\/javascript\">!function(f,b,e,v,n,t,s){if(f.fbq)return;n=f.fbq=function(){n.callMethod?n.callMethod.apply(n,arguments):n.queue.push(arguments)};if(!f._fbq)f._fbq=n;n.push=n;n.loaded=!0;n.version='2.0';n.queue=[];t=b.createElement(e);t.async=!0;t.src=v;s=b.getElementsByTagName(e)[0];s.parentNode.insertBefore(t,s)}(window,document,'script','https:\/\/connect.facebook.net\/en_US\/fbevents.js');fbq('init','1423865622537930');fbq('track','PageView');<\/script><br \/>\n<br \/><br \/>\n<br \/><a href=\"https:\/\/claudiodantas.com.br\/gilmar-messias-brasil-ganha-onde-estiver\/\">Source link <\/a><\/p>","protected":false},"excerpt":{"rendered":"<p>O ministro do Supremo Tribunal Federal (STF) Gilmar Mendes afirmou nesta manh\u00e3 (30) que a decis\u00e3o do Senado de rejeitar Jorge Messias para uma vaga na Corte \u201cdeve ser respeitada\u201d,&hellip;<\/p>","protected":false},"author":1,"featured_media":132913,"comment_status":"closed","ping_status":"open","sticky":false,"template":"","format":"standard","meta":{"content-type":"","footnotes":""},"categories":[16],"tags":[],"class_list":["post-132912","post","type-post","status-publish","format-standard","has-post-thumbnail","hentry","category-noticias"],"_links":{"self":[{"href":"https:\/\/tvbrazilusa.com\/pt\/wp-json\/wp\/v2\/posts\/132912","targetHints":{"allow":["GET"]}}],"collection":[{"href":"https:\/\/tvbrazilusa.com\/pt\/wp-json\/wp\/v2\/posts"}],"about":[{"href":"https:\/\/tvbrazilusa.com\/pt\/wp-json\/wp\/v2\/types\/post"}],"author":[{"embeddable":true,"href":"https:\/\/tvbrazilusa.com\/pt\/wp-json\/wp\/v2\/users\/1"}],"replies":[{"embeddable":true,"href":"https:\/\/tvbrazilusa.com\/pt\/wp-json\/wp\/v2\/comments?post=132912"}],"version-history":[{"count":1,"href":"https:\/\/tvbrazilusa.com\/pt\/wp-json\/wp\/v2\/posts\/132912\/revisions"}],"predecessor-version":[{"id":132914,"href":"https:\/\/tvbrazilusa.com\/pt\/wp-json\/wp\/v2\/posts\/132912\/revisions\/132914"}],"wp:featuredmedia":[{"embeddable":true,"href":"https:\/\/tvbrazilusa.com\/pt\/wp-json\/wp\/v2\/media\/132913"}],"wp:attachment":[{"href":"https:\/\/tvbrazilusa.com\/pt\/wp-json\/wp\/v2\/media?parent=132912"}],"wp:term":[{"taxonomy":"category","embeddable":true,"href":"https:\/\/tvbrazilusa.com\/pt\/wp-json\/wp\/v2\/categories?post=132912"},{"taxonomy":"post_tag","embeddable":true,"href":"https:\/\/tvbrazilusa.com\/pt\/wp-json\/wp\/v2\/tags?post=132912"}],"curies":[{"name":"wp","href":"https:\/\/api.w.org\/{rel}","templated":true}]}}