{"id":132933,"date":"2026-04-30T22:04:57","date_gmt":"2026-04-30T22:04:57","guid":{"rendered":"https:\/\/tvbrazilusa.com\/2026\/04\/30\/katia-abreu-apaga-publicacao-apos-fala-antissemita-contra-alcolumbre\/"},"modified":"2026-04-30T22:05:29","modified_gmt":"2026-04-30T22:05:29","slug":"katia-abreu-apaga-publicacao-apos-fala-antissemita-contra-alcolumbre","status":"publish","type":"post","link":"https:\/\/tvbrazilusa.com\/pt\/2026\/04\/30\/katia-abreu-apaga-publicacao-apos-fala-antissemita-contra-alcolumbre\/","title":{"rendered":"K\u00e1tia Abreu apaga publica\u00e7\u00e3o ap\u00f3s fala antissemita contra Alcolumbre"},"content":{"rendered":"<p> <script async src=\"https:\/\/pagead2.googlesyndication.com\/pagead\/js\/adsbygoogle.js?client=ca-pub-8864793242727901\"\r\n     crossorigin=\"anonymous\"><\/script><br \/>\n<\/p>\n<div id=\"cd-article-content\">\n<p>A ex-ministra da Agricultura <a href=\"https:\/\/pt.wikipedia.org\/wiki\/K%C3%A1tia_Abreu\" target=\"_blank\" rel=\"noopener\">K\u00e1tia Abreu<\/a> protagonizou uma pol\u00eamica nas redes sociais ao comentar a derrota do governo no Senado e fazer uma publica\u00e7\u00e3o com refer\u00eancia religiosa.<\/p>\n<p><a href=\"https:\/\/whatsapp.com\/channel\/0029VaTFkH2HVvTbkE883x1x\" target=\"_blank\" class=\"whatsapp-channel-message\" rel=\"noopener\">\u2705 Siga o canal do Claudio Dantas no WhatsApp<\/a><\/p>\n<p>A manifesta\u00e7\u00e3o ocorreu ap\u00f3s a rejei\u00e7\u00e3o da indica\u00e7\u00e3o de Jorge Messias ao Supremo Tribunal Federal (STF), em vota\u00e7\u00e3o conduzida pelo presidente da Casa, Davi <a href=\"https:\/\/claudiodantas.com.br\/alcolumbre-anula-trecho-do-pl-da-dosimetria\/\">Alcolumbre<\/a>, descendente de judeus marroquinos.<\/p>\n<p>Na noite de quarta-feira (29), Abreu escreveu que \u201ccada \u00e9poca tem seu Judas\u201d e fez men\u00e7\u00e3o ao juda\u00edsmo. A publica\u00e7\u00e3o gerou repercuss\u00e3o nas redes.<\/p>\n<figure class=\"wp-block-embed is-type-wp-embed is-provider-claudio-dantas wp-block-embed-claudio-dantas\"\/>\n<p>\u201cAt\u00e9 um p\u00e9 na bunda te joga pra frente. Nada como um dia ap\u00f3s o outro e uma longa noite no meio. Judas era judeu. Pagou o pre\u00e7o que conhecemos. Cada \u00e9poca tem seu Judas.\u201d<\/p>\n<p>Ap\u00f3s as rea\u00e7\u00f5es, a ex-ministra alterou o conte\u00fado e retirou a refer\u00eancia religiosa.<\/p>\n<p>\u201cAt\u00e9 um p\u00e9 na bunda te joga pra frente. Nada como um dia ap\u00f3s o outro e uma longa noite do meio. Cada \u00e9poca tem seu Judas.\u201d<\/p>\n<figure class=\"wp-block-image size-full\"><\/figure>\n<p>Em seguida, a publica\u00e7\u00e3o foi exclu\u00edda. Abreu afirmou que n\u00e3o teve inten\u00e7\u00e3o de ofender.<\/p>\n<p>\u201cErrei ao me expressar, porque abri espa\u00e7o para interpreta\u00e7\u00f5es muito distintas do que queria dizer. Pe\u00e7o desculpas. N\u00e3o era a minha inten\u00e7\u00e3o. Mas o nosso Messias tamb\u00e9m foi tra\u00eddo, e isso n\u00e3o se duvida.\u201d<\/p>\n<p>A indica\u00e7\u00e3o de Jorge Messias havia sido aprovada na Comiss\u00e3o de Constitui\u00e7\u00e3o e Justi\u00e7a (CCJ), mas foi rejeitada no plen\u00e1rio do Senado por 42 votos a 34.<\/p>\n<p>O epis\u00f3dio ocorreu no mesmo contexto de vota\u00e7\u00f5es recentes no Congresso, incluindo a an\u00e1lise de vetos presidenciais e pautas relacionadas ao <a href=\"https:\/\/claudiodantas.com.br\/congresso-veto-lula-pl-da-dosimetria-2\/\">STF<\/a>.<\/p>\n<\/div>\n<p><script type=\"772f660009ff475ad0925a19-text\/javascript\">!function(f,b,e,v,n,t,s){if(f.fbq)return;n=f.fbq=function(){n.callMethod?n.callMethod.apply(n,arguments):n.queue.push(arguments)};if(!f._fbq)f._fbq=n;n.push=n;n.loaded=!0;n.version='2.0';n.queue=[];t=b.createElement(e);t.async=!0;t.src=v;s=b.getElementsByTagName(e)[0];s.parentNode.insertBefore(t,s)}(window,document,'script','https:\/\/connect.facebook.net\/en_US\/fbevents.js');fbq('init','1423865622537930');fbq('track','PageView');<\/script><br \/>\n<br \/><br \/>\n<br \/><a href=\"https:\/\/claudiodantas.com.br\/katia-abreu-apaga-publicacao-apos-fala-antissemita-contra-alcolumbre\/\">Source link <\/a><\/p>","protected":false},"excerpt":{"rendered":"<p>A ex-ministra da Agricultura K\u00e1tia Abreu protagonizou uma pol\u00eamica nas redes sociais ao comentar a derrota do governo no Senado e fazer uma publica\u00e7\u00e3o com refer\u00eancia religiosa. \u2705 Siga o&hellip;<\/p>","protected":false},"author":1,"featured_media":132934,"comment_status":"closed","ping_status":"open","sticky":false,"template":"","format":"standard","meta":{"content-type":"","footnotes":""},"categories":[16],"tags":[],"class_list":["post-132933","post","type-post","status-publish","format-standard","has-post-thumbnail","hentry","category-noticias"],"_links":{"self":[{"href":"https:\/\/tvbrazilusa.com\/pt\/wp-json\/wp\/v2\/posts\/132933","targetHints":{"allow":["GET"]}}],"collection":[{"href":"https:\/\/tvbrazilusa.com\/pt\/wp-json\/wp\/v2\/posts"}],"about":[{"href":"https:\/\/tvbrazilusa.com\/pt\/wp-json\/wp\/v2\/types\/post"}],"author":[{"embeddable":true,"href":"https:\/\/tvbrazilusa.com\/pt\/wp-json\/wp\/v2\/users\/1"}],"replies":[{"embeddable":true,"href":"https:\/\/tvbrazilusa.com\/pt\/wp-json\/wp\/v2\/comments?post=132933"}],"version-history":[{"count":1,"href":"https:\/\/tvbrazilusa.com\/pt\/wp-json\/wp\/v2\/posts\/132933\/revisions"}],"predecessor-version":[{"id":132935,"href":"https:\/\/tvbrazilusa.com\/pt\/wp-json\/wp\/v2\/posts\/132933\/revisions\/132935"}],"wp:featuredmedia":[{"embeddable":true,"href":"https:\/\/tvbrazilusa.com\/pt\/wp-json\/wp\/v2\/media\/132934"}],"wp:attachment":[{"href":"https:\/\/tvbrazilusa.com\/pt\/wp-json\/wp\/v2\/media?parent=132933"}],"wp:term":[{"taxonomy":"category","embeddable":true,"href":"https:\/\/tvbrazilusa.com\/pt\/wp-json\/wp\/v2\/categories?post=132933"},{"taxonomy":"post_tag","embeddable":true,"href":"https:\/\/tvbrazilusa.com\/pt\/wp-json\/wp\/v2\/tags?post=132933"}],"curies":[{"name":"wp","href":"https:\/\/api.w.org\/{rel}","templated":true}]}}