{"id":132954,"date":"2026-04-30T21:47:31","date_gmt":"2026-04-30T21:47:31","guid":{"rendered":"https:\/\/tvbrazilusa.com\/2026\/04\/30\/condenado-na-lava-jato-dividiu-voo-com-motta-em-viagem-investigada-pela-pf-paulo-figueiredo\/"},"modified":"2026-04-30T22:50:35","modified_gmt":"2026-04-30T22:50:35","slug":"condenado-na-lava-jato-dividiu-voo-com-motta-em-viagem-investigada-pela-pf-paulo-figueiredo","status":"publish","type":"post","link":"https:\/\/tvbrazilusa.com\/pt\/2026\/04\/30\/condenado-na-lava-jato-dividiu-voo-com-motta-em-viagem-investigada-pela-pf-paulo-figueiredo\/","title":{"rendered":"Condenado na Lava Jato dividiu voo com Motta em viagem investigada pela PF &#8211; Paulo Figueiredo"},"content":{"rendered":"<p> <script async src=\"https:\/\/pagead2.googlesyndication.com\/pagead\/js\/adsbygoogle.js?client=ca-pub-8864793242727901\"\r\n     crossorigin=\"anonymous\"><\/script><br \/>\n<\/p>\n<div id=\"wtr-content\" data-bg=\"#FFFFFF\" data-fg=\"#006d91\" data-width=\"25\" data-mute=\"1\" data-fgopacity=\"1.00\" data-mutedopacity=\"0.5\" data-placement=\"bottom\" data-placement-offset=\"0\" data-content-offset=\"262\" data-placement-touch=\"bottom\" data-placement-offset-touch=\"0\" data-transparent=\"\" data-shadow=\"0\" data-touch=\"1\" data-non-touch=\"1\" data-comments=\"0\" data-commentsbg=\"transparent\" data-location=\"page\" data-mutedfg=\"#006d91\" data-endfg=\"#006d91\" data-rtl=\"\">\n<h4 class=\"wp-block-heading\">Empres\u00e1rio Fernando Cavendish, piv\u00f4 da \u201cfarra dos guardanapos\u201d, estava em jato com Hugo Motta e Ciro Nogueira. PF apura conduta de auditor<\/h4>\n<p>Condenado em desdobramentos da Opera\u00e7\u00e3o Lava Jato, o empres\u00e1rio\u00a0Fernando Cavendish\u00a0estava entre os passageiros de um voo executivo que trouxe ao Brasil o presidente da C\u00e2mara,\u00a0Hugo Motta\u00a0(Republicanos-PB), e outros parlamentares ap\u00f3s uma\u00a0viagem \u00e0 ilha de S\u00e3o Martinho, no Caribe.<\/p>\n<p>Motta e Cavendish desembarcaram em um aeroporto executivo de S\u00e3o Paulo em 20 de abril de 2025. A viagem foi feita em um avi\u00e3o particular de Fernando Oliveira Lima, conhecido como\u00a0\u201cFernandin OIG\u201d e apontado como operador de plataformas que oferecem o chamado jogo do tigrinho.<\/p>\n<p>Os procedimentos de desembarque do voo s\u00e3o\u00a0investigados pela Pol\u00edcia Federal, que apura se um auditor da Receita Federal cometeu irregularidades ao permitir a entrada no pa\u00eds de bagagens de um tripulante sem inspe\u00e7\u00e3o (<em>entenda mais abaixo<\/em>).<\/p>\n<p>Segundo a\u00a0PF, tamb\u00e9m estavam a bordo o senador\u00a0Ciro Nogueira\u00a0(PP-PI) e os deputados Dr. Luizinho (PP-RJ) e Isnaldo Bulh\u00f5es (MDB-AL). A lista de passageiros inclui ainda o\u00a0ex-vereador de Teresina Victor Linhares, alvo da Opera\u00e7\u00e3o Carbono Oculto, que apura liga\u00e7\u00f5es entre o crime organizado e o setor de combust\u00edveis.<\/p>\n<h4 class=\"wp-block-heading\">Quem \u00e9 Fernando Cavendish<\/h4>\n<p>Ex-dono da empreiteira Delta Constru\u00e7\u00f5es, Fernando Cavendish foi investigado na Lava Jato por desvios em contratos com o poder p\u00fablico. \u00c0 \u00e9poca, o Minist\u00e9rio P\u00fablico Federal (MPF) apontou que a empresa recebeu cerca de R$ 11 bilh\u00f5es em contratos entre 2007 e 2012,\u00a0dos quais aproximadamente R$ 370 milh\u00f5es teriam sido desviados para pagamento de propina.<\/p>\n<p>Fernando Cavendish foi preso em 2016, durante a Opera\u00e7\u00e3o Saqueador. Em 2018, ele foi condenado pelo ent\u00e3o juiz Marcelo Bretas, respons\u00e1vel pela Lava Jato no Rio, a quatro anos e dois meses de pris\u00e3o por lavagem de dinheiro e associa\u00e7\u00e3o criminosa.\u00a0R\u00e9u confesso, o empres\u00e1rio admitiu ter praticado os crimes e pago propina ao ex-governador do Rio S\u00e9rgio Cabral.<\/p>\n<p>Em 2020, em outro desdobramento da Lava Jato, voltou a ser condenado, desta vez a 11 anos e 8 meses de pris\u00e3o por fraude a licita\u00e7\u00e3o e lavagem de dinheiro relacionadas \u00e0s obras de amplia\u00e7\u00e3o da Marginal Tiet\u00ea, em S\u00e3o Paulo.<\/p>\n<p>Em um depoimento a Bretas, em 2017, o\u00a0empres\u00e1rio afirmou que o ex-governador S\u00e9rgio Cabral cobrou propina para incluir a Delta no cons\u00f3rcio da reforma do Maracan\u00e3. Cavendish disse ainda que os pagamentos n\u00e3o tinham rela\u00e7\u00e3o com campanhas eleitorais.<\/p>\n<p>Os dois tamb\u00e9m figuram em outros epis\u00f3dios investigados \u00e0 \u00e9poca.\u00a0Cavendish afirmou que, em 2009, deu a Adriana Ancelmo, ent\u00e3o esposa de Cabral, um anel avaliado em R$ 800 mil.<\/p>\n<p>Ainda naquele ano, o empres\u00e1rio foi fotografado com aliados do ex-governador em um restaurante de luxo em Paris.\u00a0A imagem mostrava Cavendish, o ex-secret\u00e1rio de Sa\u00fade do Rio S\u00e9rgio C\u00f4rtes e outros investigados confraternizando, com guardanapos amarrados na cabe\u00e7a \u2014 epis\u00f3dio que ficou conhecido como \u201cfarra dos guardanapos\u201d (<em>veja imagem acima<\/em>).<\/p>\n<h4 class=\"wp-block-heading\">Bagagens em investiga\u00e7\u00e3o<\/h4>\n<p>A\u00a0Pol\u00edcia Federal\u00a0apura se o\u00a0auditor cometeu os crimes de prevarica\u00e7\u00e3o e descaminho\u00a0ao permitir a entrada, sem fiscaliza\u00e7\u00e3o adequada, de bagagens do voo que transportava Motta e Ciro.<\/p>\n<p>De acordo com a investiga\u00e7\u00e3o, cinco volumes transportados pelo piloto Jos\u00e9 Jorge de Oliveira J\u00fanior entraram no pa\u00eds sem passar por raio-x. A Pol\u00edcia Federal afirmou, em relat\u00f3rio, que n\u00e3o \u00e9 poss\u00edvel dizer \u201ccategoricamente a quem os volumes pertencem ou seu conte\u00fado\u201d.<\/p>\n<p>A men\u00e7\u00e3o a autoridades com foro privilegiado levou o caso ao Supremo Tribunal Federal (STF) em 13 de abril deste ano. O processo est\u00e1 sob relatoria do ministro\u00a0Alexandre de Moraes, que decidir\u00e1 se a Corte \u00e9 competente para analis\u00e1-lo.<\/p>\n<blockquote class=\"wp-block-quote is-layout-flow wp-block-quote-is-layout-flow\">\n<p>Ao defender o envio ao STF, o delegado Fl\u00e1vio Vieitez Reis afirmou que o avan\u00e7o das apura\u00e7\u00f5es pode indicar o envolvimento de autoridades em \u201ccondutas il\u00edcitas\u201d.<\/p>\n<\/blockquote>\n<p>As imagens analisadas pela PF do circuito de seguran\u00e7a do S\u00e3o Paulo Catarina Aeroporto Executivo Internacional, em S\u00e3o Roque (SP), mostram que o auditor acompanhou a movimenta\u00e7\u00e3o e permitiu a passagem dos volumes \u201csem a devida fiscaliza\u00e7\u00e3o\u201d.<\/p>\n<p>Segundo a investiga\u00e7\u00e3o, por volta das 21h23, teve in\u00edcio a fiscaliza\u00e7\u00e3o das bagagens dos cerca de 20 passageiros.\u00a0Os APACs relataram que o \u201cprocedimento n\u00e3o foi totalmente correto, pois foi permitido que eletr\u00f4nicos e garrafas ficassem nas malas, o que poderia comprometer a an\u00e1lise, mas todas elas passaram pelo raio X, o que seria apenas irregularidade\u201d<\/p>\n<p>Os agentes destacaram, por\u00e9m, a conduta do auditor Canella durante o desembarque do piloto. \u00c0s 21h32, Jos\u00e9 Jorge de Oliveira J\u00fanior passou pelo raio X com duas bagagens.\u00a0Minutos depois, por volta das 21h40, retornou com sete volumes \u2013 dois inspecionados anteriormente e outros cinco novos \u2013 e contornou o p\u00f3rtico de detec\u00e7\u00e3o de metais, sem submeter os itens \u00e0 inspe\u00e7\u00e3o.<\/p>\n<p>Segundo a PF, o piloto empurrava um carrinho com sete volumes:<\/p>\n<ol class=\"wp-block-list\">\n<li>sacola pl\u00e1stica;<\/li>\n<li>uma caixa de papel;<\/li>\n<li>sacola de papel;<\/li>\n<li>edredom;<\/li>\n<li>mala de viagem;<\/li>\n<li>uma caixa; e<\/li>\n<li>uma mochila.<\/li>\n<\/ol>\n<p>Ao\u00a0<strong>Metr\u00f3poles<\/strong>, Fernando Oliveira Lima afirmou ter conversado com Jos\u00e9 Jorge de Oliveira J\u00fanior.\u00a0Segundo ele, o piloto disse que os volumes apontados pela Pol\u00edcia Federal eram \u201citens pessoais\u201d e que o desembarque ocorreu dentro dos procedimentos normais.<\/p>\n<p>Em nota, Hugo Motta afirmou que cumpriu \u201ctodos os protocolos e determina\u00e7\u00f5es estabelecidas na legisla\u00e7\u00e3o aduaneira\u201d ao desembarcar. O presidente da C\u00e2mara disse ainda que \u201caguardar\u00e1 a manifesta\u00e7\u00e3o da Procuradoria-Geral da Rep\u00fablica\u201d.<\/p>\n<p>A reportagem tamb\u00e9m procurou Ciro Nogueira, Marco Ant\u00f4nio Canella, Dr. Luizinho e Isnaldo Bulh\u00f5es. Luizinho afirmou que n\u00e3o vai se manifestar. At\u00e9 a publica\u00e7\u00e3o, os demais n\u00e3o haviam respondido. O piloto Jos\u00e9 Jorge de Oliveira J\u00fanior n\u00e3o foi localizado.<\/p>\n<p><strong><a href=\"https:\/\/www.metropoles.com\/brasil\/condenado-na-lava-jato-dividiu-voo-com-motta-em-viagem-investigada-pela-pf\">Cr\u00e9dito Metr\u00f3poles<\/a><\/strong><\/p>\n<\/div>\n<p><br \/>\n<br \/><a href=\"https:\/\/paulofigueiredoshow.com\/condenado-na-lava-jato-dividiu-voo-com-motta-em-viagem-investigada-pela-pf\/\">Source link <\/a><\/p>","protected":false},"excerpt":{"rendered":"<p>Empres\u00e1rio Fernando Cavendish, piv\u00f4 da \u201cfarra dos guardanapos\u201d, estava em jato com Hugo Motta e Ciro Nogueira. PF apura conduta de auditor Condenado em desdobramentos da Opera\u00e7\u00e3o Lava Jato, o&hellip;<\/p>","protected":false},"author":1,"featured_media":132955,"comment_status":"closed","ping_status":"open","sticky":false,"template":"","format":"standard","meta":{"content-type":"","footnotes":""},"categories":[16],"tags":[],"class_list":["post-132954","post","type-post","status-publish","format-standard","has-post-thumbnail","hentry","category-noticias"],"_links":{"self":[{"href":"https:\/\/tvbrazilusa.com\/pt\/wp-json\/wp\/v2\/posts\/132954","targetHints":{"allow":["GET"]}}],"collection":[{"href":"https:\/\/tvbrazilusa.com\/pt\/wp-json\/wp\/v2\/posts"}],"about":[{"href":"https:\/\/tvbrazilusa.com\/pt\/wp-json\/wp\/v2\/types\/post"}],"author":[{"embeddable":true,"href":"https:\/\/tvbrazilusa.com\/pt\/wp-json\/wp\/v2\/users\/1"}],"replies":[{"embeddable":true,"href":"https:\/\/tvbrazilusa.com\/pt\/wp-json\/wp\/v2\/comments?post=132954"}],"version-history":[{"count":1,"href":"https:\/\/tvbrazilusa.com\/pt\/wp-json\/wp\/v2\/posts\/132954\/revisions"}],"predecessor-version":[{"id":132956,"href":"https:\/\/tvbrazilusa.com\/pt\/wp-json\/wp\/v2\/posts\/132954\/revisions\/132956"}],"wp:featuredmedia":[{"embeddable":true,"href":"https:\/\/tvbrazilusa.com\/pt\/wp-json\/wp\/v2\/media\/132955"}],"wp:attachment":[{"href":"https:\/\/tvbrazilusa.com\/pt\/wp-json\/wp\/v2\/media?parent=132954"}],"wp:term":[{"taxonomy":"category","embeddable":true,"href":"https:\/\/tvbrazilusa.com\/pt\/wp-json\/wp\/v2\/categories?post=132954"},{"taxonomy":"post_tag","embeddable":true,"href":"https:\/\/tvbrazilusa.com\/pt\/wp-json\/wp\/v2\/tags?post=132954"}],"curies":[{"name":"wp","href":"https:\/\/api.w.org\/{rel}","templated":true}]}}