{"id":132959,"date":"2026-05-01T12:20:00","date_gmt":"2026-05-01T12:20:00","guid":{"rendered":"https:\/\/tvbrazilusa.com\/2026\/05\/01\/acordo-ue-mercosul-entra-em-vigor-apos-26-anos-de-negociacao\/"},"modified":"2026-05-01T12:36:49","modified_gmt":"2026-05-01T12:36:49","slug":"acordo-ue-mercosul-entra-em-vigor-apos-26-anos-de-negociacao","status":"publish","type":"post","link":"https:\/\/tvbrazilusa.com\/pt\/2026\/05\/01\/acordo-ue-mercosul-entra-em-vigor-apos-26-anos-de-negociacao\/","title":{"rendered":"Acordo UE-Mercosul entra em vigor ap\u00f3s 26 anos de negocia\u00e7\u00e3o"},"content":{"rendered":"<p> <script async src=\"https:\/\/pagead2.googlesyndication.com\/pagead\/js\/adsbygoogle.js?client=ca-pub-8864793242727901\"\r\n     crossorigin=\"anonymous\"><\/script><br \/>\n<\/p>\n<div id=\"cd-article-content\">\n<p>O <strong><a href=\"https:\/\/claudiodantas.com.br\/tag\/acordo-comercial\/\" data-type=\"post_tag\" data-id=\"8077\">acordo comercial<\/a><\/strong> entre <strong><a href=\"https:\/\/claudiodantas.com.br\/tag\/uniao-europeia\/\" data-type=\"post_tag\" data-id=\"862\">Uni\u00e3o Europeia (UE)<\/a><\/strong> e <strong><a href=\"https:\/\/claudiodantas.com.br\/tag\/mercosul\/\" data-type=\"post_tag\" data-id=\"921\">Mercosul<\/a><\/strong> passa a valer hoje (1\u00ba) ap\u00f3s 26 anos de negocia\u00e7\u00f5es. A medida cria uma das maiores \u00e1reas de livre com\u00e9rcio do mundo e reduz tarifas sobre produtos brasileiros exportados \u00e0 <strong><a href=\"https:\/\/pt.wikipedia.org\/wiki\/Europa\" target=\"_blank\" rel=\"noopener\">Europa<\/a><\/strong>. <\/p>\n<p><a href=\"https:\/\/whatsapp.com\/channel\/0029VaTFkH2HVvTbkE883x1x\" target=\"_blank\" class=\"whatsapp-channel-message\" rel=\"noopener\">\u2705 Siga o canal do Claudio Dantas no WhatsApp<\/a><\/p>\n<p>O decreto de promulga\u00e7\u00e3o do acordo foi assinado na \u00faltima ter\u00e7a-feira (28) pelo governo brasileiro.<\/p>\n<p>A nova fase \u00e9 considerada um marco na rela\u00e7\u00e3o entre os dois blocos e deve impactar diretamente a competitividade das empresas brasileiras no mercado internacional. A assinatura dos termos ocorreu no fim de janeiro, em Assun\u00e7\u00e3o, no Paraguai, por representantes das duas partes.<\/p>\n<p>A implementa\u00e7\u00e3o come\u00e7a de forma provis\u00f3ria por decis\u00e3o da Comiss\u00e3o Europeia. Em janeiro, o Parlamento Europeu enviou o texto ao Tribunal de Justi\u00e7a da Uni\u00e3o Europeia, que ainda analisar\u00e1 a compatibilidade jur\u00eddica do acordo com as regras do bloco. A an\u00e1lise pode levar at\u00e9 2 anos.<\/p>\n<div class=\"wp-block-image\">\n<figure class=\"aligncenter size-large\"><figcaption class=\"wp-element-caption\"><strong>Foto: Reprodu\u00e7\u00e3o<\/strong><\/figcaption><\/figure>\n<\/div>\n<p>No in\u00edcio da vig\u00eancia, mais de 80% das exporta\u00e7\u00f5es brasileiras para a Europa ter\u00e3o tarifa de importa\u00e7\u00e3o zerada, segundo estimativas da Confedera\u00e7\u00e3o Nacional da Ind\u00fastria (CNI). Isso significa entrada sem imposto para grande parte dos produtos enviados ao continente.<\/p>\n<p>Com a redu\u00e7\u00e3o tarif\u00e1ria, o pre\u00e7o final dos produtos tende a cair, ampliando a competitividade do Brasil frente a outros fornecedores internacionais. Mais de 5 mil itens j\u00e1 entram nessa etapa inicial com tarifa zero, incluindo produtos industriais, alimentos e mat\u00e9rias-primas.<\/p>\n<p>Do total de quase 3 mil produtos com isen\u00e7\u00e3o imediata, cerca de 93% s\u00e3o bens industriais. O setor industrial aparece como principal beneficiado no curto prazo, com destaque para m\u00e1quinas e equipamentos, alimentos, metalurgia, materiais el\u00e9tricos e qu\u00edmicos.<\/p>\n<p>No segmento de m\u00e1quinas e equipamentos, praticamente toda a pauta exportadora brasileira passa a entrar na Europa sem tarifas, incluindo compressores, bombas industriais e pe\u00e7as mec\u00e2nicas.<\/p>\n<p>O acordo conecta mercados que somam mais de 700 milh\u00f5es de consumidores e um Produto Interno Bruto (PIB) conjunto trilion\u00e1rio, ampliando de forma relevante o alcance comercial brasileiro.<\/p>\n<p>Hoje, os pa\u00edses com os quais o Brasil mant\u00e9m acordos representam cerca de 9% das importa\u00e7\u00f5es globais. Com a entrada da Uni\u00e3o Europeia, essa participa\u00e7\u00e3o pode ultrapassar 37%.<\/p>\n<p>Al\u00e9m da redu\u00e7\u00e3o de tarifas, o tratado estabelece regras comuns para com\u00e9rcio, padr\u00f5es t\u00e9cnicos e compras governamentais, aumentando a previsibilidade para empresas que atuam no com\u00e9rcio exterior.<\/p>\n<p>A liberaliza\u00e7\u00e3o n\u00e3o ser\u00e1 imediata em todos os setores. Produtos considerados sens\u00edveis ter\u00e3o redu\u00e7\u00e3o gradual de tarifas: at\u00e9 10 anos na Uni\u00e3o Europeia, at\u00e9 15 anos no Mercosul e at\u00e9 30 anos em casos espec\u00edficos.<\/p>\n<p>O cronograma foi desenhado para permitir adapta\u00e7\u00e3o das economias e reduzir o impacto sobre setores mais expostos \u00e0 concorr\u00eancia externa.<\/p>\n<p>Com a entrada em vigor, come\u00e7a a fase de implementa\u00e7\u00e3o pr\u00e1tica do acordo. Ainda ser\u00e3o definidos detalhes operacionais, como a distribui\u00e7\u00e3o de cotas de exporta\u00e7\u00e3o entre os pa\u00edses do Mercosul.<\/p>\n<p>Entidades empresariais dos dois blocos passam a acompanhar a execu\u00e7\u00e3o do tratado para orientar empresas e ampliar o aproveitamento das novas condi\u00e7\u00f5es comerciais.<\/p>\n<\/div>\n<p><script type=\"1c45985ecaf26458a0a57bb5-text\/javascript\">!function(f,b,e,v,n,t,s){if(f.fbq)return;n=f.fbq=function(){n.callMethod?n.callMethod.apply(n,arguments):n.queue.push(arguments)};if(!f._fbq)f._fbq=n;n.push=n;n.loaded=!0;n.version='2.0';n.queue=[];t=b.createElement(e);t.async=!0;t.src=v;s=b.getElementsByTagName(e)[0];s.parentNode.insertBefore(t,s)}(window,document,'script','https:\/\/connect.facebook.net\/en_US\/fbevents.js');fbq('init','1423865622537930');fbq('track','PageView');<\/script><br \/>\n<br \/><br \/>\n<br \/><a href=\"https:\/\/claudiodantas.com.br\/acordo-ue-mercosul-entra-em-vigor\/\">Source link <\/a><\/p>","protected":false},"excerpt":{"rendered":"<p>O acordo comercial entre Uni\u00e3o Europeia (UE) e Mercosul passa a valer hoje (1\u00ba) ap\u00f3s 26 anos de negocia\u00e7\u00f5es. A medida cria uma das maiores \u00e1reas de livre com\u00e9rcio do&hellip;<\/p>","protected":false},"author":1,"featured_media":132960,"comment_status":"closed","ping_status":"open","sticky":false,"template":"","format":"standard","meta":{"content-type":"","footnotes":""},"categories":[16],"tags":[],"class_list":["post-132959","post","type-post","status-publish","format-standard","has-post-thumbnail","hentry","category-noticias"],"_links":{"self":[{"href":"https:\/\/tvbrazilusa.com\/pt\/wp-json\/wp\/v2\/posts\/132959","targetHints":{"allow":["GET"]}}],"collection":[{"href":"https:\/\/tvbrazilusa.com\/pt\/wp-json\/wp\/v2\/posts"}],"about":[{"href":"https:\/\/tvbrazilusa.com\/pt\/wp-json\/wp\/v2\/types\/post"}],"author":[{"embeddable":true,"href":"https:\/\/tvbrazilusa.com\/pt\/wp-json\/wp\/v2\/users\/1"}],"replies":[{"embeddable":true,"href":"https:\/\/tvbrazilusa.com\/pt\/wp-json\/wp\/v2\/comments?post=132959"}],"version-history":[{"count":1,"href":"https:\/\/tvbrazilusa.com\/pt\/wp-json\/wp\/v2\/posts\/132959\/revisions"}],"predecessor-version":[{"id":132961,"href":"https:\/\/tvbrazilusa.com\/pt\/wp-json\/wp\/v2\/posts\/132959\/revisions\/132961"}],"wp:featuredmedia":[{"embeddable":true,"href":"https:\/\/tvbrazilusa.com\/pt\/wp-json\/wp\/v2\/media\/132960"}],"wp:attachment":[{"href":"https:\/\/tvbrazilusa.com\/pt\/wp-json\/wp\/v2\/media?parent=132959"}],"wp:term":[{"taxonomy":"category","embeddable":true,"href":"https:\/\/tvbrazilusa.com\/pt\/wp-json\/wp\/v2\/categories?post=132959"},{"taxonomy":"post_tag","embeddable":true,"href":"https:\/\/tvbrazilusa.com\/pt\/wp-json\/wp\/v2\/tags?post=132959"}],"curies":[{"name":"wp","href":"https:\/\/api.w.org\/{rel}","templated":true}]}}