{"id":132965,"date":"2026-05-01T13:28:00","date_gmt":"2026-05-01T13:28:00","guid":{"rendered":"https:\/\/tvbrazilusa.com\/2026\/05\/01\/messias-diz-a-lula-que-vai-deixar-agu\/"},"modified":"2026-05-01T13:39:52","modified_gmt":"2026-05-01T13:39:52","slug":"messias-diz-a-lula-que-vai-deixar-agu","status":"publish","type":"post","link":"https:\/\/tvbrazilusa.com\/pt\/2026\/05\/01\/messias-diz-a-lula-que-vai-deixar-agu\/","title":{"rendered":"Messias diz a Lula que vai deixar AGU"},"content":{"rendered":"<p> <script async src=\"https:\/\/pagead2.googlesyndication.com\/pagead\/js\/adsbygoogle.js?client=ca-pub-8864793242727901\"\r\n     crossorigin=\"anonymous\"><\/script><br \/>\n<\/p>\n<div id=\"cd-article-content\">\n<p>O ministro <strong><a href=\"https:\/\/claudiodantas.com.br\/tag\/messias\/\" data-type=\"post_tag\" data-id=\"13197\">Jorge Messias <\/a><\/strong>comunicou a <strong><a href=\"https:\/\/claudiodantas.com.br\/tag\/lula\/\" data-type=\"post_tag\" data-id=\"4445\">Lula (PT)<\/a><\/strong> que deixar\u00e1 o comando da <a href=\"https:\/\/www.gov.br\/agu\/pt-br\" target=\"_blank\" rel=\"noopener\">Advocacia-Geral da Uni\u00e3o (AGU)<\/a> ap\u00f3s a rejei\u00e7\u00e3o hist\u00f3rica de sua indica\u00e7\u00e3o ao <strong><a href=\"https:\/\/claudiodantas.com.br\/tag\/stf\/\" data-type=\"post_tag\" data-id=\"8700\">Supremo Tribunal Federal (STF)<\/a><\/strong> pelo Senado. A informa\u00e7\u00e3o \u00e9 do jornal O Globo.<\/p>\n<p><a href=\"https:\/\/whatsapp.com\/channel\/0029VaTFkH2HVvTbkE883x1x\" target=\"_blank\" class=\"whatsapp-channel-message\" rel=\"noopener\">\u2705 Siga o canal do Claudio Dantas no WhatsApp<\/a><\/p>\n<p>A decis\u00e3o teria sido discutida em conversa com o presidente no Pal\u00e1cio da Alvorada, realizada poucas horas depois da derrota no plen\u00e1rio da Casa Alta.<\/p>\n<p>Segundo fontes ouvidas pelo jornal e que acompanharam a reuni\u00e3o, Messias afirmou a Lula que \u201cn\u00e3o ter\u00e1 condi\u00e7\u00f5es de lidar diretamente com integrantes do Congresso e do Supremo que trabalharam ativamente contra sua nomea\u00e7\u00e3o\u201d.<\/p>\n<p>Ainda conforme esses relatos, Messias quis dizer ao petista que \u201cn\u00e3o quer ver mais essas pessoas nem se estiverem pintadas de ouro\u201d.<\/p>\n<p>Lula teria pedido que o advogado-geral da Uni\u00e3o \u201cpensasse melhor sobre a ideia de deixar a AGU durante o feriado e o fim de semana\u201d. Apesar disso, aliados pr\u00f3ximos de Messias afirmam, segundo o jornal, que \u201co ministro segue resoluto\u201d.<\/p>\n<p>A rejei\u00e7\u00e3o de um indicado ao STF n\u00e3o ocorria h\u00e1 132 anos e representou uma derrota hist\u00f3rica para Lula. A \u00faltima vez em que o Senado havia barrado uma indica\u00e7\u00e3o presidencial ao Supremo foi em 1894, cinco anos ap\u00f3s a Proclama\u00e7\u00e3o da Rep\u00fablica, quando cinco nomes indicados por Floriano Peixoto foram rejeitados.<\/p>\n<figure class=\"wp-block-embed aligncenter is-type-wp-embed is-provider-claudio-dantas wp-block-embed-claudio-dantas\"\/>\n<div class=\"wp-block-image\">\n<figure class=\"aligncenter size-full\"><figcaption class=\"wp-element-caption\"><strong>Foto: Lula Marques\/Ag\u00eancia Brasil<\/strong><\/figcaption><\/figure>\n<\/div>\n<\/div>\n<p><script type=\"c18058e3560d25812877960d-text\/javascript\">!function(f,b,e,v,n,t,s){if(f.fbq)return;n=f.fbq=function(){n.callMethod?n.callMethod.apply(n,arguments):n.queue.push(arguments)};if(!f._fbq)f._fbq=n;n.push=n;n.loaded=!0;n.version='2.0';n.queue=[];t=b.createElement(e);t.async=!0;t.src=v;s=b.getElementsByTagName(e)[0];s.parentNode.insertBefore(t,s)}(window,document,'script','https:\/\/connect.facebook.net\/en_US\/fbevents.js');fbq('init','1423865622537930');fbq('track','PageView');<\/script><br \/>\n<br \/><br \/>\n<br \/><a href=\"https:\/\/claudiodantas.com.br\/messias-diz-a-lula-que-vai-deixar-agu\/\">Source link <\/a><\/p>","protected":false},"excerpt":{"rendered":"<p>O ministro Jorge Messias comunicou a Lula (PT) que deixar\u00e1 o comando da Advocacia-Geral da Uni\u00e3o (AGU) ap\u00f3s a rejei\u00e7\u00e3o hist\u00f3rica de sua indica\u00e7\u00e3o ao Supremo Tribunal Federal (STF) pelo&hellip;<\/p>","protected":false},"author":1,"featured_media":132966,"comment_status":"closed","ping_status":"open","sticky":false,"template":"","format":"standard","meta":{"content-type":"","footnotes":""},"categories":[16],"tags":[],"class_list":["post-132965","post","type-post","status-publish","format-standard","has-post-thumbnail","hentry","category-noticias"],"_links":{"self":[{"href":"https:\/\/tvbrazilusa.com\/pt\/wp-json\/wp\/v2\/posts\/132965","targetHints":{"allow":["GET"]}}],"collection":[{"href":"https:\/\/tvbrazilusa.com\/pt\/wp-json\/wp\/v2\/posts"}],"about":[{"href":"https:\/\/tvbrazilusa.com\/pt\/wp-json\/wp\/v2\/types\/post"}],"author":[{"embeddable":true,"href":"https:\/\/tvbrazilusa.com\/pt\/wp-json\/wp\/v2\/users\/1"}],"replies":[{"embeddable":true,"href":"https:\/\/tvbrazilusa.com\/pt\/wp-json\/wp\/v2\/comments?post=132965"}],"version-history":[{"count":1,"href":"https:\/\/tvbrazilusa.com\/pt\/wp-json\/wp\/v2\/posts\/132965\/revisions"}],"predecessor-version":[{"id":132967,"href":"https:\/\/tvbrazilusa.com\/pt\/wp-json\/wp\/v2\/posts\/132965\/revisions\/132967"}],"wp:featuredmedia":[{"embeddable":true,"href":"https:\/\/tvbrazilusa.com\/pt\/wp-json\/wp\/v2\/media\/132966"}],"wp:attachment":[{"href":"https:\/\/tvbrazilusa.com\/pt\/wp-json\/wp\/v2\/media?parent=132965"}],"wp:term":[{"taxonomy":"category","embeddable":true,"href":"https:\/\/tvbrazilusa.com\/pt\/wp-json\/wp\/v2\/categories?post=132965"},{"taxonomy":"post_tag","embeddable":true,"href":"https:\/\/tvbrazilusa.com\/pt\/wp-json\/wp\/v2\/tags?post=132965"}],"curies":[{"name":"wp","href":"https:\/\/api.w.org\/{rel}","templated":true}]}}