{"id":132974,"date":"2026-05-01T16:23:00","date_gmt":"2026-05-01T16:23:00","guid":{"rendered":"https:\/\/tvbrazilusa.com\/2026\/05\/01\/marcos-pereira-critica-impeachment-de-ministros-do-stf-como-pauta-eleitoral\/"},"modified":"2026-05-01T16:38:01","modified_gmt":"2026-05-01T16:38:01","slug":"marcos-pereira-critica-impeachment-de-ministros-do-stf-como-pauta-eleitoral","status":"publish","type":"post","link":"https:\/\/tvbrazilusa.com\/pt\/2026\/05\/01\/marcos-pereira-critica-impeachment-de-ministros-do-stf-como-pauta-eleitoral\/","title":{"rendered":"Marcos Pereira critica impeachment de ministros do STF como pauta eleitoral"},"content":{"rendered":"<p> <script async src=\"https:\/\/pagead2.googlesyndication.com\/pagead\/js\/adsbygoogle.js?client=ca-pub-8864793242727901\"\r\n     crossorigin=\"anonymous\"><\/script><br \/>\n<\/p>\n<div id=\"cd-article-content\">\n<p>O presidente nacional do <strong><a href=\"https:\/\/claudiodantas.com.br\/tag\/republicanos\/\" data-type=\"post_tag\" data-id=\"452\">Republicanos<\/a><\/strong> e deputado federal, <strong><a href=\"https:\/\/claudiodantas.com.br\/tag\/marcos-pereira\/\" data-type=\"post_tag\" data-id=\"1242\">Marcos Pereira (SP)<\/a><\/strong>, criticou o uso do <strong><a href=\"https:\/\/portal.stf.jus.br\/\" target=\"_blank\" rel=\"noopener\">Supremo Tribunal Federal (STF)<\/a><\/strong> como <strong><a href=\"https:\/\/claudiodantas.com.br\/tag\/eleitoral\/\" data-type=\"post_tag\" data-id=\"6502\">pauta eleitoral<\/a><\/strong>. A declara\u00e7\u00e3o foi dada em entrevista publicada nesta manh\u00e3 (1\u00ba) pela revista Veja.<\/p>\n<p><a href=\"https:\/\/whatsapp.com\/channel\/0029VaTFkH2HVvTbkE883x1x\" target=\"_blank\" class=\"whatsapp-channel-message\" rel=\"noopener\">\u2705 Siga o canal do Claudio Dantas no WhatsApp<\/a><\/p>\n<p>Ao comentar propostas de candidatos que defendem o afastamento de ministros da Corte, o parlamentar afirmou que o tema n\u00e3o deveria orientar campanhas. \u201c\u00c9 lament\u00e1vel que se v\u00e1 para a campanha pontificando quem \u00e9 a favor ou quem \u00e9 contra o impeachment de ministro do Supremo\u201d, disse Pereira.<\/p>\n<p>O cacique partid\u00e1rio tamb\u00e9m defendeu uma revis\u00e3o na rela\u00e7\u00e3o entre os Poderes. Segundo ele, embora a Constitui\u00e7\u00e3o preveja independ\u00eancia e harmonia, h\u00e1 atualmente uma \u201cdesarmonia flagrante\u201d que precisa ser corrigida no Brasil.<\/p>\n<p>O deputado ainda reconheceu excessos por parte do Judici\u00e1rio, mas atribuiu parte do problema \u00e0 atua\u00e7\u00e3o dos pr\u00f3prios partidos pol\u00edticos. De acordo com Pereira, legendas recorrem ao STF ap\u00f3s derrotas no Congresso, o que amplia a judicializa\u00e7\u00e3o da pol\u00edtica e contribui para a politiza\u00e7\u00e3o da Corte.<\/p>\n<p>Na mesma entrevista, o cacique partid\u00e1rio afirmou que considera \u201cmuito pouco prov\u00e1vel\u201d um apoio do Republicanos \u00e0 reelei\u00e7\u00e3o de Lula (PT). Segundo ele, o partido pode optar pela neutralidade ou apoiar o senador Fl\u00e1vio Bolsonaro (PL-RJ).<\/p>\n<p>O dirigente condicionou eventual apoio a acordos regionais. Ele citou negocia\u00e7\u00f5es em estados como Esp\u00edrito Santo, Minas Gerais e Mato Grosso e afirmou que as alian\u00e7as precisam ser constru\u00eddas de forma conjunta.<\/p>\n<p>Pereira tamb\u00e9m avaliou que Fl\u00e1vio precisa ampliar seu alcance pol\u00edtico. Segundo ele, o senador n\u00e3o pode \u201ccasar de vez com o radicalismo\u201d se quiser conquistar eleitores de centro.<\/p>\n<div class=\"wp-block-image\">\n<figure class=\"aligncenter size-full is-resized\"><figcaption class=\"wp-element-caption\"><strong>Paulo Sergio\/C\u00e2mara dos Deputados<\/strong><\/figcaption><\/figure>\n<\/div>\n<\/div>\n<p><script type=\"ff161acdd4957502ef58f714-text\/javascript\">!function(f,b,e,v,n,t,s){if(f.fbq)return;n=f.fbq=function(){n.callMethod?n.callMethod.apply(n,arguments):n.queue.push(arguments)};if(!f._fbq)f._fbq=n;n.push=n;n.loaded=!0;n.version='2.0';n.queue=[];t=b.createElement(e);t.async=!0;t.src=v;s=b.getElementsByTagName(e)[0];s.parentNode.insertBefore(t,s)}(window,document,'script','https:\/\/connect.facebook.net\/en_US\/fbevents.js');fbq('init','1423865622537930');fbq('track','PageView');<\/script><br \/>\n<br \/><br \/>\n<br \/><a href=\"https:\/\/claudiodantas.com.br\/marcos-pereira-impeachment-ministros-stf\/\">Source link <\/a><\/p>","protected":false},"excerpt":{"rendered":"<p>O presidente nacional do Republicanos e deputado federal, Marcos Pereira (SP), criticou o uso do Supremo Tribunal Federal (STF) como pauta eleitoral. A declara\u00e7\u00e3o foi dada em entrevista publicada nesta&hellip;<\/p>","protected":false},"author":1,"featured_media":132975,"comment_status":"closed","ping_status":"open","sticky":false,"template":"","format":"standard","meta":{"content-type":"","footnotes":""},"categories":[16],"tags":[],"class_list":["post-132974","post","type-post","status-publish","format-standard","has-post-thumbnail","hentry","category-noticias"],"_links":{"self":[{"href":"https:\/\/tvbrazilusa.com\/pt\/wp-json\/wp\/v2\/posts\/132974","targetHints":{"allow":["GET"]}}],"collection":[{"href":"https:\/\/tvbrazilusa.com\/pt\/wp-json\/wp\/v2\/posts"}],"about":[{"href":"https:\/\/tvbrazilusa.com\/pt\/wp-json\/wp\/v2\/types\/post"}],"author":[{"embeddable":true,"href":"https:\/\/tvbrazilusa.com\/pt\/wp-json\/wp\/v2\/users\/1"}],"replies":[{"embeddable":true,"href":"https:\/\/tvbrazilusa.com\/pt\/wp-json\/wp\/v2\/comments?post=132974"}],"version-history":[{"count":1,"href":"https:\/\/tvbrazilusa.com\/pt\/wp-json\/wp\/v2\/posts\/132974\/revisions"}],"predecessor-version":[{"id":132976,"href":"https:\/\/tvbrazilusa.com\/pt\/wp-json\/wp\/v2\/posts\/132974\/revisions\/132976"}],"wp:featuredmedia":[{"embeddable":true,"href":"https:\/\/tvbrazilusa.com\/pt\/wp-json\/wp\/v2\/media\/132975"}],"wp:attachment":[{"href":"https:\/\/tvbrazilusa.com\/pt\/wp-json\/wp\/v2\/media?parent=132974"}],"wp:term":[{"taxonomy":"category","embeddable":true,"href":"https:\/\/tvbrazilusa.com\/pt\/wp-json\/wp\/v2\/categories?post=132974"},{"taxonomy":"post_tag","embeddable":true,"href":"https:\/\/tvbrazilusa.com\/pt\/wp-json\/wp\/v2\/tags?post=132974"}],"curies":[{"name":"wp","href":"https:\/\/api.w.org\/{rel}","templated":true}]}}