{"id":132977,"date":"2026-05-01T17:15:00","date_gmt":"2026-05-01T17:15:00","guid":{"rendered":"https:\/\/tvbrazilusa.com\/2026\/05\/01\/crise-politica-exige-maior-intervencao-do-supremo\/"},"modified":"2026-05-01T17:24:59","modified_gmt":"2026-05-01T17:24:59","slug":"crise-politica-exige-maior-intervencao-do-supremo","status":"publish","type":"post","link":"https:\/\/tvbrazilusa.com\/pt\/2026\/05\/01\/crise-politica-exige-maior-intervencao-do-supremo\/","title":{"rendered":"Crise pol\u00edtica exige \u201cmaior interven\u00e7\u00e3o\u201d do Supremo"},"content":{"rendered":"<p> <script async src=\"https:\/\/pagead2.googlesyndication.com\/pagead\/js\/adsbygoogle.js?client=ca-pub-8864793242727901\"\r\n     crossorigin=\"anonymous\"><\/script><br \/>\n<\/p>\n<div id=\"cd-article-content\">\n<p>Em entrevista ao SBT News, o ministro do Supremo Tribunal Federal (STF) <strong><a href=\"https:\/\/claudiodantas.com.br\/tag\/gilmar-mendes\/\" data-type=\"post_tag\" data-id=\"32\">Gilmar Mendes<\/a><\/strong> afirmou ontem (30) que a rejei\u00e7\u00e3o do advogado-geral da Uni\u00e3o, <strong><a href=\"https:\/\/claudiodantas.com.br\/tag\/messias\/\" data-type=\"post_tag\" data-id=\"1866\">Jorge Messias<\/a><\/strong>, pelo Senado Federal reflete uma \u201ccrise pol\u00edtica\u201d enfrentada pelo <strong><a href=\"https:\/\/pt.wikipedia.org\/wiki\/Governo_Lula_(2023%E2%80%93presente)\" target=\"_blank\" rel=\"noopener\">governo Lula (PT)<\/a><\/strong>.<\/p>\n<p><a href=\"https:\/\/whatsapp.com\/channel\/0029VaTFkH2HVvTbkE883x1x\" target=\"_blank\" class=\"whatsapp-channel-message\" rel=\"noopener\">\u2705 Siga o canal do Claudio Dantas no WhatsApp<\/a><\/p>\n<p>O decano da Corte avaliou que a derrota n\u00e3o est\u00e1 relacionada \u00e0 capacidade do indicado pelo petista, mas a dificuldades de articula\u00e7\u00e3o pol\u00edtica do Planalto: \u201cN\u00e3o se trata de uma rejei\u00e7\u00e3o por falta de requisitos profissionais, se trata de uma crise pol\u00edtica\u201d.<\/p>\n<p>Segundo Gilmar, o cen\u00e1rio est\u00e1 ligado ao fato de o governo operar, supostamente, com base minorit\u00e1ria no Congresso Nacional. Para o ministro, esse quadro desfavor\u00e1vel tamb\u00e9m tem reflexos no papel do Judici\u00e1rio.<\/p>\n<p>\u201cEsse quadro leva a uma necessidade maior de interven\u00e7\u00e3o do STF, e isso tamb\u00e9m provoca fric\u00e7\u00f5es na rela\u00e7\u00e3o entre governo e Congresso\u201d, afirmou.<\/p>\n<p>Para Gilmar, a rejei\u00e7\u00e3o de Messias deve levar a uma revis\u00e3o interna no governo Lula sobre a condu\u00e7\u00e3o pol\u00edtica da indica\u00e7\u00e3o: \u201c\u00c9 preciso que se fa\u00e7a uma revis\u00e3o e que cada um assuma sua responsabilidade\u201d.<\/p>\n<p>O ministro tamb\u00e9m rebateu vers\u00f5es de bastidores que apontam uma suposta atua\u00e7\u00e3o de integrantes da Corte para enfraquecer o apoio a Messias: \u201cN\u00e3o faz o menor sentido. N\u00e3o vejo sentido nesse tipo de teoria conspirat\u00f3ria\u201d.<\/p>\n<div class=\"wp-block-image\">\n<figure class=\"aligncenter size-large\"><figcaption class=\"wp-element-caption\"><strong>Foto: Reprodu\u00e7\u00e3o\/TV Justi\u00e7a<\/strong><\/figcaption><\/figure>\n<\/div>\n<\/div>\n<p><script type=\"65795aefe8d457329f9fa10f-text\/javascript\">!function(f,b,e,v,n,t,s){if(f.fbq)return;n=f.fbq=function(){n.callMethod?n.callMethod.apply(n,arguments):n.queue.push(arguments)};if(!f._fbq)f._fbq=n;n.push=n;n.loaded=!0;n.version='2.0';n.queue=[];t=b.createElement(e);t.async=!0;t.src=v;s=b.getElementsByTagName(e)[0];s.parentNode.insertBefore(t,s)}(window,document,'script','https:\/\/connect.facebook.net\/en_US\/fbevents.js');fbq('init','1423865622537930');fbq('track','PageView');<\/script><br \/>\n<br \/><br \/>\n<br \/><a href=\"https:\/\/claudiodantas.com.br\/gilmar-crise-politica-intervencao-supremo\/\">Source link <\/a><\/p>","protected":false},"excerpt":{"rendered":"<p>Em entrevista ao SBT News, o ministro do Supremo Tribunal Federal (STF) Gilmar Mendes afirmou ontem (30) que a rejei\u00e7\u00e3o do advogado-geral da Uni\u00e3o, Jorge Messias, pelo Senado Federal reflete&hellip;<\/p>","protected":false},"author":1,"featured_media":132978,"comment_status":"closed","ping_status":"open","sticky":false,"template":"","format":"standard","meta":{"content-type":"","footnotes":""},"categories":[16],"tags":[],"class_list":["post-132977","post","type-post","status-publish","format-standard","has-post-thumbnail","hentry","category-noticias"],"_links":{"self":[{"href":"https:\/\/tvbrazilusa.com\/pt\/wp-json\/wp\/v2\/posts\/132977","targetHints":{"allow":["GET"]}}],"collection":[{"href":"https:\/\/tvbrazilusa.com\/pt\/wp-json\/wp\/v2\/posts"}],"about":[{"href":"https:\/\/tvbrazilusa.com\/pt\/wp-json\/wp\/v2\/types\/post"}],"author":[{"embeddable":true,"href":"https:\/\/tvbrazilusa.com\/pt\/wp-json\/wp\/v2\/users\/1"}],"replies":[{"embeddable":true,"href":"https:\/\/tvbrazilusa.com\/pt\/wp-json\/wp\/v2\/comments?post=132977"}],"version-history":[{"count":1,"href":"https:\/\/tvbrazilusa.com\/pt\/wp-json\/wp\/v2\/posts\/132977\/revisions"}],"predecessor-version":[{"id":132979,"href":"https:\/\/tvbrazilusa.com\/pt\/wp-json\/wp\/v2\/posts\/132977\/revisions\/132979"}],"wp:featuredmedia":[{"embeddable":true,"href":"https:\/\/tvbrazilusa.com\/pt\/wp-json\/wp\/v2\/media\/132978"}],"wp:attachment":[{"href":"https:\/\/tvbrazilusa.com\/pt\/wp-json\/wp\/v2\/media?parent=132977"}],"wp:term":[{"taxonomy":"category","embeddable":true,"href":"https:\/\/tvbrazilusa.com\/pt\/wp-json\/wp\/v2\/categories?post=132977"},{"taxonomy":"post_tag","embeddable":true,"href":"https:\/\/tvbrazilusa.com\/pt\/wp-json\/wp\/v2\/tags?post=132977"}],"curies":[{"name":"wp","href":"https:\/\/api.w.org\/{rel}","templated":true}]}}