{"id":132994,"date":"2026-05-01T22:06:07","date_gmt":"2026-05-01T22:06:07","guid":{"rendered":"https:\/\/tvbrazilusa.com\/2026\/05\/01\/lula-nao-comparece-aos-atos-de-1o-de-maio-apos-semana-de-derrotas-historicas-para-a-esquerda-paulo-figueiredo\/"},"modified":"2026-05-01T22:08:45","modified_gmt":"2026-05-01T22:08:45","slug":"lula-nao-comparece-aos-atos-de-1o-de-maio-apos-semana-de-derrotas-historicas-para-a-esquerda-paulo-figueiredo","status":"publish","type":"post","link":"https:\/\/tvbrazilusa.com\/pt\/2026\/05\/01\/lula-nao-comparece-aos-atos-de-1o-de-maio-apos-semana-de-derrotas-historicas-para-a-esquerda-paulo-figueiredo\/","title":{"rendered":"Lula n\u00e3o comparece aos atos de 1\u00ba de Maio ap\u00f3s semana de derrotas hist\u00f3ricas para a esquerda &#8211; Paulo Figueiredo"},"content":{"rendered":"<p> <script async src=\"https:\/\/pagead2.googlesyndication.com\/pagead\/js\/adsbygoogle.js?client=ca-pub-8864793242727901\"\r\n     crossorigin=\"anonymous\"><\/script><br \/>\n<\/p>\n<div id=\"wtr-content\" data-bg=\"#FFFFFF\" data-fg=\"#006d91\" data-width=\"25\" data-mute=\"1\" data-fgopacity=\"1.00\" data-mutedopacity=\"0.5\" data-placement=\"bottom\" data-placement-offset=\"0\" data-content-offset=\"262\" data-placement-touch=\"bottom\" data-placement-offset-touch=\"0\" data-transparent=\"\" data-shadow=\"0\" data-touch=\"1\" data-non-touch=\"1\" data-comments=\"0\" data-commentsbg=\"transparent\" data-location=\"page\" data-mutedfg=\"#006d91\" data-endfg=\"#006d91\" data-rtl=\"\">\n<p>Marcados pela ressaca petista ap\u00f3s a dupla derrota no Congresso Nacional, os atos do Dia Internacional do Trabalhador, nesta sexta-feira (1.\u00ba), n\u00e3o contar\u00e3o com a participa\u00e7\u00e3o do presidente Lula (PT). O chefe do Executivo fez um pronunciamento em rede nacional nesta quinta-feira (30), mas optou por n\u00e3o participar dos eventos, assim como ocorreu em 2025.<\/p>\n<p>Sem Lula, o foco dos aliados \u00e9 a capital e a regi\u00e3o metropolitana de S\u00e3o Paulo, em atos fragmentados. O ministro da Secretaria-Geral da Presid\u00eancia, Guilherme Boulos (PSOL), participa de um ato no Sindicato dos Metal\u00fargicos do ABC, em S\u00e3o Bernardo do Campo. Foi na entidade que o ent\u00e3o sindicalista Lula ganhou a proje\u00e7\u00e3o nacional.<\/p>\n<p>O ex-ministro da Fazenda e pr\u00e9-candidato a governador de S\u00e3o Paulo, Fernando Haddad (PT), dividir\u00e1 seu tempo entre S\u00e3o Bernardo do Campo e um ato da For\u00e7a Sindical no bairro da Liberdade, na capital. Pr\u00e9-candidatas ao Senado, as ex-ministras do Meio Ambiente, Marina Silva (Rede), e do Planejamento, Simone Tebet (MDB), tamb\u00e9m estar\u00e3o no bairro paulistano.<\/p>\n<h4 class=\"wp-block-heading\">Feriado ocorre ap\u00f3s semana de derrotas no Congresso<\/h4>\n<p>A semana come\u00e7ou a ruir para a esquerda quando a tradi\u00e7\u00e3o de aprova\u00e7\u00e3o dos indicados ao Supremo Tribunal Federal (STF) foi rompida. Pela primeira vez ap\u00f3s 132 anos, os senadores decidiram votar contra o Planalto, e o advogado-geral da Uni\u00e3o, Jorge Messias, foi rejeitado. O protagonismo na articula\u00e7\u00e3o pela rejei\u00e7\u00e3o \u00e9 atribu\u00eddo ao presidente do Senado Federal, Davi Alcolumbre (Uni\u00e3o-AP).<\/p>\n<p>No dia seguinte, a oposi\u00e7\u00e3o conseguiu restabelecer o projeto de lei da dosimetria, que tem o potencial de diminuir as penas dos condenados pelos atos de 8 de janeiro e pelo suposto plano golpista, incluindo o ex-presidente Jair Bolsonaro (PL).<\/p>\n<p>Outra derrota decisiva para o Dia do Trabalho deste ano eleitoral: a Central Sindical e Popular Conlutas (CSP-Conlutas) perdeu a oportunidade de realizar um protesto na Avenida Paulista, uma vez que o movimento Patriotas do QG j\u00e1 havia, desde 2024, comunicado \u00e0 Pol\u00edcia Militar de S\u00e3o Paulo que pretendia realizar um evento no mesmo dia e espa\u00e7o.<\/p>\n<h4 class=\"wp-block-heading\">Janones critica aus\u00eancia de Lula<\/h4>\n<p>Aliado, o deputado federal Andr\u00e9 Janones (Avante-MG) criticou publicamente o presidente. Para ele, o petista \u201cperde uma oportunidade hist\u00f3rica de convocar manifesta\u00e7\u00f5es em todo o pa\u00eds [\u2026] em torno de uma pauta, de uma causa que transcende esquerda e direita\u201d, uma vez que, em sua vis\u00e3o, \u201choje \u00e9 o \u00faltimo Dia do Trabalhador sob a vig\u00eancia da escala 6\u00d71\u201d.<\/p>\n<p>Para Janones, o presidente deveria investir no discurso de que um ex-metal\u00fargico foi eleito \u00e0 chefia do Executivo nacional para, com isso, promover \u201ca maior conquista dos trabalhadores desde a promulga\u00e7\u00e3o da CLT\u201d.<\/p>\n<p>\u201cInfelizmente, nada disso est\u00e1 acontecendo. O que temos hoje \u00e9 um Primeiro de Maio apagado, sem for\u00e7a e muito aqu\u00e9m do que a data e o momento hist\u00f3rico mereciam. As chances est\u00e3o passando uma por uma, a gente perdendo todas, e repetindo que as pesquisas s\u00e3o falsas e que a elei\u00e7\u00e3o est\u00e1 batida, igual estava batida a indica\u00e7\u00e3o do Messias\u201d, lamentou o parlamentar.<\/p>\n<h4 class=\"wp-block-heading\">Em \u00faltima participa\u00e7\u00e3o, presidente chamou evento de \u201cmal convocado\u201d<\/h4>\n<p>Em 2024, o presidente participou de um evento na Neo Qu\u00edmica Arena, em Itaquera, zona leste de S\u00e3o Paulo. O ato juntou pouco mais de 1.660 pessoas, irritando Lula a ponto de o levar a uma cobran\u00e7a p\u00fablica ao ent\u00e3o ministro da Secretaria-Geral da Presid\u00eancia, M\u00e1rcio Mac\u00eado.<\/p>\n<p>\u201cVoc\u00eas sabem que ontem eu conversei com ele sobre esse ato e eu disse para ele: \u2018M\u00e1rcio, o ato est\u00e1 mal convocado. O ato est\u00e1 mal convocado. N\u00f3s n\u00e3o fizemos o esfor\u00e7o necess\u00e1rio para levar a quantidade de gente que era preciso levar&#8217;\u201d, criticou.<\/p>\n<p>O 1.\u00ba de maio deste ano ocorre em meio \u00e0 articula\u00e7\u00e3o do governo para aprovar, antes das elei\u00e7\u00f5es, o fim da escala de trabalho 6\u00d71. A proposta \u00e9 vista como central para a campanha, mas enfrenta cr\u00edticas do setor produtivo, que vem divulgando estudos que indicam os impactos no Produto Interno Bruto (PIB). Com isso, a defesa de uma rejei\u00e7\u00e3o total divide espa\u00e7o com a argumenta\u00e7\u00e3o de que o debate precisa ocorrer apenas no pr\u00f3ximo mandato<\/p>\n<p><strong><a href=\"https:\/\/www.gazetadopovo.com.br\/republica\/lula-nao-comparece-atos-1-maio-apos-semana-derrotas-historicas-esquerda\/\">Cr\u00e9dito Gazeta do Povo<\/a><\/strong><\/p>\n<\/div>\n<p><br \/>\n<br \/><a href=\"https:\/\/paulofigueiredoshow.com\/lula-nao-comparece-aos-atos-de-1o-de-maio-apos-semana-de-derrotas-historicas-para-a-esquerda\/\">Source link <\/a><\/p>","protected":false},"excerpt":{"rendered":"<p>Marcados pela ressaca petista ap\u00f3s a dupla derrota no Congresso Nacional, os atos do Dia Internacional do Trabalhador, nesta sexta-feira (1.\u00ba), n\u00e3o contar\u00e3o com a participa\u00e7\u00e3o do presidente Lula (PT).&hellip;<\/p>","protected":false},"author":1,"featured_media":132995,"comment_status":"closed","ping_status":"open","sticky":false,"template":"","format":"standard","meta":{"content-type":"","footnotes":""},"categories":[16],"tags":[],"class_list":["post-132994","post","type-post","status-publish","format-standard","has-post-thumbnail","hentry","category-noticias"],"_links":{"self":[{"href":"https:\/\/tvbrazilusa.com\/pt\/wp-json\/wp\/v2\/posts\/132994","targetHints":{"allow":["GET"]}}],"collection":[{"href":"https:\/\/tvbrazilusa.com\/pt\/wp-json\/wp\/v2\/posts"}],"about":[{"href":"https:\/\/tvbrazilusa.com\/pt\/wp-json\/wp\/v2\/types\/post"}],"author":[{"embeddable":true,"href":"https:\/\/tvbrazilusa.com\/pt\/wp-json\/wp\/v2\/users\/1"}],"replies":[{"embeddable":true,"href":"https:\/\/tvbrazilusa.com\/pt\/wp-json\/wp\/v2\/comments?post=132994"}],"version-history":[{"count":1,"href":"https:\/\/tvbrazilusa.com\/pt\/wp-json\/wp\/v2\/posts\/132994\/revisions"}],"predecessor-version":[{"id":132996,"href":"https:\/\/tvbrazilusa.com\/pt\/wp-json\/wp\/v2\/posts\/132994\/revisions\/132996"}],"wp:featuredmedia":[{"embeddable":true,"href":"https:\/\/tvbrazilusa.com\/pt\/wp-json\/wp\/v2\/media\/132995"}],"wp:attachment":[{"href":"https:\/\/tvbrazilusa.com\/pt\/wp-json\/wp\/v2\/media?parent=132994"}],"wp:term":[{"taxonomy":"category","embeddable":true,"href":"https:\/\/tvbrazilusa.com\/pt\/wp-json\/wp\/v2\/categories?post=132994"},{"taxonomy":"post_tag","embeddable":true,"href":"https:\/\/tvbrazilusa.com\/pt\/wp-json\/wp\/v2\/tags?post=132994"}],"curies":[{"name":"wp","href":"https:\/\/api.w.org\/{rel}","templated":true}]}}