{"id":132997,"date":"2026-05-01T22:20:45","date_gmt":"2026-05-01T22:20:45","guid":{"rendered":"https:\/\/tvbrazilusa.com\/2026\/05\/01\/cirurgia-de-bolsonaro-e-finalizada-sem-intercorrencias-paulo-figueiredo\/"},"modified":"2026-05-01T22:21:48","modified_gmt":"2026-05-01T22:21:48","slug":"cirurgia-de-bolsonaro-e-finalizada-sem-intercorrencias-paulo-figueiredo","status":"publish","type":"post","link":"https:\/\/tvbrazilusa.com\/pt\/2026\/05\/01\/cirurgia-de-bolsonaro-e-finalizada-sem-intercorrencias-paulo-figueiredo\/","title":{"rendered":"Cirurgia de Bolsonaro \u00e9 finalizada sem intercorr\u00eancias &#8211; Paulo Figueiredo"},"content":{"rendered":"<p> <script async src=\"https:\/\/pagead2.googlesyndication.com\/pagead\/js\/adsbygoogle.js?client=ca-pub-8864793242727901\"\r\n     crossorigin=\"anonymous\"><\/script><br \/>\n<\/p>\n<div id=\"wtr-content\" data-bg=\"#FFFFFF\" data-fg=\"#006d91\" data-width=\"25\" data-mute=\"1\" data-fgopacity=\"1.00\" data-mutedopacity=\"0.5\" data-placement=\"bottom\" data-placement-offset=\"0\" data-content-offset=\"262\" data-placement-touch=\"bottom\" data-placement-offset-touch=\"0\" data-transparent=\"\" data-shadow=\"0\" data-touch=\"1\" data-non-touch=\"1\" data-comments=\"0\" data-commentsbg=\"transparent\" data-location=\"page\" data-mutedfg=\"#006d91\" data-endfg=\"#006d91\" data-rtl=\"\">\n<h4 class=\"wp-block-heading\">Para a cirurgia no ombro, ex-presidente Jair Bolsonaro recebeu anestesia geral e foi intubado para controle de respira\u00e7\u00e3o<\/h4>\n<p>A\u00a0cirurgia no ombro do ex-presidente\u00a0Jair Bolsonaro\u00a0foi conclu\u00edda no in\u00edcio da tarde desta sexta-feira (1\u00ba\/5) sem intercorr\u00eancias, segundo apurou a coluna. O procedimento ocorreu no\u00a0Hospital DF Star, em Bras\u00edlia.<\/p>\n<p>Para a cirurgia,\u00a0Bolsonaro recebeu anestesia geral e foi intubado para controle da respira\u00e7\u00e3o. A extuba\u00e7\u00e3o ocorreu sem intercorr\u00eancias, de acordo com fontes ligadas ao ex-presidente ouvidas pela coluna.<\/p>\n<p>A cirurgia de Bolsonaro come\u00e7ou pela manh\u00e3. O ex-presidente chegou ao hospital pouco depois das 6h. A expectativa \u00e9 de que ele fique internado por alguns dias no hospital para recupera\u00e7\u00e3o.<\/p>\n<p><a href=\"https:\/\/www.metropoles.com\/colunas\/igor-gadelha\/cirugia-de-bolsonaro-e-finalizada-sem-intercorrencias\">Cr\u00e9dito Metr\u00f3poles<\/a><\/p>\n<\/div>\n<p><br \/>\n<br \/><a href=\"https:\/\/paulofigueiredoshow.com\/cirurgia-de-bolsonaro-e-finalizada-sem-intercorrencias\/\">Source link <\/a><\/p>","protected":false},"excerpt":{"rendered":"<p>Para a cirurgia no ombro, ex-presidente Jair Bolsonaro recebeu anestesia geral e foi intubado para controle de respira\u00e7\u00e3o A\u00a0cirurgia no ombro do ex-presidente\u00a0Jair Bolsonaro\u00a0foi conclu\u00edda no in\u00edcio da tarde desta&hellip;<\/p>","protected":false},"author":1,"featured_media":132998,"comment_status":"closed","ping_status":"open","sticky":false,"template":"","format":"standard","meta":{"content-type":"","footnotes":""},"categories":[16],"tags":[],"class_list":["post-132997","post","type-post","status-publish","format-standard","has-post-thumbnail","hentry","category-noticias"],"_links":{"self":[{"href":"https:\/\/tvbrazilusa.com\/pt\/wp-json\/wp\/v2\/posts\/132997","targetHints":{"allow":["GET"]}}],"collection":[{"href":"https:\/\/tvbrazilusa.com\/pt\/wp-json\/wp\/v2\/posts"}],"about":[{"href":"https:\/\/tvbrazilusa.com\/pt\/wp-json\/wp\/v2\/types\/post"}],"author":[{"embeddable":true,"href":"https:\/\/tvbrazilusa.com\/pt\/wp-json\/wp\/v2\/users\/1"}],"replies":[{"embeddable":true,"href":"https:\/\/tvbrazilusa.com\/pt\/wp-json\/wp\/v2\/comments?post=132997"}],"version-history":[{"count":1,"href":"https:\/\/tvbrazilusa.com\/pt\/wp-json\/wp\/v2\/posts\/132997\/revisions"}],"predecessor-version":[{"id":132999,"href":"https:\/\/tvbrazilusa.com\/pt\/wp-json\/wp\/v2\/posts\/132997\/revisions\/132999"}],"wp:featuredmedia":[{"embeddable":true,"href":"https:\/\/tvbrazilusa.com\/pt\/wp-json\/wp\/v2\/media\/132998"}],"wp:attachment":[{"href":"https:\/\/tvbrazilusa.com\/pt\/wp-json\/wp\/v2\/media?parent=132997"}],"wp:term":[{"taxonomy":"category","embeddable":true,"href":"https:\/\/tvbrazilusa.com\/pt\/wp-json\/wp\/v2\/categories?post=132997"},{"taxonomy":"post_tag","embeddable":true,"href":"https:\/\/tvbrazilusa.com\/pt\/wp-json\/wp\/v2\/tags?post=132997"}],"curies":[{"name":"wp","href":"https:\/\/api.w.org\/{rel}","templated":true}]}}