{"id":133000,"date":"2026-05-01T22:22:10","date_gmt":"2026-05-01T22:22:10","guid":{"rendered":"https:\/\/tvbrazilusa.com\/2026\/05\/01\/motta-demite-assessor-de-janones-e-reincidente-paulo-figueiredo\/"},"modified":"2026-05-01T22:27:51","modified_gmt":"2026-05-01T22:27:51","slug":"motta-demite-assessor-de-janones-e-reincidente-paulo-figueiredo","status":"publish","type":"post","link":"https:\/\/tvbrazilusa.com\/pt\/2026\/05\/01\/motta-demite-assessor-de-janones-e-reincidente-paulo-figueiredo\/","title":{"rendered":"Motta demite assessor de Janones: \u201c\u00c9 reincidente\u201d &#8211; Paulo Figueiredo"},"content":{"rendered":"<p> <script async src=\"https:\/\/pagead2.googlesyndication.com\/pagead\/js\/adsbygoogle.js?client=ca-pub-8864793242727901\"\r\n     crossorigin=\"anonymous\"><\/script><br \/>\n<\/p>\n<div id=\"wtr-content\" data-bg=\"#FFFFFF\" data-fg=\"#006d91\" data-width=\"25\" data-mute=\"1\" data-fgopacity=\"1.00\" data-mutedopacity=\"0.5\" data-placement=\"bottom\" data-placement-offset=\"0\" data-content-offset=\"262\" data-placement-touch=\"bottom\" data-placement-offset-touch=\"0\" data-transparent=\"\" data-shadow=\"0\" data-touch=\"1\" data-non-touch=\"1\" data-comments=\"0\" data-commentsbg=\"transparent\" data-location=\"page\" data-mutedfg=\"#006d91\" data-endfg=\"#006d91\" data-rtl=\"\">\n<h4 class=\"wp-block-heading\">Presidente da C\u00e2mara, Hugo Motta demitiu assessor de Janones que interrompeu entrevista com grito<\/h4>\n<p>O presidente da\u00a0C\u00e2mara dos Deputados,\u00a0Hugo Motta\u00a0(Republicanos),\u00a0exonerou nesta quinta-feira (30\/4) o assessor\u00a0Bernardo Moreira, que ocupava cargo comissionado no gabinete de Andr\u00e9 Janones\u00a0(Rede). Em contato com a coluna, Motta afirmou:<\/p>\n<p>\u201cDemiti o assessor que causou a confus\u00e3o hoje, ele \u00e9 reincidente na Casa\u201d.<\/p>\n<p>A exonera\u00e7\u00e3o foi publicada em edi\u00e7\u00e3o extra do Di\u00e1rio Oficial e\u00a0ocorre ap\u00f3s Moreira interromper uma entrevista do deputado Cabo Gilberto (PL)\u00a0ao vivo na Globo News. O parlamentar, que \u00e9 l\u00edder da oposi\u00e7\u00e3o, comentava a derrubada do veto de Lula ao PL da Dosimetria quando foi interrompido pelo assessor de Janones, que gritou: \u201cAnistia \u00e9 o caralho. Lula reeleito\u201d. Ap\u00f3s o epis\u00f3dio, Cabo Gilberto continuou a entrevista e, na sequ\u00eancia, dirigiu-se a Moreira cobrando respeito.<\/p>\n<p>Pr\u00e9-candidato a deputado distrital pelo PSB, Moreira j\u00e1 se envolveu em um epis\u00f3dio pol\u00eamico com Nikolas Ferreira (PL), tamb\u00e9m na C\u00e2mara dos Deputados. Na ocasi\u00e3o, ele chamou o parlamentar de \u201cchupetinha\u201d enquanto gravava a intera\u00e7\u00e3o com celular.<\/p>\n<h4 class=\"wp-block-heading\">Depoimento<\/h4>\n<p>A pedido do deputado, A pol\u00edcia legislativa deteve o secret\u00e1rio parlamentar. Em seu depoimento, ao qual a coluna teve acesso, Moreira negou contato f\u00edsico ou ofensa direta ao Cabo Gilberto.<\/p>\n<p>\u201cAp\u00f3s a sess\u00e3o do Congresso, [Moreira] se retirou para o Sal\u00e3o Verde e viu que estava ocorrendo uma entrevista para a Globo News com a participa\u00e7\u00e3o de alguns deputados, entre eles o parlamentar Lindbergh [Farias, PT] e Cabo Gilberto. Naquele momento, passou por tr\u00e1s do local em que a entrevista estava sendo concedida, quando xingou o projeto de lei e falou que Lula seria reeleito\u201d, registrou a pol\u00edcia legislativa.<\/p>\n<p>\u201cAo falar aquilo, estava mais pr\u00f3ximo da rep\u00f3rter e n\u00e3o do parlamentar Cabo Gilberto; QUE havia muitas pessoas, incluindo, rep\u00f3rteres, influenciadores, deputados e outros comentando e falando sobre o veto ao projeto de anistia que havia sido derrubado QUE, ap\u00f3s aquela fala muito breve, se retirou do local e posteriormente, o parlamentar Cabo Gilberto se aproximou, pegou o declarante pelo bra\u00e7o com for\u00e7a, usou o dedo indicador para bater em seu peito e disse que representaria e processaria o declarante pela falta de respeito; QUE o declarante n\u00e3o encostou no parlamentar, nem em nenhuma rep\u00f3rter e, em nenhum momento, foi at\u00e9 aquele deputado\u201d, diz o depoimento do assessor.<\/p>\n<p><strong><a href=\"https:\/\/www.metropoles.com\/colunas\/paulo-cappelli\/motta-exonera-assessor-de-janones-e-reincidente\">Cr\u00e9dito Metr\u00f3poles<\/a><\/strong><\/p>\n<\/div>\n<p><br \/>\n<br \/><a href=\"https:\/\/paulofigueiredoshow.com\/motta-demite-assessor-de-janones-e-reincidente\/\">Source link <\/a><\/p>","protected":false},"excerpt":{"rendered":"<p>Presidente da C\u00e2mara, Hugo Motta demitiu assessor de Janones que interrompeu entrevista com grito O presidente da\u00a0C\u00e2mara dos Deputados,\u00a0Hugo Motta\u00a0(Republicanos),\u00a0exonerou nesta quinta-feira (30\/4) o assessor\u00a0Bernardo Moreira, que ocupava cargo comissionado&hellip;<\/p>","protected":false},"author":1,"featured_media":133001,"comment_status":"closed","ping_status":"open","sticky":false,"template":"","format":"standard","meta":{"content-type":"","footnotes":""},"categories":[16],"tags":[],"class_list":["post-133000","post","type-post","status-publish","format-standard","has-post-thumbnail","hentry","category-noticias"],"_links":{"self":[{"href":"https:\/\/tvbrazilusa.com\/pt\/wp-json\/wp\/v2\/posts\/133000","targetHints":{"allow":["GET"]}}],"collection":[{"href":"https:\/\/tvbrazilusa.com\/pt\/wp-json\/wp\/v2\/posts"}],"about":[{"href":"https:\/\/tvbrazilusa.com\/pt\/wp-json\/wp\/v2\/types\/post"}],"author":[{"embeddable":true,"href":"https:\/\/tvbrazilusa.com\/pt\/wp-json\/wp\/v2\/users\/1"}],"replies":[{"embeddable":true,"href":"https:\/\/tvbrazilusa.com\/pt\/wp-json\/wp\/v2\/comments?post=133000"}],"version-history":[{"count":1,"href":"https:\/\/tvbrazilusa.com\/pt\/wp-json\/wp\/v2\/posts\/133000\/revisions"}],"predecessor-version":[{"id":133002,"href":"https:\/\/tvbrazilusa.com\/pt\/wp-json\/wp\/v2\/posts\/133000\/revisions\/133002"}],"wp:featuredmedia":[{"embeddable":true,"href":"https:\/\/tvbrazilusa.com\/pt\/wp-json\/wp\/v2\/media\/133001"}],"wp:attachment":[{"href":"https:\/\/tvbrazilusa.com\/pt\/wp-json\/wp\/v2\/media?parent=133000"}],"wp:term":[{"taxonomy":"category","embeddable":true,"href":"https:\/\/tvbrazilusa.com\/pt\/wp-json\/wp\/v2\/categories?post=133000"},{"taxonomy":"post_tag","embeddable":true,"href":"https:\/\/tvbrazilusa.com\/pt\/wp-json\/wp\/v2\/tags?post=133000"}],"curies":[{"name":"wp","href":"https:\/\/api.w.org\/{rel}","templated":true}]}}