{"id":133006,"date":"2026-05-01T22:37:58","date_gmt":"2026-05-01T22:37:58","guid":{"rendered":"https:\/\/tvbrazilusa.com\/2026\/05\/01\/camara-dos-eua-acusa-governo-lula-de-promover-trafico-de-medicos-paulo-figueiredo\/"},"modified":"2026-05-01T22:39:42","modified_gmt":"2026-05-01T22:39:42","slug":"camara-dos-eua-acusa-governo-lula-de-promover-trafico-de-medicos-paulo-figueiredo","status":"publish","type":"post","link":"https:\/\/tvbrazilusa.com\/pt\/2026\/05\/01\/camara-dos-eua-acusa-governo-lula-de-promover-trafico-de-medicos-paulo-figueiredo\/","title":{"rendered":"C\u00e2mara dos EUA acusa governo Lula de promover \u201ctr\u00e1fico de m\u00e9dicos\u201d &#8211; Paulo Figueiredo"},"content":{"rendered":"<p> <script async src=\"https:\/\/pagead2.googlesyndication.com\/pagead\/js\/adsbygoogle.js?client=ca-pub-8864793242727901\"\r\n     crossorigin=\"anonymous\"><\/script><br \/>\n<\/p>\n<div id=\"wtr-content\" data-bg=\"#FFFFFF\" data-fg=\"#006d91\" data-width=\"25\" data-mute=\"1\" data-fgopacity=\"1.00\" data-mutedopacity=\"0.5\" data-placement=\"bottom\" data-placement-offset=\"0\" data-content-offset=\"262\" data-placement-touch=\"bottom\" data-placement-offset-touch=\"0\" data-transparent=\"\" data-shadow=\"0\" data-touch=\"1\" data-non-touch=\"1\" data-comments=\"0\" data-commentsbg=\"transparent\" data-location=\"page\" data-mutedfg=\"#006d91\" data-endfg=\"#006d91\" data-rtl=\"\">\n<h4 class=\"wp-block-heading\">Relat\u00f3rio or\u00e7ament\u00e1rio da C\u00e2mara dos Representantes dos EUA para 2027 diz que programa do governo Lula promoveu \u201ctr\u00e1fico de m\u00e9dicos cubanos\u201d<\/h4>\n<p>Um relat\u00f3rio or\u00e7ament\u00e1rio da C\u00e2mara dos Representantes dos Estados Unidos para 2027 cita o Brasil ao defender o bloqueio de recursos \u00e0\u00a0Organiza\u00e7\u00e3o Pan-Americana da Sa\u00fade (OPAS). No documento, parlamentares norte-americanos afirmam estar \u201cprofundamente preocupados\u201d com o suposto envolvimento do organismo no que classificam como\u00a0\u201ctr\u00e1fico de m\u00e9dicos cubanos\u201d no programa\u00a0Mais M\u00e9dicos.<\/p>\n<p>O trecho integra o parecer que acompanha a proposta de or\u00e7amento para a seguran\u00e7a nacional, o Departamento de Estado e programas relacionados dos EUA. A comiss\u00e3o recomenda que\u00a0n\u00e3o sejam destinados recursos \u00e0 OPAS no pr\u00f3ximo ano fiscal.<\/p>\n<p>\u201cO Comit\u00ea permanece\u00a0profundamente preocupado com o envolvimento anterior da OPAS no tr\u00e1fico de m\u00e9dicos e pessoal m\u00e9dico cubano no antigo programa Mais M\u00e9dicos no Brasil e espera que a OPAS preste contas integralmente sobre seu papel nesse programa antes de receber d\u00f3lares dos impostos americanos\u201d, diz trecho do documento elaborado pelo Comit\u00ea de Apropria\u00e7\u00f5es da C\u00e2mara dos Representantes dos EUA.<\/p>\n<p>Segundo o texto, a organiza\u00e7\u00e3o s\u00f3 deveria voltar a receber verba dos EUA ap\u00f3s prestar contas sobre sua atua\u00e7\u00e3o no programa brasileiro. \u201cA OPAS deve publicar todos os registros financeiros e contratos relevantes, incluindo uma avalia\u00e7\u00e3o sobre se tais contratos\u00a0<strong>cumpriram as normas trabalhistas locais e internacionais<\/strong>\u201c.<\/p>\n<p>Os congressistas tamb\u00e9m afirmam que a entidade deve pagar eventuais indeniza\u00e7\u00f5es fixadas pela Justi\u00e7a norte-americana em processos baseados na legisla\u00e7\u00e3o dos EUA de combate ao tr\u00e1fico humano. \u201cIsso inclui\u00a0cooperar com lit\u00edgios em andamento nos tribunais dos Estados Unidos\u00a0sob a Lei de Prote\u00e7\u00e3o \u00e0s V\u00edtimas de Tr\u00e1fico de 2000, conforme alterada, e fornecer compensa\u00e7\u00e3o em quaisquer senten\u00e7as resultantes\u201d.<\/p>\n<p>No relat\u00f3rio, a comiss\u00e3o diz que as exig\u00eancias impostas \u00e0 organiza\u00e7\u00e3o tamb\u00e9m devem valer para outros programas envolvendo profissionais cubanos em que a entidade tenha atuado como facilitadora.<\/p>\n<h4 class=\"wp-block-heading\">Opini\u00e3o da maioria republicana<\/h4>\n<p>O documento reflete a posi\u00e7\u00e3o pol\u00edtica da maioria republicana, aliada de Donald Trump, na C\u00e2mara e ainda precisa tramitar no Congresso americano antes da aprova\u00e7\u00e3o final do or\u00e7amento.<\/p>\n<p>Criado no governo Dilma Rousseff em 2013 e continuado pelo presidente Lula, o Mais M\u00e9dicos levou profissionais estrangeiros, sobretudo de Cuba, para regi\u00f5es carentes do Brasil. O programa contou com intermedia\u00e7\u00e3o da OPAS.<\/p>\n<p><strong><a href=\"https:\/\/www.metropoles.com\/colunas\/paulo-cappelli\/camara-dos-eua-acusa-governo-lula-de-promover-trafico-de-medicos\">Cr\u00e9dito Metr\u00f3poles<\/a><\/strong><\/p>\n<\/div>\n<p><br \/>\n<br \/><a href=\"https:\/\/paulofigueiredoshow.com\/camara-dos-eua-acusa-governo-lula-de-promover-trafico-de-medicos\/\">Source link <\/a><\/p>","protected":false},"excerpt":{"rendered":"<p>Relat\u00f3rio or\u00e7ament\u00e1rio da C\u00e2mara dos Representantes dos EUA para 2027 diz que programa do governo Lula promoveu \u201ctr\u00e1fico de m\u00e9dicos cubanos\u201d Um relat\u00f3rio or\u00e7ament\u00e1rio da C\u00e2mara dos Representantes dos Estados&hellip;<\/p>","protected":false},"author":1,"featured_media":133007,"comment_status":"closed","ping_status":"open","sticky":false,"template":"","format":"standard","meta":{"content-type":"","footnotes":""},"categories":[16],"tags":[],"class_list":["post-133006","post","type-post","status-publish","format-standard","has-post-thumbnail","hentry","category-noticias"],"_links":{"self":[{"href":"https:\/\/tvbrazilusa.com\/pt\/wp-json\/wp\/v2\/posts\/133006","targetHints":{"allow":["GET"]}}],"collection":[{"href":"https:\/\/tvbrazilusa.com\/pt\/wp-json\/wp\/v2\/posts"}],"about":[{"href":"https:\/\/tvbrazilusa.com\/pt\/wp-json\/wp\/v2\/types\/post"}],"author":[{"embeddable":true,"href":"https:\/\/tvbrazilusa.com\/pt\/wp-json\/wp\/v2\/users\/1"}],"replies":[{"embeddable":true,"href":"https:\/\/tvbrazilusa.com\/pt\/wp-json\/wp\/v2\/comments?post=133006"}],"version-history":[{"count":1,"href":"https:\/\/tvbrazilusa.com\/pt\/wp-json\/wp\/v2\/posts\/133006\/revisions"}],"predecessor-version":[{"id":133008,"href":"https:\/\/tvbrazilusa.com\/pt\/wp-json\/wp\/v2\/posts\/133006\/revisions\/133008"}],"wp:featuredmedia":[{"embeddable":true,"href":"https:\/\/tvbrazilusa.com\/pt\/wp-json\/wp\/v2\/media\/133007"}],"wp:attachment":[{"href":"https:\/\/tvbrazilusa.com\/pt\/wp-json\/wp\/v2\/media?parent=133006"}],"wp:term":[{"taxonomy":"category","embeddable":true,"href":"https:\/\/tvbrazilusa.com\/pt\/wp-json\/wp\/v2\/categories?post=133006"},{"taxonomy":"post_tag","embeddable":true,"href":"https:\/\/tvbrazilusa.com\/pt\/wp-json\/wp\/v2\/tags?post=133006"}],"curies":[{"name":"wp","href":"https:\/\/api.w.org\/{rel}","templated":true}]}}