{"id":133009,"date":"2026-05-01T22:17:14","date_gmt":"2026-05-01T22:17:14","guid":{"rendered":"https:\/\/tvbrazilusa.com\/2026\/05\/01\/toffoli-travou-apuracao-contra-advogado-considerado-figura-instrumental-de-vorcaro-paulo-figueiredo\/"},"modified":"2026-05-01T22:46:52","modified_gmt":"2026-05-01T22:46:52","slug":"toffoli-travou-apuracao-contra-advogado-considerado-figura-instrumental-de-vorcaro-paulo-figueiredo","status":"publish","type":"post","link":"https:\/\/tvbrazilusa.com\/pt\/2026\/05\/01\/toffoli-travou-apuracao-contra-advogado-considerado-figura-instrumental-de-vorcaro-paulo-figueiredo\/","title":{"rendered":"Toffoli travou apura\u00e7\u00e3o contra advogado considerado \u201cfigura instrumental\u201d de Vorcaro &#8211; Paulo Figueiredo"},"content":{"rendered":"<p> <script async src=\"https:\/\/pagead2.googlesyndication.com\/pagead\/js\/adsbygoogle.js?client=ca-pub-8864793242727901\"\r\n     crossorigin=\"anonymous\"><\/script><br \/>\n<\/p>\n<div id=\"wtr-content\" data-bg=\"#FFFFFF\" data-fg=\"#006d91\" data-width=\"25\" data-mute=\"1\" data-fgopacity=\"1.00\" data-mutedopacity=\"0.5\" data-placement=\"bottom\" data-placement-offset=\"0\" data-content-offset=\"262\" data-placement-touch=\"bottom\" data-placement-offset-touch=\"0\" data-transparent=\"\" data-shadow=\"0\" data-touch=\"1\" data-non-touch=\"1\" data-comments=\"0\" data-commentsbg=\"transparent\" data-location=\"page\" data-mutedfg=\"#006d91\" data-endfg=\"#006d91\" data-rtl=\"\">\n<h4 class=\"wp-block-heading\">Ministro Dias Toffoli autorizou contrato do advogado Daniel Leite, considerado \u201cfigura instrumental\u201d do dono do Master pela Kroll<\/h4>\n<p>O ministro Dias Toffoli, do Supremo Tribunal Federal (STF), suspendeu uma investiga\u00e7\u00e3o contra um advogado apontado como \u201cfigura instrumental\u201d do empres\u00e1rio Daniel Vorcaro, do Banco Master.<\/p>\n<p>Na decis\u00e3o monocr\u00e1tica de 30 de setembro de 2025, Toffoli determinou o trancamento de uma investiga\u00e7\u00e3o do Minist\u00e9rio P\u00fablico do Maranh\u00e3o (MPMA) sobre a contrata\u00e7\u00e3o do escrit\u00f3rio de advocacia de Daniel de Faria Jer\u00f4nimo Leite pela C\u00e2mara Municipal de Imperatriz. O contrato rende ao escrit\u00f3rio cerca de R$ 180 mil por ano.<\/p>\n<p>O contrato entre o escrit\u00f3rio de Daniel Leite e a C\u00e2mara Municipal foi firmado em abril de 2023. Em abril de 2025, a C\u00e2mara Municipal decidiu renovar o contrato sem realizar nova licita\u00e7\u00e3o \u2014 o que, para o MPMA, poderia configurar improbidade administrativa.<\/p>\n<p>Na decis\u00e3o, Toffoli argumenta que n\u00e3o h\u00e1 improbidade administrativa sem dolo, isto \u00e9, sem inten\u00e7\u00e3o deliberada de cometer irregularidade. O ministro afirmou ainda que n\u00e3o havia \u201clastro m\u00ednimo\u201d para acusar o escrit\u00f3rio e a C\u00e2mara Municipal.<\/p>\n<p>Dias Toffoli foi o primeiro relator do caso Master no STF. No entanto, deixou de conduzir as investiga\u00e7\u00f5es em 12 de fevereiro, ap\u00f3s a imprensa revelar que ele manteve rela\u00e7\u00e3o comercial com Fabiano Zettel, cunhado de Daniel Vorcaro, no Resort Tayay\u00e1, em Ribeir\u00e3o Claro.<\/p>\n<p>Como mostrou a coluna, o resort operava um cassino com m\u00e1quinas ca\u00e7a-n\u00edquel e mesas de carteado.<\/p>\n<p>A coluna procurou Dias Toffoli, por meio da assessoria de imprensa do STF, nesta segunda-feira (27), mas n\u00e3o houve resposta. O espa\u00e7o segue aberto.<\/p>\n<h4 class=\"wp-block-heading\">A rela\u00e7\u00e3o de Daniel Leite com Vorcaro<\/h4>\n<p>Segundo investiga\u00e7\u00e3o t\u00e9cnica da empresa Kroll, anexada a um processo movido pelo Banco de Bras\u00edlia (BRB) contra Daniel Vorcaro,\u00a0Daniel Leite atuou como \u201cfigura instrumental\u201d de Vorcaro, de seu s\u00f3cio Maur\u00edcio Quadrado e do empres\u00e1rio Jo\u00e3o Carlos Mansur, da Reag.<\/p>\n<p>A investiga\u00e7\u00e3o da Kroll aponta que, em abril de 2025, Daniel Leite tomou um empr\u00e9stimo de R$ 93,7 milh\u00f5es e usou a maior parte dos recursos para comprar a\u00e7\u00f5es do BRB, por meio de fundos de investimento. Um deles, o Verbier, era administrado por Maur\u00edcio Quadrado.<\/p>\n<p>Para o BRB, Daniel Leite n\u00e3o teria capacidade patrimonial para obter esse empr\u00e9stimo, j\u00e1 que seu patrim\u00f4nio pessoal seria de cerca de R$ 6 milh\u00f5es. No processo, o advogado \u2014 que tamb\u00e9m foi procurador municipal em S\u00e3o Lu\u00eds \u2014 afirmou que a opera\u00e7\u00e3o era compat\u00edvel com seu patrim\u00f4nio, estimado por ele em R$ 75 milh\u00f5es.<\/p>\n<p>Segundo Daniel Leite, al\u00e9m do escrit\u00f3rio de advocacia, ele tamb\u00e9m seria propriet\u00e1rio rural. Em seu nome h\u00e1 uma empresa chamada D.L Agropecu\u00e1ria, com capital social registrado de R$ 200 mil. A empresa tem como endere\u00e7o uma fazenda em Barra do Corda (MA).<\/p>\n<p><a href=\"https:\/\/www.metropoles.com\/colunas\/andreza-matais\/toffoli-travou-apuracao-contra-advogado-considerado-figura-instrumental-de-vorcaro\">Cr\u00e9dito Metr\u00f3poles<\/a><\/p>\n<\/div>\n<p><br \/>\n<br \/><a href=\"https:\/\/paulofigueiredoshow.com\/toffoli-travou-apuracao-contra-advogado-considerado-figura-instrumental-de-vorcaro\/\">Source link <\/a><\/p>","protected":false},"excerpt":{"rendered":"<p>Ministro Dias Toffoli autorizou contrato do advogado Daniel Leite, considerado \u201cfigura instrumental\u201d do dono do Master pela Kroll O ministro Dias Toffoli, do Supremo Tribunal Federal (STF), suspendeu uma investiga\u00e7\u00e3o&hellip;<\/p>","protected":false},"author":1,"featured_media":133010,"comment_status":"closed","ping_status":"open","sticky":false,"template":"","format":"standard","meta":{"content-type":"","footnotes":""},"categories":[16],"tags":[],"class_list":["post-133009","post","type-post","status-publish","format-standard","has-post-thumbnail","hentry","category-noticias"],"_links":{"self":[{"href":"https:\/\/tvbrazilusa.com\/pt\/wp-json\/wp\/v2\/posts\/133009","targetHints":{"allow":["GET"]}}],"collection":[{"href":"https:\/\/tvbrazilusa.com\/pt\/wp-json\/wp\/v2\/posts"}],"about":[{"href":"https:\/\/tvbrazilusa.com\/pt\/wp-json\/wp\/v2\/types\/post"}],"author":[{"embeddable":true,"href":"https:\/\/tvbrazilusa.com\/pt\/wp-json\/wp\/v2\/users\/1"}],"replies":[{"embeddable":true,"href":"https:\/\/tvbrazilusa.com\/pt\/wp-json\/wp\/v2\/comments?post=133009"}],"version-history":[{"count":1,"href":"https:\/\/tvbrazilusa.com\/pt\/wp-json\/wp\/v2\/posts\/133009\/revisions"}],"predecessor-version":[{"id":133011,"href":"https:\/\/tvbrazilusa.com\/pt\/wp-json\/wp\/v2\/posts\/133009\/revisions\/133011"}],"wp:featuredmedia":[{"embeddable":true,"href":"https:\/\/tvbrazilusa.com\/pt\/wp-json\/wp\/v2\/media\/133010"}],"wp:attachment":[{"href":"https:\/\/tvbrazilusa.com\/pt\/wp-json\/wp\/v2\/media?parent=133009"}],"wp:term":[{"taxonomy":"category","embeddable":true,"href":"https:\/\/tvbrazilusa.com\/pt\/wp-json\/wp\/v2\/categories?post=133009"},{"taxonomy":"post_tag","embeddable":true,"href":"https:\/\/tvbrazilusa.com\/pt\/wp-json\/wp\/v2\/tags?post=133009"}],"curies":[{"name":"wp","href":"https:\/\/api.w.org\/{rel}","templated":true}]}}