{"id":133036,"date":"2026-05-03T14:33:48","date_gmt":"2026-05-03T14:33:48","guid":{"rendered":"https:\/\/tvbrazilusa.com\/2026\/05\/03\/flavio-visita-torres-na-papudinha-e-promete-lutar-por-anistia-total-paulo-figueiredo\/"},"modified":"2026-05-03T14:36:20","modified_gmt":"2026-05-03T14:36:20","slug":"flavio-visita-torres-na-papudinha-e-promete-lutar-por-anistia-total-paulo-figueiredo","status":"publish","type":"post","link":"https:\/\/tvbrazilusa.com\/pt\/2026\/05\/03\/flavio-visita-torres-na-papudinha-e-promete-lutar-por-anistia-total-paulo-figueiredo\/","title":{"rendered":"Fl\u00e1vio visita Torres na Papudinha e promete lutar por anistia total &#8211; Paulo Figueiredo"},"content":{"rendered":"<p> <script async src=\"https:\/\/pagead2.googlesyndication.com\/pagead\/js\/adsbygoogle.js?client=ca-pub-8864793242727901\"\r\n     crossorigin=\"anonymous\"><\/script><br \/>\n<\/p>\n<div id=\"wtr-content\" data-bg=\"#FFFFFF\" data-fg=\"#006d91\" data-width=\"25\" data-mute=\"1\" data-fgopacity=\"1.00\" data-mutedopacity=\"0.5\" data-placement=\"bottom\" data-placement-offset=\"0\" data-content-offset=\"262\" data-placement-touch=\"bottom\" data-placement-offset-touch=\"0\" data-transparent=\"\" data-shadow=\"0\" data-touch=\"1\" data-non-touch=\"1\" data-comments=\"0\" data-commentsbg=\"transparent\" data-location=\"page\" data-mutedfg=\"#006d91\" data-endfg=\"#006d91\" data-rtl=\"\">\n<h4 class=\"wp-block-heading\">Senador chama Anderson Torres, ex-ministro de Bolsonaro, de v\u00edtima do 8\/1 e critica puni\u00e7\u00f5es a condenados<\/h4>\n<p>O senador e pr\u00e9-candidato ao Pal\u00e1cio do Planalto,\u00a0Fl\u00e1vio Bolsonaro (PL-RJ), visitou o ex-ministro da Justi\u00e7a Anderson Torres na Papudinha, em Bras\u00edlia.<\/p>\n<p>Fl\u00e1vio afirmou que, no encontro, se comprometeu a lutar por anistia total e\u00a0considerou que o ex-ministro \u00e9 \u201cv\u00edtima da persegui\u00e7\u00e3o do 8 de janeiro\u201d.<\/p>\n<p>\u201cFalamos sobre seguran\u00e7a p\u00fablica e me comprometi a continuar lutando pela anistia total, para fazer justi\u00e7a integralmente a todas as v\u00edtimas da farsa da \u2018tentativa de golpe\u2019\u201d, escreveu Fl\u00e1vio no X.<\/p>\n<p>O encontro tamb\u00e9m ocorre em meio ao anivers\u00e1rio da esposa de Torres, Fl\u00e1via Torres. As visitas a condenados da suposta trama golpista ocorrem \u00e0s quartas-feiras e aos s\u00e1bados, por decis\u00e3o do ministro Alexandre de Moraes, do\u00a0Supremo Tribunal Federal (STF).<\/p>\n<p>Com a derrubada do veto \u00e0 dosimetria,\u00a0Torres tamb\u00e9m pode ser beneficiado com redu\u00e7\u00e3o de pena.\u00a0O ex-ministro foi condenado a 24 anos de pris\u00e3o. Apesar disso, a palavra final sobre eventual diminui\u00e7\u00e3o cabe ao pr\u00f3prio STF, respons\u00e1vel pela execu\u00e7\u00e3o da pena.<\/p>\n<p><strong><a href=\"https:\/\/www.metropoles.com\/colunas\/manoela-alcantara\/flavio-visita-torres-na-papudinha-e-promete-lutar-por-anistia-total\">Cr\u00e9dito Metr\u00f3poles<\/a><\/strong><\/p>\n<\/div>\n<p><br \/>\n<br \/><a href=\"https:\/\/paulofigueiredoshow.com\/flavio-visita-torres-na-papudinha-e-promete-lutar-por-anistia-total\/\">Source link <\/a><\/p>","protected":false},"excerpt":{"rendered":"<p>Senador chama Anderson Torres, ex-ministro de Bolsonaro, de v\u00edtima do 8\/1 e critica puni\u00e7\u00f5es a condenados O senador e pr\u00e9-candidato ao Pal\u00e1cio do Planalto,\u00a0Fl\u00e1vio Bolsonaro (PL-RJ), visitou o ex-ministro da&hellip;<\/p>","protected":false},"author":1,"featured_media":133037,"comment_status":"closed","ping_status":"open","sticky":false,"template":"","format":"standard","meta":{"content-type":"","footnotes":""},"categories":[16],"tags":[],"class_list":["post-133036","post","type-post","status-publish","format-standard","has-post-thumbnail","hentry","category-noticias"],"_links":{"self":[{"href":"https:\/\/tvbrazilusa.com\/pt\/wp-json\/wp\/v2\/posts\/133036","targetHints":{"allow":["GET"]}}],"collection":[{"href":"https:\/\/tvbrazilusa.com\/pt\/wp-json\/wp\/v2\/posts"}],"about":[{"href":"https:\/\/tvbrazilusa.com\/pt\/wp-json\/wp\/v2\/types\/post"}],"author":[{"embeddable":true,"href":"https:\/\/tvbrazilusa.com\/pt\/wp-json\/wp\/v2\/users\/1"}],"replies":[{"embeddable":true,"href":"https:\/\/tvbrazilusa.com\/pt\/wp-json\/wp\/v2\/comments?post=133036"}],"version-history":[{"count":1,"href":"https:\/\/tvbrazilusa.com\/pt\/wp-json\/wp\/v2\/posts\/133036\/revisions"}],"predecessor-version":[{"id":133038,"href":"https:\/\/tvbrazilusa.com\/pt\/wp-json\/wp\/v2\/posts\/133036\/revisions\/133038"}],"wp:featuredmedia":[{"embeddable":true,"href":"https:\/\/tvbrazilusa.com\/pt\/wp-json\/wp\/v2\/media\/133037"}],"wp:attachment":[{"href":"https:\/\/tvbrazilusa.com\/pt\/wp-json\/wp\/v2\/media?parent=133036"}],"wp:term":[{"taxonomy":"category","embeddable":true,"href":"https:\/\/tvbrazilusa.com\/pt\/wp-json\/wp\/v2\/categories?post=133036"},{"taxonomy":"post_tag","embeddable":true,"href":"https:\/\/tvbrazilusa.com\/pt\/wp-json\/wp\/v2\/tags?post=133036"}],"curies":[{"name":"wp","href":"https:\/\/api.w.org\/{rel}","templated":true}]}}