{"id":133051,"date":"2026-05-03T14:48:33","date_gmt":"2026-05-03T14:48:33","guid":{"rendered":"https:\/\/tvbrazilusa.com\/2026\/05\/03\/defesa-de-debora-vai-ao-stf-por-progressao-de-regime-e-cita-pl-da-dosimetria-paulo-figueiredo\/"},"modified":"2026-05-03T15:07:25","modified_gmt":"2026-05-03T15:07:25","slug":"defesa-de-debora-vai-ao-stf-por-progressao-de-regime-e-cita-pl-da-dosimetria-paulo-figueiredo","status":"publish","type":"post","link":"https:\/\/tvbrazilusa.com\/pt\/2026\/05\/03\/defesa-de-debora-vai-ao-stf-por-progressao-de-regime-e-cita-pl-da-dosimetria-paulo-figueiredo\/","title":{"rendered":"Defesa de D\u00e9bora vai ao STF por progress\u00e3o de regime e cita PL da Dosimetria &#8211; Paulo Figueiredo"},"content":{"rendered":"<p> <script async src=\"https:\/\/pagead2.googlesyndication.com\/pagead\/js\/adsbygoogle.js?client=ca-pub-8864793242727901\"\r\n     crossorigin=\"anonymous\"><\/script><br \/>\n<\/p>\n<div id=\"wtr-content\" data-bg=\"#FFFFFF\" data-fg=\"#006d91\" data-width=\"25\" data-mute=\"1\" data-fgopacity=\"1.00\" data-mutedopacity=\"0.5\" data-placement=\"bottom\" data-placement-offset=\"0\" data-content-offset=\"262\" data-placement-touch=\"bottom\" data-placement-offset-touch=\"0\" data-transparent=\"\" data-shadow=\"0\" data-touch=\"1\" data-non-touch=\"1\" data-comments=\"0\" data-commentsbg=\"transparent\" data-location=\"page\" data-mutedfg=\"#006d91\" data-endfg=\"#006d91\" data-rtl=\"\">\n<h4 class=\"wp-block-heading\">Advogados protocolaram peti\u00e7\u00e3o nesta sexta-feira, 1\u00ba; pedido ainda n\u00e3o foi analisado<\/h4>\n<p>A defesa da cabeleireira D\u00e9bora Rodrigues dos Santos, a \u201cD\u00e9bora do Batom\u201d, apresentou ao\u00a0Supremo Tribunal Federal (STF)\u00a0um pedido de redu\u00e7\u00e3o de pena e de progress\u00e3o de regime e citou o PL da Dosimetria.<\/p>\n<p>Na quinta-feira 30, o Congresso Nacional, em sess\u00e3o conjunta, derrubou o veto do presidente Lula \u00e0 proposta, que muda a forma de impor pena aos r\u00e9us do 8 de janeiro e prev\u00ea redu\u00e7\u00e3o do tempo para progress\u00e3o de regime.<\/p>\n<p>A defesa tamb\u00e9m afirma que D\u00e9bora \u201cj\u00e1 cumpriu mais de tr\u00eas anos de pena, encontrando-se em fase final de implementa\u00e7\u00e3o do lapso exigido\u201d para progress\u00e3o ao regime semiaberto. E, soma-se a isso, a nova lei aprovada pelo Congresso, que permitir\u00e1 a progress\u00e3o.<\/p>\n<p>Na peti\u00e7\u00e3o, protocolada nesta sexta-feira, 1\u00ba, os advogados afirmam que, embora ainda n\u00e3o publicada, a lei tem a inten\u00e7\u00e3o de alcan\u00e7ar os condenados pelo 8 de janeiro. \u201cAinda que pendente de vig\u00eancia formal, sua aprova\u00e7\u00e3o j\u00e1 revela orienta\u00e7\u00e3o normativa inequ\u00edvoca, que dever\u00e1 impactar diretamente o c\u00e1lculo da pena da apenada\u201d, escreveram os profissionais.<\/p>\n<p>Conforme a Constitui\u00e7\u00e3o Federal, a lei penal mais ben\u00e9fica retroage para beneficiar o r\u00e9u. \u201cA imin\u00eancia do implemento do requisito objetivo, aliada \u00e0 conduta irrepreens\u00edvel da apenada, autoriza a concess\u00e3o de tutela de urg\u00eancia para determinar a imediata progress\u00e3o de regime\u201d, diz a defesa.<\/p>\n<p>O PL da Dosimetria altera o c\u00e1lculo de penas ao proibir a soma de penas dos crimes de aboli\u00e7\u00e3o violenta do Estado e golpe de Estado, o que \u00e9 j\u00e1 era um entendimento de muitos juristas, inclusive ministros do STF. A norma tamb\u00e9m prev\u00ea redu\u00e7\u00e3o de pena de um sexto a um dois ter\u00e7os para crimes cometidos por multid\u00f5es e permite progress\u00e3o de regime depois do cumprimento de um sexto da pena, em vez de um quarto.<\/p>\n<h4 class=\"wp-block-heading\" id=\"h-monitoramento-eletronico\">Monitoramento eletr\u00f4nico<\/h4>\n<p>Al\u00e9m disso, a peti\u00e7\u00e3o informa que D\u00e9bora tem conduta irrepreens\u00edvel no cumprimento da pena \u2014 ela est\u00e1 em pris\u00e3o domiciliar com uso de tornozeleira eletr\u00f4nica. Recentemente, o relator do processo de execu\u00e7\u00e3o penal, Alexandre de Moraes, mandou a defesa se manifestar sobre falhas no monitoramento eletr\u00f4nico.<\/p>\n<p>A defesa afirma que os registros de aus\u00eancia de sinal de GPS \u201cn\u00e3o indicam qualquer tentativa de evas\u00e3o ou descumprimento deliberado das condi\u00e7\u00f5es impostas\u201d.<\/p>\n<p>Isso decorre, segundo a peti\u00e7\u00e3o, \u201ccom elevada probabilidade, de falhas t\u00e9cnicas inerentes ao sistema de monitoramento eletr\u00f4nico, n\u00e3o sendo aptas a caracterizar falta disciplinar\u201d. \u201cA apenada permaneceu em sua resid\u00eancia, inexistindo qualquer elemento concreto que demonstre viola\u00e7\u00e3o das condi\u00e7\u00f5es estabelecidas.\u201d<\/p>\n<p>D\u00e9bora foi condenada a 14 anos de pris\u00e3o por ter manchado, com batom, a est\u00e1tua \u201cA Justi\u00e7a\u201d durante os atos de 8 de janeiro de 2023.<\/p>\n<p><strong><a href=\"https:\/\/revistaoeste.com\/politica\/defesa-de-debora-vai-ao-stf-para-reduzir-pena-com-base-no-pl-da-dosimetria\/\">Cr\u00e9dito Revista Oeste<\/a><\/strong><\/p>\n<\/div>\n<p><br \/>\n<br \/><a href=\"https:\/\/paulofigueiredoshow.com\/defesa-de-debora-vai-ao-stf-por-progressao-de-regime-e-cita-pl-da-dosimetria\/\">Source link <\/a><\/p>","protected":false},"excerpt":{"rendered":"<p>Advogados protocolaram peti\u00e7\u00e3o nesta sexta-feira, 1\u00ba; pedido ainda n\u00e3o foi analisado A defesa da cabeleireira D\u00e9bora Rodrigues dos Santos, a \u201cD\u00e9bora do Batom\u201d, apresentou ao\u00a0Supremo Tribunal Federal (STF)\u00a0um pedido de&hellip;<\/p>","protected":false},"author":1,"featured_media":133052,"comment_status":"closed","ping_status":"open","sticky":false,"template":"","format":"standard","meta":{"content-type":"","footnotes":""},"categories":[16],"tags":[],"class_list":["post-133051","post","type-post","status-publish","format-standard","has-post-thumbnail","hentry","category-noticias"],"_links":{"self":[{"href":"https:\/\/tvbrazilusa.com\/pt\/wp-json\/wp\/v2\/posts\/133051","targetHints":{"allow":["GET"]}}],"collection":[{"href":"https:\/\/tvbrazilusa.com\/pt\/wp-json\/wp\/v2\/posts"}],"about":[{"href":"https:\/\/tvbrazilusa.com\/pt\/wp-json\/wp\/v2\/types\/post"}],"author":[{"embeddable":true,"href":"https:\/\/tvbrazilusa.com\/pt\/wp-json\/wp\/v2\/users\/1"}],"replies":[{"embeddable":true,"href":"https:\/\/tvbrazilusa.com\/pt\/wp-json\/wp\/v2\/comments?post=133051"}],"version-history":[{"count":1,"href":"https:\/\/tvbrazilusa.com\/pt\/wp-json\/wp\/v2\/posts\/133051\/revisions"}],"predecessor-version":[{"id":133053,"href":"https:\/\/tvbrazilusa.com\/pt\/wp-json\/wp\/v2\/posts\/133051\/revisions\/133053"}],"wp:featuredmedia":[{"embeddable":true,"href":"https:\/\/tvbrazilusa.com\/pt\/wp-json\/wp\/v2\/media\/133052"}],"wp:attachment":[{"href":"https:\/\/tvbrazilusa.com\/pt\/wp-json\/wp\/v2\/media?parent=133051"}],"wp:term":[{"taxonomy":"category","embeddable":true,"href":"https:\/\/tvbrazilusa.com\/pt\/wp-json\/wp\/v2\/categories?post=133051"},{"taxonomy":"post_tag","embeddable":true,"href":"https:\/\/tvbrazilusa.com\/pt\/wp-json\/wp\/v2\/tags?post=133051"}],"curies":[{"name":"wp","href":"https:\/\/api.w.org\/{rel}","templated":true}]}}