{"id":13337,"date":"2024-07-31T15:55:29","date_gmt":"2024-07-31T15:55:29","guid":{"rendered":"https:\/\/tvbrazilusa.com\/2024\/07\/31\/menino-desaparecido-de-14-anos-e-encontrado-em-seguranca-diz-policia-de-altamonte-springs\/"},"modified":"2024-07-31T16:01:22","modified_gmt":"2024-07-31T16:01:22","slug":"menino-desaparecido-de-14-anos-e-encontrado-em-seguranca-diz-policia-de-altamonte-springs","status":"publish","type":"post","link":"https:\/\/tvbrazilusa.com\/pt\/2024\/07\/31\/menino-desaparecido-de-14-anos-e-encontrado-em-seguranca-diz-policia-de-altamonte-springs\/","title":{"rendered":"Menino desaparecido de 14 anos \u00e9 encontrado em seguran\u00e7a, diz pol\u00edcia de Altamonte Springs"},"content":{"rendered":"<script async src=\"https:\/\/pagead2.googlesyndication.com\/pagead\/js\/adsbygoogle.js?client=ca-pub-8864793242727901\"\r\n     crossorigin=\"anonymous\"><\/script>\n<div id=\"\">\n<p class=\"dist__Box-sc-1fnzlkn-0 dist__TextBase-sc-1fnzlkn-3 CGHCP htMUPQ article-text\"><strong>ALTAMONTE SPRINGS, Fl\u00f3rida.<\/strong> \u2013 ATUALIZA\u00c7\u00c3O: Um garoto de 14 anos que havia sido dado como desaparecido em Altamonte Springs foi encontrado em seguran\u00e7a, disse a pol\u00edcia na quarta-feira.<\/p>\n<p class=\"dist__Box-sc-1fnzlkn-0 dist__TextBase-sc-1fnzlkn-3 CGHCP htMUPQ article-text\">Detalhes sobre essa recupera\u00e7\u00e3o n\u00e3o foram divulgados.<\/p>\n<p class=\"dist__Box-sc-1fnzlkn-0 dist__TextBase-sc-1fnzlkn-3 CGHCP htMUPQ article-text\">HIST\u00d3RIA ORIGINAL: Um alerta estadual foi emitido para um garoto de 14 anos desaparecido no Condado de Seminole, de acordo com o Departamento de Pol\u00edcia da Fl\u00f3rida.<\/p>\n<p class=\"dist__Box-sc-1fnzlkn-0 dist__TextBase-sc-1fnzlkn-3 CGHCP htMUPQ article-text\">Ahmir Collier est\u00e1 desaparecido desde ter\u00e7a-feira e foi visto pela \u00faltima vez na \u00e1rea do quarteir\u00e3o 800 da Meiner Boulevard em Altamonte Springs, afirma um panfleto do FDLE.<\/p>\n<p class=\"dist__Box-sc-1fnzlkn-0 dist__TextBase-sc-1fnzlkn-3 CGHCP htMUPQ article-text\">Collier tem 1,85 m de altura e 82 kg, foi visto pela \u00faltima vez vestindo uma camisa branca, um moletom branco com capuz e shorts pretos de basquete, de acordo com o FDLE. Ele tamb\u00e9m pode estar usando \u00f3culos, disseram as autoridades.<\/p>\n<p class=\"dist__Box-sc-1fnzlkn-0 dist__TextBase-sc-1fnzlkn-3 CGHCP htMUPQ article-text\">Qualquer pessoa que veja Collier ou tenha informa\u00e7\u00f5es sobre seu paradeiro \u00e9 convidada a <a href=\"https:\/\/www.fdle.state.fl.us\/Contact-Us#:~:text=Call%20FDLE%20Headquarters%3A%20850%2D410%2D7000\" target=\"_blank\" rel=\"noopener\">contato FDLE<\/a> ou o Departamento de Pol\u00edcia de Altamonte Springs em 407-339-2441 ou 911.<\/p>\n<p class=\"dist__Box-sc-1fnzlkn-0 dist__TextBase-sc-1fnzlkn-3 CGHCP htMUPQ article-text\"><i>Nota: Este mapa descreve a \u00e1rea geral onde Collier foi visto pela \u00faltima vez e n\u00e3o necessariamente um local exato.<\/i><\/p>\n<hr class=\"dist__Box-sc-1fnzlkn-0 dist__BaseDivider-sc-1fnzlkn-8 NJMqq\"\/>\n<p class=\"dist__Box-sc-1fnzlkn-0 dist__TextBase-sc-1fnzlkn-3 CGHCP htMUPQ article-text\"><b>Receba as manchetes de hoje em minutos com <\/b><a href=\"https:\/\/podcasts.apple.com\/us\/podcast\/your-florida-daily\/id1632084191\"><b>Seu di\u00e1rio da Fl\u00f3rida<\/b><\/a><b>:<\/b><\/p>\n<\/div>\n<p>Copyright 2024 por WKMG ClickOrlando &#8211; Todos os direitos reservados.<\/p>\n<p><br \/>\n<br \/><a href=\"https:\/\/www.clickorlando.com\/news\/local\/2024\/07\/31\/14-year-old-boy-missing-out-of-altamonte-springs\/\">Source link <\/a><\/p>","protected":false},"excerpt":{"rendered":"<p>ALTAMONTE SPRINGS, Fl\u00f3rida. \u2013 ATUALIZA\u00c7\u00c3O: Um garoto de 14 anos que havia sido dado como desaparecido em Altamonte Springs foi encontrado em seguran\u00e7a, disse a pol\u00edcia na quarta-feira. Detalhes sobre&hellip;<\/p>","protected":false},"author":1,"featured_media":13338,"comment_status":"closed","ping_status":"open","sticky":false,"template":"","format":"standard","meta":{"content-type":"","footnotes":""},"categories":[1],"tags":[3511,2134,1516],"class_list":["post-13337","post","type-post","status-publish","format-standard","has-post-thumbnail","hentry","category-uncategorized","tag-altamonte-springs","tag-ausente","tag-condado-de-seminole"],"_links":{"self":[{"href":"https:\/\/tvbrazilusa.com\/pt\/wp-json\/wp\/v2\/posts\/13337","targetHints":{"allow":["GET"]}}],"collection":[{"href":"https:\/\/tvbrazilusa.com\/pt\/wp-json\/wp\/v2\/posts"}],"about":[{"href":"https:\/\/tvbrazilusa.com\/pt\/wp-json\/wp\/v2\/types\/post"}],"author":[{"embeddable":true,"href":"https:\/\/tvbrazilusa.com\/pt\/wp-json\/wp\/v2\/users\/1"}],"replies":[{"embeddable":true,"href":"https:\/\/tvbrazilusa.com\/pt\/wp-json\/wp\/v2\/comments?post=13337"}],"version-history":[{"count":1,"href":"https:\/\/tvbrazilusa.com\/pt\/wp-json\/wp\/v2\/posts\/13337\/revisions"}],"predecessor-version":[{"id":13339,"href":"https:\/\/tvbrazilusa.com\/pt\/wp-json\/wp\/v2\/posts\/13337\/revisions\/13339"}],"wp:featuredmedia":[{"embeddable":true,"href":"https:\/\/tvbrazilusa.com\/pt\/wp-json\/wp\/v2\/media\/13338"}],"wp:attachment":[{"href":"https:\/\/tvbrazilusa.com\/pt\/wp-json\/wp\/v2\/media?parent=13337"}],"wp:term":[{"taxonomy":"category","embeddable":true,"href":"https:\/\/tvbrazilusa.com\/pt\/wp-json\/wp\/v2\/categories?post=13337"},{"taxonomy":"post_tag","embeddable":true,"href":"https:\/\/tvbrazilusa.com\/pt\/wp-json\/wp\/v2\/tags?post=13337"}],"curies":[{"name":"wp","href":"https:\/\/api.w.org\/{rel}","templated":true}]}}