{"id":13343,"date":"2024-07-31T15:49:01","date_gmt":"2024-07-31T15:49:01","guid":{"rendered":"https:\/\/tvbrazilusa.com\/2024\/07\/31\/novo-orcamento-estadual-permite-uma-comissao-especial-sobre-antissemitismo-eis-o-que-ela-fara\/"},"modified":"2024-07-31T16:05:43","modified_gmt":"2024-07-31T16:05:43","slug":"novo-orcamento-estadual-permite-uma-comissao-especial-sobre-antissemitismo-eis-o-que-ela-fara","status":"publish","type":"post","link":"https:\/\/tvbrazilusa.com\/pt\/2024\/07\/31\/novo-orcamento-estadual-permite-uma-comissao-especial-sobre-antissemitismo-eis-o-que-ela-fara\/","title":{"rendered":"Novo or\u00e7amento estadual permite uma Comiss\u00e3o Especial sobre Antissemitismo. Eis o que ela far\u00e1."},"content":{"rendered":"<p> <script async src=\"https:\/\/pagead2.googlesyndication.com\/pagead\/js\/adsbygoogle.js?client=ca-pub-8864793242727901\"\r\n     crossorigin=\"anonymous\"><\/script><br \/>\n<\/p>\n<div id=\"\">\n<header class=\"m-article-header m-article-header--standard\">\n\t\t\t\t\t\t\t\t\t\t\t\t<span id=\"article-header-primary-term\"><br \/>\n\t\t\t\t\t\t\t\t<a class=\"a-term a-term--primary\" href=\"https:\/\/www.boston.com\/tag\/politics\/\"><\/p>\n<p>\t\t\t\t\t\t\t\tPol\u00edtica\t\t\t\t\t\t\t\t<\/a><br \/>\n\t\t\t\t\t\t\t<\/span><\/p>\n<h2 class=\"m-article-header__sub-headline\">Um total de 440 incidentes antissemitas em Massachusetts foram registrados pela Liga Antidifama\u00e7\u00e3o em 2023 \u2013 um aumento de 189% em rela\u00e7\u00e3o ao ano anterior.<\/h2>\n<figure class=\"a-photo m-article-header__photo\"><figcaption class=\"a-photo__caption\">\n<p>\tA governadora Maura Healey discursa ap\u00f3s assinar o or\u00e7amento fiscal de 2025 na Massachusetts State House, em Boston. <em> Kayla Bartkowski para o Boston Globe<\/em>\t<\/figcaption><\/figure>\n<\/header>\n<p>A nova missa. <a href=\"https:\/\/www.mass.gov\/news\/governor-healey-and-lieutenant-governor-driscoll-sign-5778-billion-fiscal-year-2025-budget\">Or\u00e7amento do Estado<\/a>assinado por <a href=\"https:\/\/www.boston.com\/tag\/maura-healey\/\">Governadora Maura Healey<\/a> na segunda-feira, inclui uma Comiss\u00e3o Especial sobre Antissemitismo e orienta\u00e7\u00f5es para fornecer recursos \u00e0s escolas para lidar com o \u00f3dio contra o povo judeu.<\/p>\n<p>&#8220;Ter uma comiss\u00e3o para realmente se aprofundar e estudar isso e fazer recomenda\u00e7\u00f5es pr\u00e1ticas e, ao mesmo tempo, destacar o DESE para desenvolver recursos e curr\u00edculos baseados em evid\u00eancias pode realmente mudar o jogo e servir de modelo para outros estados na tentativa de combater um problema que est\u00e1 ficando cada vez maior agora&#8221;, disse a vice-presidente da Divis\u00e3o Leste da Liga Antidifama\u00e7\u00e3o, Peggy Shukar, ao Boston.com.<\/p>\n<p><a href=\"https:\/\/malegislature.gov\/Budget\/FY2025\/SenateDebate\/Amendments\/803\">A emenda or\u00e7amental<\/a> vem como <a href=\"https:\/\/www.boston.com\/news\/local-news\/2024\/04\/20\/new-england-has-seen-a-stunning-increase-in-antisemitic-incidents-says-adl\/#comments\">incidentes de antissemitismo<\/a> atingiu um aumento de 205% de 2022 a 2023 em toda a Nova Inglaterra, <a href=\"https:\/\/newengland.adl.org\/news\/antisemitic-incidents-in-new-england-soared-205-percent-in-2023\/\">de acordo com a ADL<\/a>. Um total de 440 incidentes antissemitas em Massachusetts foram registrados pela ADL em 2023 \u2013 um aumento de 189% em rela\u00e7\u00e3o ao ano anterior.<\/p>\n<p>\u201cO que ouvimos dos membros da comunidade \u00e9 uma sensa\u00e7\u00e3o real e genu\u00edna de medo\u201d, disse Jeremy Burton, CEO do Jewish Community Relations Council of Greater Boston, ao Boston.com.<\/p>\n<h2 class=\"wp-block-heading\" id=\"h-what-the-commission-will-do\">O que a comiss\u00e3o far\u00e1<\/h2>\n<p>A comiss\u00e3o relatar\u00e1 tend\u00eancias de dados relacionadas ao antissemitismo e avaliar\u00e1 os estatutos de crimes de \u00f3dio da Commonwealth. Ela tamb\u00e9m identificar\u00e1 e avaliar\u00e1 os esfor\u00e7os para combater o antissemitismo na Commonwealth, revisando as melhores pr\u00e1ticas de outros estados e jurisdi\u00e7\u00f5es.<\/p>\n<p>A emenda exige que a comiss\u00e3o apresente um relat\u00f3rio do estudo e recomenda\u00e7\u00f5es estrat\u00e9gicas at\u00e9 30 de novembro. <\/p>\n<p>O \u201ccronograma apertado\u201d, disse Shukar, \u201cressalta a urg\u00eancia do momento\u201d.<\/p>\n<p>A comiss\u00e3o tamb\u00e9m tem a tarefa de fazer recomenda\u00e7\u00f5es para implementar a<a href=\"https:\/\/www.whitehouse.gov\/wp-content\/uploads\/2023\/05\/U.S.-National-Strategy-to-Counter-Antisemitism.pdf\"> Estrat\u00e9gia da Casa Branca para combater o antissemitismo<\/a> na Comunidade.<\/p>\n<p>Burton disse que a comiss\u00e3o usar\u00e1 a estrat\u00e9gia nacional para fazer recomenda\u00e7\u00f5es para combater o antissemitismo em \u201ctodos os n\u00edveis da sociedade\u201d e aconselhar o Legislativo sobre as melhores a\u00e7\u00f5es a serem tomadas.<\/p>\n<p>\u201cH\u00e1 uma oportunidade real aqui para pessoas de toda a sociedade de Massachusetts, de todo o governo de Massachusetts e da comunidade terem uma conversa p\u00fablica s\u00e9ria sobre como combater o antissemitismo e buscar a\u00e7\u00f5es concretas que possam recomendar ao legislativo, ao governador e a outros atores em nosso espa\u00e7o c\u00edvico\u201d, disse Burton.<\/p>\n<p>A comiss\u00e3o ser\u00e1 composta por tr\u00eas pessoas nomeadas pelo presidente do Senado, tr\u00eas pessoas nomeadas pelo presidente da C\u00e2mara e duas pessoas nomeadas pelo governador. <\/p>\n<p>Comiss\u00e1rios de educa\u00e7\u00e3o, advogados de Massachusetts e a Pol\u00edcia Estadual de Massachusetts estar\u00e3o representados, assim como membros de organiza\u00e7\u00f5es comunit\u00e1rias judaicas e especialistas em direitos civis.<\/p>\n<h2 class=\"wp-block-heading\" id=\"h-addressing-antisemitism-in-schools-nbsp\">Abordando o antissemitismo nas escolas <\/h2>\n<p>As escolas receber\u00e3o recursos para abordar o antissemitismo, incluindo curr\u00edculos modelo e baseados em evid\u00eancias, orienta\u00e7\u00e3o para auxiliar na sele\u00e7\u00e3o de materiais e desenvolvimento profissional e treinamento sobre \u201cantissemitismo, \u00f3dio e discrimina\u00e7\u00e3o \u00e9tnica, racial e religiosa\u201d. <\/p>\n<p>\u201cOrientar e autorizar o DESE a fornecer curr\u00edculo e orienta\u00e7\u00e3o baseados em modelos e evid\u00eancias, al\u00e9m de treinamento de desenvolvimento profissional \u00e9 algo que essas escolas est\u00e3o desejando e receber\u00e3o com satisfa\u00e7\u00e3o se for bem feito\u201d, disse Burton.<\/p>\n<p>Shukar disse que ensinar sobre \u201cquem \u00e9 o povo judeu e qual \u00e9 a experi\u00eancia judaica\u201d nas escolas \u00e9 uma \u201cmaneira eficaz de impedir que as pessoas adiram a cren\u00e7as antissemitas\u201d.<\/p>\n<p>\u201cFocar nas escolas para que haja melhores recursos, curr\u00edculo e respostas \u00e9 realmente algo que precisa ser priorizado\u201d, disse Shukar.<\/p>\n<h2 class=\"wp-block-heading\" id=\"h-pushback\">Retrocesso<\/h2>\n<p>Nas \u00faltimas semanas, o cap\u00edtulo de Massachusetts do Conselho de Rela\u00e7\u00f5es Americano-Isl\u00e2micas e outros grupos instaram Healey a vetar as medidas de combate ao antissemitismo e <a href=\"https:\/\/www.cairma.org\/wp-content\/uploads\/2024\/07\/CAIR-MA-Mid-Year-Islamophobia-Report-7-23-24-.pdf\">citou um aumento nos incidentes anti-mu\u00e7ulmanos<\/a> relatado a eles em 2023.<\/p>\n<p>\u201cO CAIR-MA apoia firmemente medidas para abordar todas as formas de preconceito religioso\u201d, disse Tahirah Amatul-Wadud, diretora executiva do CAIR-MA, <a href=\"https:\/\/www.cair.com\/press_releases\/cair-ma-urges-governor-healey-to-veto-backdoor-antisemitism-bills-that-ignore-other-forms-of-bigotry-bypass-public-input\/\">em um comunicado<\/a>. \u201cNo entanto, nenhuma outra identidade religiosa \u00e9 protegida por essas propostas.\u201d<\/p>\n<p>Burton disse que \u00e9 uma \u201cbandeira falsa\u201d \u201ccolocar o antissemitismo contra outras formas de \u00f3dio e dizer que, ao abordar isso, estamos negando essas formas\u201d.<\/p>\n<p>O antissemitismo \u00e9 uma \u201cforma muito espec\u00edfica de intoler\u00e2ncia e \u00f3dio\u201d e n\u00e3o deve ser confundido com outras formas de \u00f3dio, disse Burton.<\/p>\n<p>\u201cSem olhar para [types of hatred] em suas particularidades, como eles aparecem, como eles representam, n\u00f3s frequentemente os achatamos e achatamos nossa compreens\u00e3o do que eles s\u00e3o\u201d, ele disse. \u201c[Antisemitism] precisa ser compreendido e abordado especificamente em suas pr\u00f3prias formas representativas particulares, mesmo que algu\u00e9m esteja comprometido em combater todas as formas de \u00f3dio.\u201d<\/p>\n<div class=\"m-block m-generic-cta\t m-generic-cta--post-content\t m-generic-cta--dark\t m-generic-cta--homepage\t m-generic-cta--email-signup\t\t m-generic-cta-block-style--default \tt-amp__generic-cta\"><\/p>\n<div class=\"m-generic-cta__wrap\">\n<div class=\"m-generic-cta__content\">\n<h3 class=\"m-generic-cta__title\">Inscri\u00e7\u00e3o no boletim informativo<\/h3>\n<p class=\"m-generic-cta__subtitle\">Fique por dentro das \u00faltimas not\u00edcias do Boston.com<\/p>\n<\/p><\/div>\n<\/p><\/div>\n<\/div><\/div>\n<p><script>\n\t\tvar consent=\"grant\";\n\t\t\/* The above code is parsing the JSON data from the local storage and storing it in a variable. *\/\n\t\t\t\t\tconst onetrustStorageConsent = JSON.parse(localStorage.getItem( 'consent_one_trust_bdc' ) );\n\t\t\tif ( ( onetrustStorageConsent !== null ) ) {\n\t\t\t\t\/* Checking to see if the user has consented to the use of cookies.\n\t\t\t\t* If they have not, it is deleting the cookie.\n\t\t\t\t* This will comment for now, until further notice.\n\t\t\t\t*\/\n\t\t\t\t\/\/if ( onetrustStorageConsent.C0002 === false ) {\n\t\t\t\t\/\/\tdocument.cookie=\"_fbp=;expires=Thu, 01 Jan 2010 00:00:00 UTC; path=\/; domain=.boston.com\";\n\t\t\t\t\/\/}\n\t\t\t\t\/* Checking if the user has given consent for the cookie C0002.\n\t\t\t\t* If the user has given consent, the variable consent will be set to 'grant'.\n\t\t\t\t* If the user has not given consent,the variable consent will be set to 'revoke'.\n\t\t\t\t* Documentation https:\/\/developers.facebook.com\/docs\/meta-pixel\/implementation\/gdpr\n\t\t\t\t*\/\n\t\t\t\tif ( onetrustStorageConsent.C0002 !== true ) {\n\t\t\t\t\tconsent=\"revoke\";\n\t\t\t\t}\n\t\t\t}\n\t\t\t\t!function(f,b,e,v,n,t,s)\n\t\t{if(f.fbq)return;n=f.fbq=function(){n.callMethod?\n\t\tn.callMethod.apply(n,arguments):n.queue.push(arguments)};\n\t\tif(!f._fbq)f._fbq=n;n.push=n;n.loaded=!0;n.version='2.0';\n\t\tn.queue=[];t=b.createElement(e);t.async=!0;\n\t\tt.src=v;s=b.getElementsByTagName(e)[0];\n\t\ts.parentNode.insertBefore(t,s)}(window, document,'script',\n\t\t'https:\/\/connect.facebook.net\/en_US\/fbevents.js');\n\t\tfbq('consent', consent);\n\t\tfbq('init', '989222871864976');\n\t\tfbq('track', 'PageView');\n\t<\/script><script type=\"module\">\n\t\tvar consent=\"grant\";\n\t\t\/* The above code is parsing the JSON data from the local storage and storing it in a variable. *\/\n\t\t\tconst onetrustStorageConsent = JSON.parse(localStorage.getItem( 'consent_one_trust_bdc' ) );\n\t\t\t\/* Checking to see if the user has consented to the use of cookies.\n\t\t\t* If they have not, it is deleting the cookie.\n\t\t\t* This will comment for now, until further notice.\n\t\t\t*\/\n\t\t\t\/\/if ( onetrustStorageConsent.C0002 === false ) {\n\t\t\t\/\/\tdocument.cookie=\"_fbp=;expires=Thu, 01 Jan 2010 00:00:00 UTC; path=\/; domain=.boston.com\";\n\t\t\t\/\/}\n\t\t\t\/* Checking if the user has given consent for the cookie C0002.\n\t\t\t* If the user has given consent, the variable consent will be set to 'grant'.\n\t\t\t* If the user has not given consent,the variable consent will be set to 'revoke'.\n\t\t\t* Documentation https:\/\/developers.facebook.com\/docs\/meta-pixel\/implementation\/gdpr\n\t\t\t*\/\n\t\t\tif ( ( onetrustStorageConsent !== null ) && (onetrustStorageConsent.C0002 !== true ) ) {\n\t\t\t\tconsent=\"revoke\";\n\t\t\t}\n\t\t\t\t!function(f,b,e,v,n,t,s){if(f.fbq)return;n=f.fbq=function()\n\t\t{n.callMethod? n.callMethod.apply(n,arguments):n.queue.push(arguments)}\n\t\t;if(!f._fbq)f._fbq=n;\n\t\tn.push=n;n.loaded=!0;n.version='2.0';n.queue=[];t=b.createElement(e);t.async=!0;\n\t\tt.src=v;s=b.getElementsByTagName(e)[0];s.parentNode.insertBefore(t,s)}(window,\n\t\tdocument,'script','https:\/\/connect.facebook.net\/en_US\/fbevents.js');\n\t\tfbq('consent', consent);\n\t\tfbq('init', '813236348753005');\n\t\tfbq('track', \"PageView\");\n\t<\/script><br \/>\n<br \/><br \/>\n<br \/><a href=\"https:\/\/www.boston.com\/news\/politics\/2024\/07\/31\/massachusetts-budget-special-commission-onantisemitism-what-it-will-do\/\">Source link <\/a><\/p>","protected":false},"excerpt":{"rendered":"<p>Pol\u00edtica Um total de 440 incidentes antissemitas em Massachusetts foram registrados pela Liga Antidifama\u00e7\u00e3o em 2023 \u2013 um aumento de 189% em rela\u00e7\u00e3o ao ano anterior. A governadora Maura Healey&hellip;<\/p>","protected":false},"author":1,"featured_media":13344,"comment_status":"closed","ping_status":"open","sticky":false,"template":"","format":"standard","meta":{"content-type":"","footnotes":""},"categories":[1],"tags":[],"class_list":["post-13343","post","type-post","status-publish","format-standard","has-post-thumbnail","hentry","category-uncategorized"],"_links":{"self":[{"href":"https:\/\/tvbrazilusa.com\/pt\/wp-json\/wp\/v2\/posts\/13343","targetHints":{"allow":["GET"]}}],"collection":[{"href":"https:\/\/tvbrazilusa.com\/pt\/wp-json\/wp\/v2\/posts"}],"about":[{"href":"https:\/\/tvbrazilusa.com\/pt\/wp-json\/wp\/v2\/types\/post"}],"author":[{"embeddable":true,"href":"https:\/\/tvbrazilusa.com\/pt\/wp-json\/wp\/v2\/users\/1"}],"replies":[{"embeddable":true,"href":"https:\/\/tvbrazilusa.com\/pt\/wp-json\/wp\/v2\/comments?post=13343"}],"version-history":[{"count":1,"href":"https:\/\/tvbrazilusa.com\/pt\/wp-json\/wp\/v2\/posts\/13343\/revisions"}],"predecessor-version":[{"id":13345,"href":"https:\/\/tvbrazilusa.com\/pt\/wp-json\/wp\/v2\/posts\/13343\/revisions\/13345"}],"wp:featuredmedia":[{"embeddable":true,"href":"https:\/\/tvbrazilusa.com\/pt\/wp-json\/wp\/v2\/media\/13344"}],"wp:attachment":[{"href":"https:\/\/tvbrazilusa.com\/pt\/wp-json\/wp\/v2\/media?parent=13343"}],"wp:term":[{"taxonomy":"category","embeddable":true,"href":"https:\/\/tvbrazilusa.com\/pt\/wp-json\/wp\/v2\/categories?post=13343"},{"taxonomy":"post_tag","embeddable":true,"href":"https:\/\/tvbrazilusa.com\/pt\/wp-json\/wp\/v2\/tags?post=13343"}],"curies":[{"name":"wp","href":"https:\/\/api.w.org\/{rel}","templated":true}]}}