{"id":13348,"date":"2024-07-31T15:25:08","date_gmt":"2024-07-31T15:25:08","guid":{"rendered":"https:\/\/tvbrazilusa.com\/2024\/07\/31\/ue-nao-vai-reconhecer-eleicao-na-venezuela-enquanto-o-cne-nao-divulgar-todas-as-atas-paulo-figueiredo\/"},"modified":"2024-07-31T16:18:56","modified_gmt":"2024-07-31T16:18:56","slug":"ue-nao-vai-reconhecer-eleicao-na-venezuela-enquanto-o-cne-nao-divulgar-todas-as-atas-paulo-figueiredo","status":"publish","type":"post","link":"https:\/\/tvbrazilusa.com\/pt\/2024\/07\/31\/ue-nao-vai-reconhecer-eleicao-na-venezuela-enquanto-o-cne-nao-divulgar-todas-as-atas-paulo-figueiredo\/","title":{"rendered":"UE n\u00e3o vai reconhecer elei\u00e7\u00e3o na Venezuela enquanto o CNE n\u00e3o divulgar todas as atas &#8211; Paulo Figueiredo"},"content":{"rendered":"<p> <script async src=\"https:\/\/pagead2.googlesyndication.com\/pagead\/js\/adsbygoogle.js?client=ca-pub-8864793242727901\"\r\n     crossorigin=\"anonymous\"><\/script><br \/>\n<\/p>\n<div id=\"wtr-content\" data-bg=\"#FFFFFF\" data-fg=\"#006d91\" data-width=\"25\" data-mute=\"1\" data-fgopacity=\"1.00\" data-mutedopacity=\"0.5\" data-placement=\"bottom\" data-placement-offset=\"0\" data-content-offset=\"262\" data-placement-touch=\"bottom\" data-placement-offset-touch=\"0\" data-transparent=\"\" data-shadow=\"0\" data-touch=\"1\" data-non-touch=\"1\" data-comments=\"0\" data-commentsbg=\"transparent\" data-location=\"page\" data-mutedfg=\"#006d91\" data-endfg=\"#006d91\" data-rtl=\"\">\n<h3 class=\"wp-block-heading\">Chefe da pol\u00edtica externa do bloco lembrou que a popula\u00e7\u00e3o do pa\u00eds vive h\u00e1 anos uma crise que abrange a pol\u00edtica e a economia<\/h3>\n<p>Josep Borrell, chefe da pol\u00edtica externa da\u00a0<strong>Uni\u00e3o Europeia (UE)<\/strong>, avisou que a UE n\u00e3o vai reconhecer o resultado da elei\u00e7\u00e3o na Venezuela enquanto n\u00e3o houver contagem total de votos.<\/p>\n<p>\u201cA UE insta o Conselho Nacional Eleitoral da Venezuela (CNE) a conceder acesso imediato aos registos de vota\u00e7\u00e3o de todas as assembleias de voto\u201d, disse Borrell, na ter\u00e7a-feira 30. \u201cO povo da Venezuela vem sofrendo uma crise econ\u00f4mica, pol\u00edtica e social sem precedentes h\u00e1 anos. A UE sempre argumentou que a sa\u00edda dessa crise \u00e9 por meio de elei\u00e7\u00f5es, e essa continua sendo a \u00fanica solu\u00e7\u00e3o.\u201d<\/p>\n<p>Conforme o chefe da diplomacia da UE, \u201c\u00e9 importante que as manifesta\u00e7\u00f5es e protestos na Venezuela sejam pac\u00edficos\u201d. \u201cAs for\u00e7as de seguran\u00e7a devem garantir o respeito total pelos direitos humanos, em particular o direito de protestar e o direito \u00e0 liberdade de reuni\u00e3o\u201d, disse.<\/p>\n<p><strong><a href=\"https:\/\/revistaoeste.com\/mundo\/ue-nao-vai-reconhecer-eleicao-na-venezuela-enquanto-o-cne-nao-divulgar-todas-as-atas\/\">Source link<\/a><\/strong><\/p>\n<\/div>\n<p><br \/>\n<br \/><a href=\"https:\/\/paulofigueiredoshow.com\/ue-nao-vai-reconhecer-eleicao-na-venezuela-enquanto-o-cne-nao-divulgar-todas-as-atas\/\">Source link <\/a><\/p>","protected":false},"excerpt":{"rendered":"<p>Chefe da pol\u00edtica externa do bloco lembrou que a popula\u00e7\u00e3o do pa\u00eds vive h\u00e1 anos uma crise que abrange a pol\u00edtica e a economia Josep Borrell, chefe da pol\u00edtica externa&hellip;<\/p>","protected":false},"author":1,"featured_media":13349,"comment_status":"closed","ping_status":"open","sticky":false,"template":"","format":"standard","meta":{"content-type":"","footnotes":""},"categories":[16],"tags":[1100,5130,1408,5131,5132,5133,1101],"class_list":["post-13348","post","type-post","status-publish","format-standard","has-post-thumbnail","hentry","category-noticias","tag-ditador","tag-divulgacao","tag-eleicoes","tag-europa","tag-josep-borrell","tag-ue","tag-venezuela"],"_links":{"self":[{"href":"https:\/\/tvbrazilusa.com\/pt\/wp-json\/wp\/v2\/posts\/13348","targetHints":{"allow":["GET"]}}],"collection":[{"href":"https:\/\/tvbrazilusa.com\/pt\/wp-json\/wp\/v2\/posts"}],"about":[{"href":"https:\/\/tvbrazilusa.com\/pt\/wp-json\/wp\/v2\/types\/post"}],"author":[{"embeddable":true,"href":"https:\/\/tvbrazilusa.com\/pt\/wp-json\/wp\/v2\/users\/1"}],"replies":[{"embeddable":true,"href":"https:\/\/tvbrazilusa.com\/pt\/wp-json\/wp\/v2\/comments?post=13348"}],"version-history":[{"count":1,"href":"https:\/\/tvbrazilusa.com\/pt\/wp-json\/wp\/v2\/posts\/13348\/revisions"}],"predecessor-version":[{"id":13350,"href":"https:\/\/tvbrazilusa.com\/pt\/wp-json\/wp\/v2\/posts\/13348\/revisions\/13350"}],"wp:featuredmedia":[{"embeddable":true,"href":"https:\/\/tvbrazilusa.com\/pt\/wp-json\/wp\/v2\/media\/13349"}],"wp:attachment":[{"href":"https:\/\/tvbrazilusa.com\/pt\/wp-json\/wp\/v2\/media?parent=13348"}],"wp:term":[{"taxonomy":"category","embeddable":true,"href":"https:\/\/tvbrazilusa.com\/pt\/wp-json\/wp\/v2\/categories?post=13348"},{"taxonomy":"post_tag","embeddable":true,"href":"https:\/\/tvbrazilusa.com\/pt\/wp-json\/wp\/v2\/tags?post=13348"}],"curies":[{"name":"wp","href":"https:\/\/api.w.org\/{rel}","templated":true}]}}