{"id":13505,"date":"2024-07-31T19:23:53","date_gmt":"2024-07-31T19:23:53","guid":{"rendered":"https:\/\/tvbrazilusa.com\/2024\/07\/31\/o-federal-reserve-ve-inflacao-mais-fria-e-mercado-de-trabalho-mais-lento-sugerindo-que-um-corte-de-juros-esta-se-aproximando\/"},"modified":"2024-07-31T19:34:15","modified_gmt":"2024-07-31T19:34:15","slug":"o-federal-reserve-ve-inflacao-mais-fria-e-mercado-de-trabalho-mais-lento-sugerindo-que-um-corte-de-juros-esta-se-aproximando","status":"publish","type":"post","link":"https:\/\/tvbrazilusa.com\/pt\/2024\/07\/31\/o-federal-reserve-ve-inflacao-mais-fria-e-mercado-de-trabalho-mais-lento-sugerindo-que-um-corte-de-juros-esta-se-aproximando\/","title":{"rendered":"O Federal Reserve v\u00ea infla\u00e7\u00e3o mais fria e mercado de trabalho mais lento, sugerindo que um corte de juros est\u00e1 se aproximando"},"content":{"rendered":"<script async src=\"https:\/\/pagead2.googlesyndication.com\/pagead\/js\/adsbygoogle.js?client=ca-pub-8864793242727901\"\r\n     crossorigin=\"anonymous\"><\/script>\n<div id=\"\">\n<p class=\"dist__Box-sc-1fnzlkn-0 dist__TextBase-sc-1fnzlkn-3 CGHCP htMUPQ article-text\"><strong>WASHINGTON<\/strong> \u2013 O Federal Reserve disse na quarta-feira que houve maior progresso na redu\u00e7\u00e3o da infla\u00e7\u00e3o para sua meta de 2%, um sinal de que o banco central est\u00e1 se aproximando do corte de sua taxa b\u00e1sica de juros pela primeira vez em quatro anos. <\/p>\n<p class=\"dist__Box-sc-1fnzlkn-0 dist__TextBase-sc-1fnzlkn-3 CGHCP htMUPQ article-text\">Em uma declara\u00e7\u00e3o emitida ap\u00f3s concluir sua reuni\u00e3o de dois dias, o Fed tamb\u00e9m disse que \u201cos ganhos de emprego moderaram\u201d e reconheceu que a taxa de desemprego aumentou. O Fed \u00e9 obrigado pelo Congresso a buscar pre\u00e7os est\u00e1veis \u200b\u200be emprego m\u00e1ximo, e a declara\u00e7\u00e3o disse que o banco central est\u00e1 \u201catento aos riscos\u201d para ambas as metas, uma grande mudan\u00e7a ap\u00f3s v\u00e1rios anos de foco exclusivo no combate \u00e0 infla\u00e7\u00e3o. <\/p>\n<p class=\"dist__Box-sc-1fnzlkn-0 dist__TextBase-sc-1fnzlkn-3 CGHCP htMUPQ article-text\">Um foco maior na metade do mandato do Fed referente ao emprego, juntamente com o arrefecimento da infla\u00e7\u00e3o, apoiaria o caso de um corte nas taxas nos pr\u00f3ximos meses. <\/p>\n<p class=\"dist__Box-sc-1fnzlkn-0 dist__TextBase-sc-1fnzlkn-3 CGHCP htMUPQ article-text\">Os formuladores de pol\u00edticas do Fed tamb\u00e9m escolheram manter sua taxa-chave em uma alta de 23 anos de 5,3%, mesmo que muitas autoridades eleitas democratas e alguns economistas tenham pressionado por taxas mais baixas para impulsionar a economia e evitar cortes de empregos. Os republicanos, incluindo o ex-presidente Donald Trump, argumentaram que um corte de taxa antes da elei\u00e7\u00e3o pareceria politicamente motivado. <\/p>\n<p class=\"dist__Box-sc-1fnzlkn-0 dist__TextBase-sc-1fnzlkn-3 CGHCP htMUPQ article-text\">Em uma entrevista coletiva na quarta-feira, o presidente do Fed, Jerome Powell, disse que se a infla\u00e7\u00e3o continuasse a esfriar, &#8220;um corte nas taxas poderia estar na mesa na reuni\u00e3o de setembro&#8221;. <\/p>\n<p class=\"dist__Box-sc-1fnzlkn-0 dist__TextBase-sc-1fnzlkn-3 CGHCP htMUPQ article-text\">\u201cEstamos chegando perto do ponto em que ser\u00e1 apropriado reduzir nossa taxa b\u00e1sica de juros\u201d, disse Powell, \u201cmas ainda n\u00e3o chegamos a esse ponto\u201d.<\/p>\n<p class=\"dist__Box-sc-1fnzlkn-0 dist__TextBase-sc-1fnzlkn-3 CGHCP htMUPQ article-text\">Antes da decis\u00e3o do Fed, os operadores do mercado financeiro tinham precificado probabilidades de 100% de que o banco central reduziria sua taxa de refer\u00eancia na reuni\u00e3o de 17 e 18 de setembro. <a href=\"https:\/\/www.cmegroup.com\/markets\/interest-rates\/cme-fedwatch-tool.html\">de acordo com os mercados futuros<\/a>. O Fed normalmente tenta evitar surpreender os investidores com suas decis\u00f5es sobre taxas. <\/p>\n<p class=\"dist__Box-sc-1fnzlkn-0 dist__TextBase-sc-1fnzlkn-3 CGHCP htMUPQ article-text\">As a\u00e7\u00f5es aumentaram um pouco os ganhos anteriores e os rendimentos do Tesouro diminu\u00edram ap\u00f3s <a href=\"https:\/\/apnews.com\/article\/inflation-economy-federal-reserve-interest-rates-04d2877f47f3913acc2f992d8ef1581b\">a Reserva Federal<\/a> manteve sua principal taxa de juros em uma alta de duas d\u00e9cadas, mas deu alguma indica\u00e7\u00e3o de que uma flexibiliza\u00e7\u00e3o pode estar a caminho em breve. O S&#038;P 500 subiu 2% por volta das 3:10 pm ET.<\/p>\n<p class=\"dist__Box-sc-1fnzlkn-0 dist__TextBase-sc-1fnzlkn-3 CGHCP htMUPQ article-text\">O Fed est\u00e1 buscando um equil\u00edbrio delicado: ele quer manter as taxas altas o suficiente por tempo suficiente para conter a infla\u00e7\u00e3o, que caiu para 2,5% de um pico de 7,1% h\u00e1 dois anos, de acordo com sua medida preferida. Mas ele tamb\u00e9m quer evitar manter os custos dos empr\u00e9stimos t\u00e3o altos que desencadeiem uma recess\u00e3o. At\u00e9 agora, ele est\u00e1 a caminho de um chamado &#8220;pouso suave&#8221;, no qual a infla\u00e7\u00e3o cai para 2% sem uma recess\u00e3o. <\/p>\n<p class=\"dist__Box-sc-1fnzlkn-0 dist__TextBase-sc-1fnzlkn-3 CGHCP htMUPQ article-text\">No entanto, com a taxa de desemprego aumentando por tr\u00eas meses consecutivos, alguns economistas levantaram preocupa\u00e7\u00f5es de que o Fed deveria ter cortado as taxas na quarta-feira ou deveria cort\u00e1-las mais rapidamente no final deste ano. <\/p>\n<p class=\"dist__Box-sc-1fnzlkn-0 dist__TextBase-sc-1fnzlkn-3 CGHCP htMUPQ article-text\">\u201cA linha de chegada est\u00e1 pr\u00f3xima e seria tr\u00e1gico para o Fed trope\u00e7ar e cair, com um d\u00e9cimo de milha restante na maratona, que \u00e9 o que eu acho que eles estariam fazendo se n\u00e3o come\u00e7assem a cortar\u201d, disse Bharat Ramamurti, consultor do American Economic Liberties Project e ex-economista da Casa Branca de Biden, em uma liga\u00e7\u00e3o com rep\u00f3rteres. <\/p>\n<p class=\"dist__Box-sc-1fnzlkn-0 dist__TextBase-sc-1fnzlkn-3 CGHCP htMUPQ article-text\">Tamb\u00e9m na quarta-feira, tr\u00eas senadores democratas, liderados por Elizabeth Warren de Massachusetts, instaram Powell em uma carta a cortar as taxas. A carta acusava que uma falha em reduzir os custos de empr\u00e9stimos em breve sugeriria que o Fed est\u00e1 &#8220;cedendo ao bullying&#8221; e seria em si uma jogada pol\u00edtica. <\/p>\n<p class=\"dist__Box-sc-1fnzlkn-0 dist__TextBase-sc-1fnzlkn-3 CGHCP htMUPQ article-text\">Na \u00faltima boa not\u00edcia sobre aumentos de pre\u00e7os, na sexta-feira passada o governo disse que a infla\u00e7\u00e3o anual <a href=\"https:\/\/apnews.com\/article\/inflation-prices-election-federal-reserve-rates-economy-d8d44ca753aace952831a8f0cb42b97c\">caiu para 2,5%<\/a> em julho, de acordo com a medida de infla\u00e7\u00e3o preferida do Fed. Isso \u00e9 abaixo dos 2,6% do m\u00eas anterior e o menor desde fevereiro de 2021, quando a infla\u00e7\u00e3o estava apenas come\u00e7ando a acelerar.<\/p>\n<p class=\"dist__Box-sc-1fnzlkn-0 dist__TextBase-sc-1fnzlkn-3 CGHCP htMUPQ article-text\">Ao mesmo tempo, a taxa de desemprego aumentou quase meio ponto percentual este ano <a href=\"https:\/\/apnews.com\/article\/jobs-hiring-unemployment-economy-inflation-federal-reserve-c99bb206d61a2fb2e96156460849d006\">para um ainda baixo 4,1%<\/a> e a contrata\u00e7\u00e3o desacelerou. Powell e outros funcion\u00e1rios do Fed destacaram que est\u00e3o cada vez mais focados no risco de que o mercado de trabalho possa vacilar, outra raz\u00e3o pela qual os mercados esperam cortes nas taxas em breve. <\/p>\n<p class=\"dist__Box-sc-1fnzlkn-0 dist__TextBase-sc-1fnzlkn-3 CGHCP htMUPQ article-text\">O governo divulgar\u00e1 os \u00faltimos n\u00fameros de empregos nesta sexta-feira, e os economistas preveem que os empregadores criaram 175.000 empregos em julho, enquanto a taxa de desemprego permaneceu em 4,1%.<\/p>\n<\/div>\n<p>Copyright 2024 The Associated Press. Todos os direitos reservados. Este material n\u00e3o pode ser publicado, transmitido, reescrito ou redistribu\u00eddo sem permiss\u00e3o.<\/p>\n<p><br \/>\n<br \/><a href=\"https:\/\/www.clickorlando.com\/news\/2024\/07\/30\/first-interest-rate-cut-in-4-years-likely-on-the-horizon-as-the-federal-reserve-meets\/\">Source link <\/a><\/p>","protected":false},"excerpt":{"rendered":"<p>WASHINGTON \u2013 O Federal Reserve disse na quarta-feira que houve maior progresso na redu\u00e7\u00e3o da infla\u00e7\u00e3o para sua meta de 2%, um sinal de que o banco central est\u00e1 se&hellip;<\/p>","protected":false},"author":1,"featured_media":13506,"comment_status":"closed","ping_status":"open","sticky":false,"template":"","format":"standard","meta":{"content-type":"","footnotes":""},"categories":[1],"tags":[1223,1411],"class_list":["post-13505","post","type-post","status-publish","format-standard","has-post-thumbnail","hentry","category-uncategorized","tag-negocios","tag-noticias-dos-eua"],"_links":{"self":[{"href":"https:\/\/tvbrazilusa.com\/pt\/wp-json\/wp\/v2\/posts\/13505","targetHints":{"allow":["GET"]}}],"collection":[{"href":"https:\/\/tvbrazilusa.com\/pt\/wp-json\/wp\/v2\/posts"}],"about":[{"href":"https:\/\/tvbrazilusa.com\/pt\/wp-json\/wp\/v2\/types\/post"}],"author":[{"embeddable":true,"href":"https:\/\/tvbrazilusa.com\/pt\/wp-json\/wp\/v2\/users\/1"}],"replies":[{"embeddable":true,"href":"https:\/\/tvbrazilusa.com\/pt\/wp-json\/wp\/v2\/comments?post=13505"}],"version-history":[{"count":1,"href":"https:\/\/tvbrazilusa.com\/pt\/wp-json\/wp\/v2\/posts\/13505\/revisions"}],"predecessor-version":[{"id":13507,"href":"https:\/\/tvbrazilusa.com\/pt\/wp-json\/wp\/v2\/posts\/13505\/revisions\/13507"}],"wp:featuredmedia":[{"embeddable":true,"href":"https:\/\/tvbrazilusa.com\/pt\/wp-json\/wp\/v2\/media\/13506"}],"wp:attachment":[{"href":"https:\/\/tvbrazilusa.com\/pt\/wp-json\/wp\/v2\/media?parent=13505"}],"wp:term":[{"taxonomy":"category","embeddable":true,"href":"https:\/\/tvbrazilusa.com\/pt\/wp-json\/wp\/v2\/categories?post=13505"},{"taxonomy":"post_tag","embeddable":true,"href":"https:\/\/tvbrazilusa.com\/pt\/wp-json\/wp\/v2\/tags?post=13505"}],"curies":[{"name":"wp","href":"https:\/\/api.w.org\/{rel}","templated":true}]}}