{"id":13535,"date":"2024-07-31T19:55:06","date_gmt":"2024-07-31T19:55:06","guid":{"rendered":"https:\/\/tvbrazilusa.com\/2024\/07\/31\/posse-do-presidente-do-ira-tem-gritos-de-morte-aos-eua-e-a-israel-paulo-figueiredo\/"},"modified":"2024-07-31T20:14:29","modified_gmt":"2024-07-31T20:14:29","slug":"posse-do-presidente-do-ira-tem-gritos-de-morte-aos-eua-e-a-israel-paulo-figueiredo","status":"publish","type":"post","link":"https:\/\/tvbrazilusa.com\/pt\/2024\/07\/31\/posse-do-presidente-do-ira-tem-gritos-de-morte-aos-eua-e-a-israel-paulo-figueiredo\/","title":{"rendered":"Posse do presidente do Ir\u00e3 tem gritos de \u2018morte aos EUA e a Israel\u2019 &#8211; Paulo Figueiredo"},"content":{"rendered":"<p> <script async src=\"https:\/\/pagead2.googlesyndication.com\/pagead\/js\/adsbygoogle.js?client=ca-pub-8864793242727901\"\r\n     crossorigin=\"anonymous\"><\/script><br \/>\n<\/p>\n<div id=\"wtr-content\" data-bg=\"#FFFFFF\" data-fg=\"#006d91\" data-width=\"25\" data-mute=\"1\" data-fgopacity=\"1.00\" data-mutedopacity=\"0.5\" data-placement=\"bottom\" data-placement-offset=\"0\" data-content-offset=\"262\" data-placement-touch=\"bottom\" data-placement-offset-touch=\"0\" data-transparent=\"\" data-shadow=\"0\" data-touch=\"1\" data-non-touch=\"1\" data-comments=\"0\" data-commentsbg=\"transparent\" data-location=\"page\" data-mutedfg=\"#006d91\" data-endfg=\"#006d91\" data-rtl=\"\">\n<pre class=\"wp-block-preformatted has-small-font-size\">Foto - Reprodu\u00e7\u00e3o TV SNN<\/pre>\n<h3 class=\"wp-block-heading\">Manifesta\u00e7\u00e3o teve como protagonistas parlamentares do pa\u00eds isl\u00e2mico, que apoia o grupo terrorista Hamas<\/h3>\n<p>A posse do presidente do Ir\u00e3, Masoud Pezeshkian, teve gritos de \u201cmorte aos Estados Unidos e a Israel\u201d, nesta ter\u00e7a-feira, 30. Os parlamentares do pa\u00eds isl\u00e2mico protagonizaram as manifesta\u00e7\u00f5es. A na\u00e7\u00e3o apoia abertamente o grupo terrorista Hamas. A cerim\u00f4nia ocorreu na sede do Parlamento do pa\u00eds, em Teer\u00e3, capital iraniana.<\/p>\n<p>Pezeshkian prometeu, durante as elei\u00e7\u00f5es, melhorar as rela\u00e7\u00f5es internacionais e aliviar restri\u00e7\u00f5es sociais. Durante discurso, ele reiterou as promessas de campanha, conforme informou a ag\u00eancia de not\u00edcias Reuters.<\/p>\n<p>\u201cBuscaremos uma intera\u00e7\u00e3o construtiva e eficaz com o mundo, baseada na dignidade, na sabedoria e na conveni\u00eancia,\u201d disse Pezeshkian, em sess\u00e3o no Parlamento.<\/p>\n<p>A posse contou com a presen\u00e7a de l\u00edderes de grupos terroristas aliados do Ir\u00e3, como Hamas, Jihad Isl\u00e2mica, Houthi do I\u00eamen e Hezbollah. O vice-presidente do\u00a0<strong>Brasil<\/strong>, Geraldo Alckmin, tamb\u00e9m esteve na cerim\u00f4nia.<\/p>\n<p><strong>Na madrugada desta quarta-feira, 31, o l\u00edder pol\u00edtico do Hamas, Ismail Haniyeh, morreu depois de participar da posse do iraniano.<\/strong>\u00a0A morte ocorreu em um ataque a\u00e9reo em Teer\u00e3. O grupo terrorista acusa Israel pelo ataque.<\/p>\n<figure class=\"wp-block-embed is-type-rich is-provider-twitter wp-block-embed-twitter\">\n<div class=\"wp-block-embed__wrapper\">\n<blockquote class=\"twitter-tweet\" data-width=\"550\" data-dnt=\"true\">\n<p lang=\"pt\" dir=\"ltr\">A posse do presidente do Ir\u00e3, Masoud Pezeshkian, teve gritos de &#8220;morte aos Estados Unidos e a Israel&#8221;, nesta ter\u00e7a-feira, 31. Os parlamentares do pa\u00eds isl\u00e2mico protagonizaram as manifesta\u00e7\u00f5es. A na\u00e7\u00e3o apoia abertamente o grupo terrorista Hamas. <a href=\"https:\/\/t.co\/R0UcCcbbry\">pic.twitter.com\/R0UcCcbbry<\/a><\/p>\n<p>\u2014 Revista Oeste (@revistaoeste) <a href=\"https:\/\/twitter.com\/revistaoeste\/status\/1818696020559094170?ref_src=twsrc%5Etfw\">July 31, 2024<\/a><\/p><\/blockquote>\n<\/div><figcaption class=\"wp-element-caption\">O presidente do Ir\u00e3 criticou os EUA por apoiarem a\u00e7\u00f5es israelenses na Faixa de Gaza. \u201cAqueles que fornecem armas que matam crian\u00e7as n\u00e3o podem ensinar humanidade aos mu\u00e7ulmanos,\u201d afirmou Pezeshkian, enquanto os parlamentares gritavam \u201cMorte aos EUA\u201d e \u201cMorte a Israel\u201d.<\/figcaption><\/figure>\n<p>Al\u00e9m da crescente press\u00e3o do Ocidente sobre o programa nuclear do Ir\u00e3, Pezeshkian enfrenta o desafio de tirar o pa\u00eds das san\u00e7\u00f5es dos EUA, retomadas depois da sa\u00edda de Washington do acordo nuclear de 2015. As negocia\u00e7\u00f5es indiretas entre Teer\u00e3 e Washington para salvar o acordo nuclear est\u00e3o paradas desde 2022.<\/p>\n<p>\u201cMeu governo nunca se submeter\u00e1 a intimida\u00e7\u00f5es e press\u00f5es\u201d, disse Pezeshkian, sobre negocia\u00e7\u00e3o com os EUA. \u201cPress\u00e3o e san\u00e7\u00f5es n\u00e3o funcionam. O povo iraniano deve ser tratado com respeito.\u201d<\/p>\n<p><strong><a href=\"https:\/\/revistaoeste.com\/mundo\/posse-do-presidente-do-ira-tem-gritos-de-morte-aos-eua-e-a-israel\/\">Source link<\/a><\/strong><\/p>\n<\/div>\n<p><script async src=\"\/\/platform.twitter.com\/widgets.js\" charset=\"utf-8\"><\/script><br \/>\n<br \/><br \/>\n<br \/><a href=\"https:\/\/paulofigueiredoshow.com\/posse-do-presidente-do-ira-tem-gritos-de-morte-aos-eua-e-a-israel\/\">Source link <\/a><\/p>","protected":false},"excerpt":{"rendered":"<p>Foto &#8211; Reprodu\u00e7\u00e3o TV SNN Manifesta\u00e7\u00e3o teve como protagonistas parlamentares do pa\u00eds isl\u00e2mico, que apoia o grupo terrorista Hamas A posse do presidente do Ir\u00e3, Masoud Pezeshkian, teve gritos de&hellip;<\/p>","protected":false},"author":1,"featured_media":13536,"comment_status":"closed","ping_status":"open","sticky":false,"template":"","format":"standard","meta":{"content-type":"","footnotes":""},"categories":[16],"tags":[592,5235,5236,4306,5237,206,4716,4904,2027,5238,4115,2236],"class_list":["post-13535","post","type-post","status-publish","format-standard","has-post-thumbnail","hentry","category-noticias","tag-eua","tag-geraldo-alckmin","tag-grupo","tag-hamas","tag-isla","tag-israel","tag-lider","tag-masoud-pezeshkian","tag-morte","tag-ocidente","tag-oriente","tag-presidente"],"_links":{"self":[{"href":"https:\/\/tvbrazilusa.com\/pt\/wp-json\/wp\/v2\/posts\/13535","targetHints":{"allow":["GET"]}}],"collection":[{"href":"https:\/\/tvbrazilusa.com\/pt\/wp-json\/wp\/v2\/posts"}],"about":[{"href":"https:\/\/tvbrazilusa.com\/pt\/wp-json\/wp\/v2\/types\/post"}],"author":[{"embeddable":true,"href":"https:\/\/tvbrazilusa.com\/pt\/wp-json\/wp\/v2\/users\/1"}],"replies":[{"embeddable":true,"href":"https:\/\/tvbrazilusa.com\/pt\/wp-json\/wp\/v2\/comments?post=13535"}],"version-history":[{"count":1,"href":"https:\/\/tvbrazilusa.com\/pt\/wp-json\/wp\/v2\/posts\/13535\/revisions"}],"predecessor-version":[{"id":13537,"href":"https:\/\/tvbrazilusa.com\/pt\/wp-json\/wp\/v2\/posts\/13535\/revisions\/13537"}],"wp:featuredmedia":[{"embeddable":true,"href":"https:\/\/tvbrazilusa.com\/pt\/wp-json\/wp\/v2\/media\/13536"}],"wp:attachment":[{"href":"https:\/\/tvbrazilusa.com\/pt\/wp-json\/wp\/v2\/media?parent=13535"}],"wp:term":[{"taxonomy":"category","embeddable":true,"href":"https:\/\/tvbrazilusa.com\/pt\/wp-json\/wp\/v2\/categories?post=13535"},{"taxonomy":"post_tag","embeddable":true,"href":"https:\/\/tvbrazilusa.com\/pt\/wp-json\/wp\/v2\/tags?post=13535"}],"curies":[{"name":"wp","href":"https:\/\/api.w.org\/{rel}","templated":true}]}}