{"id":13538,"date":"2024-07-31T20:10:38","date_gmt":"2024-07-31T20:10:38","guid":{"rendered":"https:\/\/tvbrazilusa.com\/2024\/07\/31\/homem-de-nova-york-e-acusado-de-danificar-placas-de-veiculos-do-servico-secreto-que-protegiam-enteada-do-vice-presidente\/"},"modified":"2024-07-31T20:18:30","modified_gmt":"2024-07-31T20:18:30","slug":"homem-de-nova-york-e-acusado-de-danificar-placas-de-veiculos-do-servico-secreto-que-protegiam-enteada-do-vice-presidente","status":"publish","type":"post","link":"https:\/\/tvbrazilusa.com\/pt\/2024\/07\/31\/homem-de-nova-york-e-acusado-de-danificar-placas-de-veiculos-do-servico-secreto-que-protegiam-enteada-do-vice-presidente\/","title":{"rendered":"Homem de Nova York \u00e9 acusado de danificar placas de ve\u00edculos do Servi\u00e7o Secreto que protegiam enteada do vice-presidente"},"content":{"rendered":"<script async src=\"https:\/\/pagead2.googlesyndication.com\/pagead\/js\/adsbygoogle.js?client=ca-pub-8864793242727901\"\r\n     crossorigin=\"anonymous\"><\/script>\n<div id=\"\">\n<p class=\"dist__Box-sc-1fnzlkn-0 dist__TextBase-sc-1fnzlkn-3 CGHCP htMUPQ article-text\"><strong>NOVA IORQUE<\/strong> \u2013 Um desenvolvedor de software de Manhattan foi preso e acusado na ter\u00e7a-feira de danificar as tampas das placas de dois SUVs pertencentes a uma equipe do Servi\u00e7o Secreto designada para a enteada da vice-presidente Kamala Harris.<\/p>\n<p class=\"dist__Box-sc-1fnzlkn-0 dist__TextBase-sc-1fnzlkn-3 CGHCP htMUPQ article-text\">O homem, Harry Heymann, parecia ser um apoiador de um pequeno grupo de cidad\u00e3os ativistas que chamam a aten\u00e7\u00e3o para \u2014 e \u00e0s vezes modificam pessoalmente \u2014 as placas obstru\u00eddas, frequentemente usadas por motoristas para fugir de ped\u00e1gios e da fiscaliza\u00e7\u00e3o de tr\u00e2nsito em Nova York.<\/p>\n<p class=\"dist__Box-sc-1fnzlkn-0 dist__TextBase-sc-1fnzlkn-3 CGHCP htMUPQ article-text\">Heymann, 45, abordou os ve\u00edculos sem identifica\u00e7\u00e3o do lado de fora de um restaurante em Tribeca e ent\u00e3o quebrou as tampas das placas na parte traseira, de acordo com uma queixa criminal. <\/p>\n<p class=\"dist__Box-sc-1fnzlkn-0 dist__TextBase-sc-1fnzlkn-3 CGHCP htMUPQ article-text\">Os ve\u00edculos pertenciam a agentes do Servi\u00e7o Secreto designados para proteger a enteada do vice-presidente, Ella Emhoff, enquanto ela almo\u00e7ava no Bubby&#39;s, um restaurante pr\u00f3ximo. V\u00eddeo <a href=\"https:\/\/www.tmz.com\/2024\/07\/31\/kamala-harris-stepdaughter-ella-emhoff-secret-service-man-arrested\/\">obtido pelo TMZ<\/a> mostrou Emhoff sendo conduzido para dentro de um SUV preto e um homem sendo levado algemado. <\/p>\n<p class=\"dist__Box-sc-1fnzlkn-0 dist__TextBase-sc-1fnzlkn-3 CGHCP htMUPQ article-text\">\u201cEm nenhum momento qualquer protegido esteve em perigo como resultado deste incidente\u201d, disse James Byrne, porta-voz do Servi\u00e7o Secreto.<\/p>\n<p class=\"dist__Box-sc-1fnzlkn-0 dist__TextBase-sc-1fnzlkn-3 CGHCP htMUPQ article-text\">Heymann foi acusado de obstruir a administra\u00e7\u00e3o governamental e de vandalismo criminoso. Ele n\u00e3o respondeu a uma mensagem de voz e seu advogado se recusou a comentar.<\/p>\n<p class=\"dist__Box-sc-1fnzlkn-0 dist__TextBase-sc-1fnzlkn-3 CGHCP htMUPQ article-text\">Motoristas em Nova York frequentemente usam placas ilegais para evitar sistemas de ped\u00e1gio e c\u00e2meras de tr\u00e2nsito que dependem de leitores automatizados de placas.<\/p>\n<p class=\"dist__Box-sc-1fnzlkn-0 dist__TextBase-sc-1fnzlkn-3 CGHCP htMUPQ article-text\">Nos \u00faltimos anos, um pequeno grupo de cidad\u00e3os ativistas tomou contramedidas para impedir que os motoristas ocultassem suas placas. Gersh Kuntzman, editor do site de not\u00edcias Streetsblog NYC, popularizou os esfor\u00e7os em 2022 com uma s\u00e9rie de v\u00eddeos \u2014 e um recente <a href=\"https:\/\/www.facebook.com\/thedailyshow\/videos\/michael-kosta-busts-new-yorkers-ghost-plates\/7491210127659301\/\">Apari\u00e7\u00e3o no Daily Show<\/a> \u2014 mostrando-lhe pessoalmente placas de ve\u00edculos \u201cdesfiguradas\u201d. <\/p>\n<p class=\"dist__Box-sc-1fnzlkn-0 dist__TextBase-sc-1fnzlkn-3 CGHCP htMUPQ article-text\">Kuntzman e seus seguidores usaram marcadores para redesenhar n\u00fameros de placas que foram raspados, removeram fitas e adesivos, consertaram placas tortas ou desparafusaram coberturas que tornam as placas ileg\u00edveis. Seus esfor\u00e7os de reparo geralmente se concentram em ve\u00edculos particulares de policiais e funcion\u00e1rios do sistema judicial estacionados perto de delegacias de pol\u00edcia e tribunais. <\/p>\n<p class=\"dist__Box-sc-1fnzlkn-0 dist__TextBase-sc-1fnzlkn-3 CGHCP htMUPQ article-text\">Um perfil X associado a Heymann mostrou dezenas de postagens sobre placas de ve\u00edculos ocultas e ve\u00edculos policiais estacionados ilegalmente em Manhattan.<\/p>\n<p class=\"dist__Box-sc-1fnzlkn-0 dist__TextBase-sc-1fnzlkn-3 CGHCP htMUPQ article-text\">\u201cEu sinto uma certa responsabilidade aqui\u201d, disse Kuntzman \u00e0 Associated Press na quarta-feira.<\/p>\n<p class=\"dist__Box-sc-1fnzlkn-0 dist__TextBase-sc-1fnzlkn-3 CGHCP htMUPQ article-text\">Um porta-voz do Servi\u00e7o Secreto n\u00e3o respondeu a uma pergunta sobre o motivo pelo qual os dois ve\u00edculos tinham capas de placas.<\/p>\n<p class=\"dist__Box-sc-1fnzlkn-0 dist__TextBase-sc-1fnzlkn-3 CGHCP htMUPQ article-text\">\u201cAssim como este cavalheiro que pode ou n\u00e3o ter infringido a lei, fiquei indignado com a maneira como os funcion\u00e1rios p\u00fablicos, incluindo aqueles cujo trabalho \u00e9 fazer cumprir a lei, infringiram a lei intencionalmente e tornaram nossas estradas menos seguras\u201d, acrescentou Kuntzman. <\/p>\n<p class=\"dist__Box-sc-1fnzlkn-0 dist__TextBase-sc-1fnzlkn-3 CGHCP htMUPQ article-text\">Ele continuou: \u201cComo membros do p\u00fablico, temos a responsabilidade de desempenhar um papel em manter as estradas seguras. Se isso significa limpar um peda\u00e7o de propriedade do estado que \u00e9 exigido por lei para ser leg\u00edvel, estou bem com isso. Dito isso, nunca mexi com o Servi\u00e7o Secreto.\u201d<\/p>\n<\/div>\n<p>Copyright 2024 The Associated Press. Todos os direitos reservados. Este material n\u00e3o pode ser publicado, transmitido, reescrito ou redistribu\u00eddo sem permiss\u00e3o.<\/p>\n<p><br \/>\n<br \/><a href=\"https:\/\/www.clickorlando.com\/news\/national\/2024\/07\/31\/nyc-man-accused-of-damaging-license-plates-on-secret-service-vehicles-guarding-vps-stepdaughter\/\">Source link <\/a><\/p>","protected":false},"excerpt":{"rendered":"<p>NOVA IORQUE \u2013 Um desenvolvedor de software de Manhattan foi preso e acusado na ter\u00e7a-feira de danificar as tampas das placas de dois SUVs pertencentes a uma equipe do Servi\u00e7o&hellip;<\/p>","protected":false},"author":1,"featured_media":13539,"comment_status":"closed","ping_status":"open","sticky":false,"template":"","format":"standard","meta":{"content-type":"","footnotes":""},"categories":[1],"tags":[5239,1190,1411],"class_list":["post-13538","post","type-post","status-publish","format-standard","has-post-thumbnail","hentry","category-uncategorized","tag-ela-emhoff","tag-kamala-harris","tag-noticias-dos-eua"],"_links":{"self":[{"href":"https:\/\/tvbrazilusa.com\/pt\/wp-json\/wp\/v2\/posts\/13538","targetHints":{"allow":["GET"]}}],"collection":[{"href":"https:\/\/tvbrazilusa.com\/pt\/wp-json\/wp\/v2\/posts"}],"about":[{"href":"https:\/\/tvbrazilusa.com\/pt\/wp-json\/wp\/v2\/types\/post"}],"author":[{"embeddable":true,"href":"https:\/\/tvbrazilusa.com\/pt\/wp-json\/wp\/v2\/users\/1"}],"replies":[{"embeddable":true,"href":"https:\/\/tvbrazilusa.com\/pt\/wp-json\/wp\/v2\/comments?post=13538"}],"version-history":[{"count":1,"href":"https:\/\/tvbrazilusa.com\/pt\/wp-json\/wp\/v2\/posts\/13538\/revisions"}],"predecessor-version":[{"id":13540,"href":"https:\/\/tvbrazilusa.com\/pt\/wp-json\/wp\/v2\/posts\/13538\/revisions\/13540"}],"wp:featuredmedia":[{"embeddable":true,"href":"https:\/\/tvbrazilusa.com\/pt\/wp-json\/wp\/v2\/media\/13539"}],"wp:attachment":[{"href":"https:\/\/tvbrazilusa.com\/pt\/wp-json\/wp\/v2\/media?parent=13538"}],"wp:term":[{"taxonomy":"category","embeddable":true,"href":"https:\/\/tvbrazilusa.com\/pt\/wp-json\/wp\/v2\/categories?post=13538"},{"taxonomy":"post_tag","embeddable":true,"href":"https:\/\/tvbrazilusa.com\/pt\/wp-json\/wp\/v2\/tags?post=13538"}],"curies":[{"name":"wp","href":"https:\/\/api.w.org\/{rel}","templated":true}]}}