{"id":13601,"date":"2024-07-31T21:15:19","date_gmt":"2024-07-31T21:15:19","guid":{"rendered":"https:\/\/tvbrazilusa.com\/2024\/07\/31\/bolsonaro-comemora-condenacao-do-hacker-walter-delgatti-neto-menos-uma-narrativa-paulo-figueiredo\/"},"modified":"2024-07-31T21:37:04","modified_gmt":"2024-07-31T21:37:04","slug":"bolsonaro-comemora-condenacao-do-hacker-walter-delgatti-neto-menos-uma-narrativa-paulo-figueiredo","status":"publish","type":"post","link":"https:\/\/tvbrazilusa.com\/pt\/2024\/07\/31\/bolsonaro-comemora-condenacao-do-hacker-walter-delgatti-neto-menos-uma-narrativa-paulo-figueiredo\/","title":{"rendered":"Bolsonaro comemora condena\u00e7\u00e3o do hacker Walter Delgatti Neto: \u2018Menos uma narrativa\u2019 &#8211; Paulo Figueiredo"},"content":{"rendered":"<p> <script async src=\"https:\/\/pagead2.googlesyndication.com\/pagead\/js\/adsbygoogle.js?client=ca-pub-8864793242727901\"\r\n     crossorigin=\"anonymous\"><\/script><br \/>\n<\/p>\n<div id=\"wtr-content\" data-bg=\"#FFFFFF\" data-fg=\"#006d91\" data-width=\"25\" data-mute=\"1\" data-fgopacity=\"1.00\" data-mutedopacity=\"0.5\" data-placement=\"bottom\" data-placement-offset=\"0\" data-content-offset=\"262\" data-placement-touch=\"bottom\" data-placement-offset-touch=\"0\" data-transparent=\"\" data-shadow=\"0\" data-touch=\"1\" data-non-touch=\"1\" data-comments=\"0\" data-commentsbg=\"transparent\" data-location=\"page\" data-mutedfg=\"#006d91\" data-endfg=\"#006d91\" data-rtl=\"\">\n<pre><em style=\"font-size: revert; color: initial;\">Foto: Marcelo Camargo\/Ag\u00eancia Brasil<\/em><\/pre>\n<div>\n<p>O ex-presidente Jair Bolsonaro (PL) celebrou a condena\u00e7\u00e3o do hacker Walter Delgatti Neto a dez meses de pris\u00e3o por cal\u00fania contra o ex-chefe do Executivo. A senten\u00e7a foi proferida nesta ter\u00e7a-feira, 30 de julho de 2024, e gerou grande repercuss\u00e3o nas redes sociais.<\/p>\n<p>Bolsonaro, utilizando seu perfil no Twitter\/X, enfatizou que as acusa\u00e7\u00f5es de Walter Delgatti sobre supostos \u201cgrampos\u201d no ministro Alexandre de Moraes, do Supremo Tribunal Federal (STF), eram repletas de <strong>desinforma\u00e7\u00f5es propositais<\/strong>. \u201cMenos uma narrativa,\u201d publicou Bolsonaro, tentando descredibilizar as afirma\u00e7\u00f5es do hacker.<\/p>\n<h3 class=\"wp-block-heading\">Hacker Walter Delgatti Neto e as Acusa\u00e7\u00f5es de Grampear Alexandre de Moraes<\/h3>\n<p>As acusa\u00e7\u00f5es do hacker, vistas como infundadas e sensacionalistas, apontavam que Bolsonaro teria grampeado o ministro Alexandre de Moraes. A decis\u00e3o de condena\u00e7\u00e3o foi tomada pelo juiz Omar Dantas Lima, do 3\u00ba Juizado Especial Criminal de Bras\u00edlia, que concluiu que Delgatti agiu com dolo ao fazer tais declara\u00e7\u00f5es.<\/p>\n<p>Delgatti fez as acusa\u00e7\u00f5es publicamente em um contexto de grande visibilidade, durante seu depoimento na Comiss\u00e3o Parlamentar de Inqu\u00e9rito (CPI) do 8 de Janeiro. O juiz Lima destacou que a materialidade e a autoria do crime de cal\u00fania foram comprovadas pelas provas apresentadas no processo.<\/p>\n<p>Al\u00e9m de ser sentenciado a dez meses de pris\u00e3o, Walter Delgatti Neto tamb\u00e9m foi condenado a pagar as custas do processo. Apesar da condena\u00e7\u00e3o, o hacker poder\u00e1 apelar em liberdade, uma vez que j\u00e1 est\u00e1 preso por outro processo. Este caso, movido pela deputada federal Carla Zambelli (PL-SP), refere-se \u00e0 invas\u00e3o do sistema do Conselho Nacional de Justi\u00e7a (CNJ) e \u00e0 inser\u00e7\u00e3o de um mandado de pris\u00e3o falso contra o ministro Alexandre de Moraes.<\/p>\n<p>A defesa de Delgatti j\u00e1 anunciou que ir\u00e1 recorrer da senten\u00e7a. Em 2019, o hacker admitiu ter invadido celulares de v\u00e1rias autoridades brasileiras, incluindo procuradores do Minist\u00e9rio P\u00fablico Federal (MPF) e o ent\u00e3o juiz Sergio Moro, todos envolvidos na Opera\u00e7\u00e3o Lava Jato. Este hist\u00f3rico contribuiu para a imagem de Delgatti como um agente controverso, para dizer o m\u00ednimo.<\/p>\n<p><a style=\"font-size: revert;\" href=\"https:\/\/terrabrasilnoticias.com\/2024\/07\/bolsonaro-comemora-condenacao-do-hacker-walter-delgatti-neto-menos-uma-narrativa\/\">Source link<\/a><\/p>\n<\/div>\n<\/div>\n<p><br \/>\n<br \/><a href=\"https:\/\/paulofigueiredoshow.com\/bolsonaro-comemora-condenacao-do-hacker-walter-delgatti-neto-menos-uma-narrativa\/\">Source link <\/a><\/p>","protected":false},"excerpt":{"rendered":"<p>Foto: Marcelo Camargo\/Ag\u00eancia Brasil O ex-presidente Jair Bolsonaro (PL) celebrou a condena\u00e7\u00e3o do hacker Walter Delgatti Neto a dez meses de pris\u00e3o por cal\u00fania contra o ex-chefe do Executivo. A&hellip;<\/p>","protected":false},"author":1,"featured_media":12751,"comment_status":"closed","ping_status":"open","sticky":false,"template":"","format":"standard","meta":{"content-type":"","footnotes":""},"categories":[16],"tags":[136,727,5281,5282,5283,5284,691,3477,753,5285],"class_list":["post-13601","post","type-post","status-publish","format-standard","has-post-thumbnail","hentry","category-noticias","tag-bolsonaro","tag-comemora","tag-condenacao","tag-delgatti","tag-hacker","tag-menos","tag-narrativa","tag-neto","tag-uma","tag-walter"],"_links":{"self":[{"href":"https:\/\/tvbrazilusa.com\/pt\/wp-json\/wp\/v2\/posts\/13601","targetHints":{"allow":["GET"]}}],"collection":[{"href":"https:\/\/tvbrazilusa.com\/pt\/wp-json\/wp\/v2\/posts"}],"about":[{"href":"https:\/\/tvbrazilusa.com\/pt\/wp-json\/wp\/v2\/types\/post"}],"author":[{"embeddable":true,"href":"https:\/\/tvbrazilusa.com\/pt\/wp-json\/wp\/v2\/users\/1"}],"replies":[{"embeddable":true,"href":"https:\/\/tvbrazilusa.com\/pt\/wp-json\/wp\/v2\/comments?post=13601"}],"version-history":[{"count":1,"href":"https:\/\/tvbrazilusa.com\/pt\/wp-json\/wp\/v2\/posts\/13601\/revisions"}],"predecessor-version":[{"id":13602,"href":"https:\/\/tvbrazilusa.com\/pt\/wp-json\/wp\/v2\/posts\/13601\/revisions\/13602"}],"wp:featuredmedia":[{"embeddable":true,"href":"https:\/\/tvbrazilusa.com\/pt\/wp-json\/wp\/v2\/media\/12751"}],"wp:attachment":[{"href":"https:\/\/tvbrazilusa.com\/pt\/wp-json\/wp\/v2\/media?parent=13601"}],"wp:term":[{"taxonomy":"category","embeddable":true,"href":"https:\/\/tvbrazilusa.com\/pt\/wp-json\/wp\/v2\/categories?post=13601"},{"taxonomy":"post_tag","embeddable":true,"href":"https:\/\/tvbrazilusa.com\/pt\/wp-json\/wp\/v2\/tags?post=13601"}],"curies":[{"name":"wp","href":"https:\/\/api.w.org\/{rel}","templated":true}]}}