{"id":13609,"date":"2024-07-31T21:45:12","date_gmt":"2024-07-31T21:45:12","guid":{"rendered":"https:\/\/tvbrazilusa.com\/2024\/07\/31\/as-faixas-salariais-agora-serao-publicadas-para-a-maioria-das-listas-de-empregos-de-massachusetts-gracas-a-nova-lei\/"},"modified":"2024-07-31T21:46:57","modified_gmt":"2024-07-31T21:46:57","slug":"as-faixas-salariais-agora-serao-publicadas-para-a-maioria-das-listas-de-empregos-de-massachusetts-gracas-a-nova-lei","status":"publish","type":"post","link":"https:\/\/tvbrazilusa.com\/pt\/2024\/07\/31\/as-faixas-salariais-agora-serao-publicadas-para-a-maioria-das-listas-de-empregos-de-massachusetts-gracas-a-nova-lei\/","title":{"rendered":"As faixas salariais agora ser\u00e3o publicadas para a maioria das listas de empregos de Massachusetts, gra\u00e7as \u00e0 nova lei"},"content":{"rendered":"<p> <script async src=\"https:\/\/pagead2.googlesyndication.com\/pagead\/js\/adsbygoogle.js?client=ca-pub-8864793242727901\"\r\n     crossorigin=\"anonymous\"><\/script><br \/>\n<\/p>\n<div id=\"\">\n<header class=\"m-article-header m-article-header--standard\">\n\t\t\t\t\t\t\t\t\t\t\t\t<span id=\"article-header-primary-term\"><br \/>\n\t\t\t\t\t\t\t\t<a class=\"a-term a-term--primary\" href=\"https:\/\/www.boston.com\/tag\/politics\/\"><\/p>\n<p>\t\t\t\t\t\t\t\tPol\u00edtica\t\t\t\t\t\t\t\t<\/a><br \/>\n\t\t\t\t\t\t\t<\/span><\/p>\n<h2 class=\"m-article-header__sub-headline\">A nova legisla\u00e7\u00e3o assinada por Healey exigir\u00e1 que a maioria dos empregadores forne\u00e7a uma faixa salarial, uma medida que, segundo o governador, protege a igualdade salarial para mulheres e pessoas de cor.<\/h2>\n<figure class=\"a-photo m-article-header__photo\"><figcaption class=\"a-photo__caption\">\n<p>\tA governadora de Massachusetts, Maura Healey, responde a perguntas de rep\u00f3rteres na quarta-feira, 31 de janeiro de 2024. <em> (Foto AP\/Steven Senne, Arquivo)<\/em>\t<\/figcaption><\/figure>\n<\/header>\n<p>A maioria dos empregadores em Massachusetts agora \u00e9 obrigada a divulgar a faixa salarial de um emprego, de acordo com uma nova lei assinada pela governadora Maura Healey na quarta-feira, uma medida elogiada pelos defensores como um passo em dire\u00e7\u00e3o \u00e0 igualdade salarial.<\/p>\n<p>A lei se aplica a empregadores p\u00fablicos e privados com mais de 25 funcion\u00e1rios.<\/p>\n<p>Estes empregadores tamb\u00e9m s\u00e3o agora obrigados a fornecer uma faixa salarial para um funcion\u00e1rio a quem \u00e9 oferecida uma promo\u00e7\u00e3o ou transfer\u00eancia, ao abrigo do <a href=\"https:\/\/malegislature.gov\/Bills\/193\/H4890\">nova lei<\/a>. Os funcion\u00e1rios tamb\u00e9m podem perguntar a faixa salarial dos funcion\u00e1rios atuais ou das pessoas que est\u00e3o se candidatando \u00e0 fun\u00e7\u00e3o, anunciou o gabinete de Healey.<\/p>\n<p>Aparecendo em <a href=\"https:\/\/www.youtube.com\/watch?v=XYKNUOQhScs\">R\u00e1dio P\u00fablica de Boston Quarta-feira<\/a>Healey disse que a lei \u00e9 um passo em dire\u00e7\u00e3o \u00e0 igualdade salarial para mulheres e pessoas de cor. Ela se baseia no <a href=\"https:\/\/www.boston.com\/news\/politics\/2016\/08\/02\/charlie-baker-signs-law-requiring-equal-pay-for-comparable-work\/\">pagar a conta de equidade<\/a> assinado em 2016, quando Healey era procurador-geral, disse ela.<\/p>\n<p>\u201cQuero parabenizar a ex-vice-governadora Evelyn Murphy por sua lideran\u00e7a ao longo de d\u00e9cadas, e \u00e9 um privil\u00e9gio poder assinar este importante projeto de lei pela igualdade das mulheres\u201d, disse Healey.<\/p>\n<p>Murphy, que se tornou a primeira mulher em Massachusetts a ocupar um cargo constitucional enquanto servia ao governador Michael Dukakis, \u00e9 agora copresidente do <a href=\"https:\/\/wageequitynow.com\/\">Coliga\u00e7\u00e3o pela Equidade Salarial Agora<\/a>.<\/p>\n<p>\u201cAs disparidades salariais de g\u00eanero e ra\u00e7a s\u00e3o reais\u201d, disse Murphy em uma declara\u00e7\u00e3o. \u201cElas causam disparidades de riqueza. Com esta legisla\u00e7\u00e3o, Massachusetts reivindica (a) posi\u00e7\u00e3o de lideran\u00e7a na constru\u00e7\u00e3o da prosperidade econ\u00f4mica por meio do tratamento equitativo de todos os trabalhadores.\u201d <\/p>\n<p>A legisla\u00e7\u00e3o \u00e9 chamada de <a href=\"https:\/\/www.boston.com\/news\/local-news\/2015\/06\/23\/this-massachusetts-woman-could-become-the-face-of-the-10-bill\/\">Frances Perkins<\/a> Workplace Equity Act, nome dado em homenagem a uma ativista dos direitos trabalhistas nascida em Boston que foi a primeira mulher secret\u00e1ria do Trabalho dos EUA.<\/p>\n<p>Os leitores do Boston.com concordaram esmagadoramente com a legisla\u00e7\u00e3o no outono passado, quando <a href=\"https:\/\/www.boston.com\/community\/readers-say\/heres-why-readers-support-salary-transparency\/\">86 por cento dos leitores<\/a> pesquisados \u200b\u200bdisseram que os an\u00fancios de emprego deveriam incluir uma faixa salarial. <\/p>\n<p>\u201cCom a assinatura desta legisla\u00e7\u00e3o, Massachusetts est\u00e1 um passo mais perto de garantir pagamento igual para trabalho igual\u201d, disse o presidente da C\u00e2mara, Ronald Mariano, em uma declara\u00e7\u00e3o. \u201cA transpar\u00eancia salarial n\u00e3o s\u00f3 tornar\u00e1 nossos locais de trabalho mais equitativos, mas tamb\u00e9m tornar\u00e1 Massachusetts mais competitivo com outros estados.\u201d<\/p>\n<div class=\"m-block m-generic-cta\t m-generic-cta--post-content\t m-generic-cta--dark\t m-generic-cta--homepage\t m-generic-cta--email-signup\t\t m-generic-cta-block-style--default \tt-amp__generic-cta\"><\/p>\n<div class=\"m-generic-cta__wrap\">\n<div class=\"m-generic-cta__content\">\n<h3 class=\"m-generic-cta__title\">Inscri\u00e7\u00e3o no boletim informativo<\/h3>\n<p class=\"m-generic-cta__subtitle\">Fique por dentro das \u00faltimas not\u00edcias do Boston.com<\/p>\n<\/p><\/div>\n<\/p><\/div>\n<\/div><\/div>\n<p><script>\n\t\tvar consent=\"grant\";\n\t\t\/* The above code is parsing the JSON data from the local storage and storing it in a variable. *\/\n\t\t\t\t\tconst onetrustStorageConsent = JSON.parse(localStorage.getItem( 'consent_one_trust_bdc' ) );\n\t\t\tif ( ( onetrustStorageConsent !== null ) ) {\n\t\t\t\t\/* Checking to see if the user has consented to the use of cookies.\n\t\t\t\t* If they have not, it is deleting the cookie.\n\t\t\t\t* This will comment for now, until further notice.\n\t\t\t\t*\/\n\t\t\t\t\/\/if ( onetrustStorageConsent.C0002 === false ) {\n\t\t\t\t\/\/\tdocument.cookie=\"_fbp=;expires=Thu, 01 Jan 2010 00:00:00 UTC; path=\/; domain=.boston.com\";\n\t\t\t\t\/\/}\n\t\t\t\t\/* Checking if the user has given consent for the cookie C0002.\n\t\t\t\t* If the user has given consent, the variable consent will be set to 'grant'.\n\t\t\t\t* If the user has not given consent,the variable consent will be set to 'revoke'.\n\t\t\t\t* Documentation https:\/\/developers.facebook.com\/docs\/meta-pixel\/implementation\/gdpr\n\t\t\t\t*\/\n\t\t\t\tif ( onetrustStorageConsent.C0002 !== true ) {\n\t\t\t\t\tconsent=\"revoke\";\n\t\t\t\t}\n\t\t\t}\n\t\t\t\t!function(f,b,e,v,n,t,s)\n\t\t{if(f.fbq)return;n=f.fbq=function(){n.callMethod?\n\t\tn.callMethod.apply(n,arguments):n.queue.push(arguments)};\n\t\tif(!f._fbq)f._fbq=n;n.push=n;n.loaded=!0;n.version='2.0';\n\t\tn.queue=[];t=b.createElement(e);t.async=!0;\n\t\tt.src=v;s=b.getElementsByTagName(e)[0];\n\t\ts.parentNode.insertBefore(t,s)}(window, document,'script',\n\t\t'https:\/\/connect.facebook.net\/en_US\/fbevents.js');\n\t\tfbq('consent', consent);\n\t\tfbq('init', '989222871864976');\n\t\tfbq('track', 'PageView');\n\t<\/script><script type=\"module\">\n\t\tvar consent=\"grant\";\n\t\t\/* The above code is parsing the JSON data from the local storage and storing it in a variable. *\/\n\t\t\tconst onetrustStorageConsent = JSON.parse(localStorage.getItem( 'consent_one_trust_bdc' ) );\n\t\t\t\/* Checking to see if the user has consented to the use of cookies.\n\t\t\t* If they have not, it is deleting the cookie.\n\t\t\t* This will comment for now, until further notice.\n\t\t\t*\/\n\t\t\t\/\/if ( onetrustStorageConsent.C0002 === false ) {\n\t\t\t\/\/\tdocument.cookie=\"_fbp=;expires=Thu, 01 Jan 2010 00:00:00 UTC; path=\/; domain=.boston.com\";\n\t\t\t\/\/}\n\t\t\t\/* Checking if the user has given consent for the cookie C0002.\n\t\t\t* If the user has given consent, the variable consent will be set to 'grant'.\n\t\t\t* If the user has not given consent,the variable consent will be set to 'revoke'.\n\t\t\t* Documentation https:\/\/developers.facebook.com\/docs\/meta-pixel\/implementation\/gdpr\n\t\t\t*\/\n\t\t\tif ( ( onetrustStorageConsent !== null ) && (onetrustStorageConsent.C0002 !== true ) ) {\n\t\t\t\tconsent=\"revoke\";\n\t\t\t}\n\t\t\t\t!function(f,b,e,v,n,t,s){if(f.fbq)return;n=f.fbq=function()\n\t\t{n.callMethod? n.callMethod.apply(n,arguments):n.queue.push(arguments)}\n\t\t;if(!f._fbq)f._fbq=n;\n\t\tn.push=n;n.loaded=!0;n.version='2.0';n.queue=[];t=b.createElement(e);t.async=!0;\n\t\tt.src=v;s=b.getElementsByTagName(e)[0];s.parentNode.insertBefore(t,s)}(window,\n\t\tdocument,'script','https:\/\/connect.facebook.net\/en_US\/fbevents.js');\n\t\tfbq('consent', consent);\n\t\tfbq('init', '813236348753005');\n\t\tfbq('track', \"PageView\");\n\t<\/script><br \/>\n<br \/><br \/>\n<br \/><a href=\"https:\/\/www.boston.com\/news\/politics\/2024\/07\/31\/salary-ranges-will-now-be-posted-for-most-mass-job-listings-thanks-to-new-law\/\">Source link <\/a><\/p>","protected":false},"excerpt":{"rendered":"<p>Pol\u00edtica A nova legisla\u00e7\u00e3o assinada por Healey exigir\u00e1 que a maioria dos empregadores forne\u00e7a uma faixa salarial, uma medida que, segundo o governador, protege a igualdade salarial para mulheres e&hellip;<\/p>","protected":false},"author":1,"featured_media":13610,"comment_status":"closed","ping_status":"open","sticky":false,"template":"","format":"standard","meta":{"content-type":"","footnotes":""},"categories":[1],"tags":[],"class_list":["post-13609","post","type-post","status-publish","format-standard","has-post-thumbnail","hentry","category-uncategorized"],"_links":{"self":[{"href":"https:\/\/tvbrazilusa.com\/pt\/wp-json\/wp\/v2\/posts\/13609","targetHints":{"allow":["GET"]}}],"collection":[{"href":"https:\/\/tvbrazilusa.com\/pt\/wp-json\/wp\/v2\/posts"}],"about":[{"href":"https:\/\/tvbrazilusa.com\/pt\/wp-json\/wp\/v2\/types\/post"}],"author":[{"embeddable":true,"href":"https:\/\/tvbrazilusa.com\/pt\/wp-json\/wp\/v2\/users\/1"}],"replies":[{"embeddable":true,"href":"https:\/\/tvbrazilusa.com\/pt\/wp-json\/wp\/v2\/comments?post=13609"}],"version-history":[{"count":1,"href":"https:\/\/tvbrazilusa.com\/pt\/wp-json\/wp\/v2\/posts\/13609\/revisions"}],"predecessor-version":[{"id":13611,"href":"https:\/\/tvbrazilusa.com\/pt\/wp-json\/wp\/v2\/posts\/13609\/revisions\/13611"}],"wp:featuredmedia":[{"embeddable":true,"href":"https:\/\/tvbrazilusa.com\/pt\/wp-json\/wp\/v2\/media\/13610"}],"wp:attachment":[{"href":"https:\/\/tvbrazilusa.com\/pt\/wp-json\/wp\/v2\/media?parent=13609"}],"wp:term":[{"taxonomy":"category","embeddable":true,"href":"https:\/\/tvbrazilusa.com\/pt\/wp-json\/wp\/v2\/categories?post=13609"},{"taxonomy":"post_tag","embeddable":true,"href":"https:\/\/tvbrazilusa.com\/pt\/wp-json\/wp\/v2\/tags?post=13609"}],"curies":[{"name":"wp","href":"https:\/\/api.w.org\/{rel}","templated":true}]}}