{"id":13623,"date":"2024-07-31T21:47:17","date_gmt":"2024-07-31T21:47:17","guid":{"rendered":"https:\/\/tvbrazilusa.com\/2024\/07\/31\/aparicao-de-trump-perante-jornalistas-negros-leva-a-confronto-memoravel-com-rachel-scott-da-abc\/"},"modified":"2024-07-31T22:07:25","modified_gmt":"2024-07-31T22:07:25","slug":"aparicao-de-trump-perante-jornalistas-negros-leva-a-confronto-memoravel-com-rachel-scott-da-abc","status":"publish","type":"post","link":"https:\/\/tvbrazilusa.com\/pt\/2024\/07\/31\/aparicao-de-trump-perante-jornalistas-negros-leva-a-confronto-memoravel-com-rachel-scott-da-abc\/","title":{"rendered":"Apari\u00e7\u00e3o de Trump perante jornalistas negros leva a confronto memor\u00e1vel com Rachel Scott da ABC"},"content":{"rendered":"<p> <script async src=\"https:\/\/pagead2.googlesyndication.com\/pagead\/js\/adsbygoogle.js?client=ca-pub-8864793242727901\"\r\n     crossorigin=\"anonymous\"><\/script><br \/>\n<\/p>\n<div id=\"\">\n<header class=\"m-article-header m-article-header--standard\">\n\t\t\t\t\t\t\t\t\t\t\t\t<span id=\"article-header-primary-term\"><br \/>\n\t\t\t\t\t\t\t\t<a class=\"a-term a-term--primary\" href=\"https:\/\/www.boston.com\/tag\/politics\/\"><\/p>\n<p>\t\t\t\t\t\t\t\tPol\u00edtica\t\t\t\t\t\t\t\t<\/a><br \/>\n\t\t\t\t\t\t\t<\/span><\/p>\n<h2 class=\"m-article-header__sub-headline\">\u201cEla foi muito rude\u201d, disse o ex-presidente, apontando para Scott.<\/h2>\n<figure class=\"a-photo m-article-header__photo\"><figcaption class=\"a-photo__caption\">\n<p>\tO ex-presidente dos EUA e candidato presidencial republicano de 2024, Donald Trump, responde a perguntas enquanto a moderadora e jornalista Rachel Scott (D) observa durante a conven\u00e7\u00e3o anual da Associa\u00e7\u00e3o Nacional de Jornalistas Negros em Chicago, Illinois, em 31 de julho de 2024.<em> KAMIL KRZACZYNSKI\/AFP via Getty Images<\/em>\t<\/figcaption><\/figure>\n<div class=\"m-article-header__meta\">\n<div class=\"m-article-header__byline\">\n<p class=\"m-article-header__author\">\n<p>\t\t\t\t\t\t\t\tPor DAVID BAUDER, Associated Press\t\t\t\t\t\t\t<\/p>\n<p>\t\t\t\t\t\t    \t\t\t\t\t\t\t<time class=\"m-article-header__date\"><\/p>\n<p>        \t\t\t\t\t\t\t31 de julho de 2024 | 17h47    \t\t\t\t\t\t\t<\/time><\/p><\/div>\n<\/p><\/div>\n<\/header>\n<p>Principalmente devido ao questionamento severo da correspondente da ABC News, Rachel Scott, uma apari\u00e7\u00e3o do ex-presidente Donald Trump perante um encontro de jornalistas negros se tornou notavelmente controversa na quarta-feira.<\/p>\n<p>Scott pressionou Trump sobre declara\u00e7\u00f5es anteriores sobre l\u00edderes negros, seu apoio a 6 de janeiro de 2021, manifestantes e contrata\u00e7\u00f5es diversificadas \u2014 liderando <a href=\"https:\/\/www.boston.com\/tag\/politics\/\">o ex-presidente<\/a> reclamar repetidamente sobre como ele foi tratado.<\/p>\n<p>\u201cEla foi muito rude\u201d, disse o ex-presidente, apontando para Scott.<\/p>\n<p>A apari\u00e7\u00e3o de Trump em uma reuni\u00e3o da National Association of Black Journalists estava cheia de m\u00e1s vibra\u00e7\u00f5es desde o in\u00edcio. Alguns membros se opuseram ao convite do candidato republicano \u00e0 presid\u00eancia para discursar no grupo em primeiro lugar, enquanto outros disseram que era obriga\u00e7\u00e3o deles como jornalistas question\u00e1-lo.<\/p>\n<p>O painel no palco \u2014 com Trump sendo questionado por Scott, Harris Faulkner, da Fox News Channel, e Kadia Goba, da Semafor \u2014 foi adiado por mais de meia hora devido a problemas t\u00e9cnicos.<\/p>\n<p>Scott, rep\u00f3rter s\u00eanior do Congresso e correspondente de campanha da ABC News, trabalha na ABC News desde 2016, e sua visibilidade aumentou recentemente quando ela ancorou a cobertura ao vivo da rede sobre a sa\u00edda do presidente Joe Biden da corrida presidencial. Em sua primeira pergunta, Scott se referiu \u00e0 controv\u00e9rsia sobre a apari\u00e7\u00e3o de Trump e citou especificamente v\u00e1rias declara\u00e7\u00f5es de Trump sobre l\u00edderes negros no passado, incluindo suas falsas acusa\u00e7\u00f5es sobre o local de nascimento do ex-presidente Barack Obama e coment\u00e1rios rudes a membros do Congresso, promotores distritais e jornalistas.<\/p>\n<p>\u201cAgora que voc\u00ea est\u00e1 pedindo aos eleitores negros que votem em voc\u00ea, por que os eleitores negros deveriam confiar em voc\u00ea depois de usar uma linguagem como essa?\u201d, perguntou Scott.<\/p>\n<p>Trump imediatamente foi atr\u00e1s do questionador.<\/p>\n<p>\u201cEu acho que nunca me fizeram uma pergunta de uma maneira t\u00e3o horr\u00edvel, uma primeira pergunta\u201d, ele respondeu. \u201cVoc\u00ea nem diz &#39;ol\u00e1, como vai&#39;. Voc\u00ea \u00e9 da ABC? Porque eu acho que eles s\u00e3o uma rede de not\u00edcias falsas.\u201d<\/p>\n<p>O erro de abertura lembrou diretamente o primeiro debate da campanha de Trump em 2016, quando a ent\u00e3o rep\u00f3rter do canal Fox News, Megyn Kelly, mencionou coisas que ele havia dito sobre as mulheres e perguntou: &#8220;Isso soa para voc\u00ea como o temperamento de um homem que dever\u00edamos eleger como presidente?&#8221;<\/p>\n<p>Quando Trump come\u00e7ou a falar na quarta-feira sobre o que sua administra\u00e7\u00e3o fez pelos negros americanos, Scott tentou interromp\u00ea-lo, dizendo: &#8220;Sr. Presidente, adoraria que voc\u00ea respondesse \u00e0 pergunta sobre sua ret\u00f3rica e por que voc\u00ea acredita que os eleitores negros podem confiar em voc\u00ea para outro mandato&#8221;.<\/p>\n<p>Trump disse que estava fazendo isso e fez uma afirma\u00e7\u00e3o que j\u00e1 havia feito antes: que ele era o melhor presidente para os negros desde Abraham Lincoln.<\/p>\n<p>\u201cMelhor que o Presidente Johnson, que assinou o Civil Rights Act\u201d? Scott perguntou.<\/p>\n<p>Scott ent\u00e3o perguntou se Trump apoiava os apoiadores que sugeriram que sua oponente democrata, a vice-presidente Kamala Harris, era uma contrata\u00e7\u00e3o DEI, levando a uma discuss\u00e3o entre eles sobre o que a frase \u2014 para diversidade, equidade e inclus\u00e3o \u2014 significava.<\/p>\n<p>&#8220;Voc\u00ea acha que a vice-presidente Kamala Harris s\u00f3 est\u00e1 na chapa porque \u00e9 negra?&#8221;, perguntou Scott, levando \u00e0s declara\u00e7\u00f5es mais dignas de nota de Trump na sess\u00e3o, questionando a origem racial de Harris.<\/p>\n<p>Scott tamb\u00e9m perguntou incisivamente sobre o apoio de Trump \u00e0s pessoas condenadas por suas a\u00e7\u00f5es no ataque ao Capit\u00f3lio dos EUA em 6 de janeiro de 2021.<\/p>\n<p>\u201cCento e quarenta policiais foram agredidos naquele dia\u201d, ela disse. \u201cSeus ferimentos inclu\u00edam ossos quebrados, pelo menos um policial perdeu um olho, um teve costelas quebradas, dois discos espinhais esmagados, outro teve um derrame. As pessoas que agrediram esses 140 policiais eram&#8230; patriotas que merecem perd\u00e3o?\u201d<\/p>\n<p>Trump voltou o assunto para as manifesta\u00e7\u00f5es realizadas por aqueles que apoiam causas liberais.<\/p>\n<p>O painel terminou com algum grau de confus\u00e3o. Scott, que era o moderador, cortou uma tentativa de Faulkner de perguntar sobre o projeto do Projeto 2025, dizendo que o tempo de Trump era limitado.<\/p>\n<p>Ap\u00f3s a sess\u00e3o, Trump postou em sua conta Truth Social que \u201cas perguntas eram rudes e desagrad\u00e1veis, muitas vezes na forma de uma declara\u00e7\u00e3o, mas n\u00f3s ARRASAMOS!\u201d<\/p>\n<p>Uma estudante de jornalismo presente na confer\u00eancia, Kelly Arrington, da Savanah State University, disse: \u201cPresumi que Trump veio apenas para conquistar mais eleitores negros&#8230; Mas, infelizmente, nesta conversa, ele n\u00e3o respondeu \u00e0s perguntas que lhe foram feitas.\u201d<\/p>\n<p>A sess\u00e3o rapidamente se tornou um t\u00f3pico nas redes sociais, com algumas pessoas elogiando Scott por fazer perguntas dif\u00edceis e outras sugerindo que Trump foi levado a uma emboscada.<\/p>\n<p><em>O correspondente da Associated Press Matt Brown contribuiu para esta reportagem. David Bauder escreve sobre m\u00eddia para a AP. Siga-o em http:\/\/twitter.com\/dbauder.<\/em><\/p>\n<\/p><\/div>\n<p><script async src=\"\/\/platform.twitter.com\/widgets.js\" charset=\"utf-8\"><\/script><script>\n\t\tvar consent=\"grant\";\n\t\t\/* The above code is parsing the JSON data from the local storage and storing it in a variable. *\/\n\t\t\t\t\tconst onetrustStorageConsent = JSON.parse(localStorage.getItem( 'consent_one_trust_bdc' ) );\n\t\t\tif ( ( onetrustStorageConsent !== null ) ) {\n\t\t\t\t\/* Checking to see if the user has consented to the use of cookies.\n\t\t\t\t* If they have not, it is deleting the cookie.\n\t\t\t\t* This will comment for now, until further notice.\n\t\t\t\t*\/\n\t\t\t\t\/\/if ( onetrustStorageConsent.C0002 === false ) {\n\t\t\t\t\/\/\tdocument.cookie=\"_fbp=;expires=Thu, 01 Jan 2010 00:00:00 UTC; path=\/; domain=.boston.com\";\n\t\t\t\t\/\/}\n\t\t\t\t\/* Checking if the user has given consent for the cookie C0002.\n\t\t\t\t* If the user has given consent, the variable consent will be set to 'grant'.\n\t\t\t\t* If the user has not given consent,the variable consent will be set to 'revoke'.\n\t\t\t\t* Documentation https:\/\/developers.facebook.com\/docs\/meta-pixel\/implementation\/gdpr\n\t\t\t\t*\/\n\t\t\t\tif ( onetrustStorageConsent.C0002 !== true ) {\n\t\t\t\t\tconsent=\"revoke\";\n\t\t\t\t}\n\t\t\t}\n\t\t\t\t!function(f,b,e,v,n,t,s)\n\t\t{if(f.fbq)return;n=f.fbq=function(){n.callMethod?\n\t\tn.callMethod.apply(n,arguments):n.queue.push(arguments)};\n\t\tif(!f._fbq)f._fbq=n;n.push=n;n.loaded=!0;n.version='2.0';\n\t\tn.queue=[];t=b.createElement(e);t.async=!0;\n\t\tt.src=v;s=b.getElementsByTagName(e)[0];\n\t\ts.parentNode.insertBefore(t,s)}(window, document,'script',\n\t\t'https:\/\/connect.facebook.net\/en_US\/fbevents.js');\n\t\tfbq('consent', consent);\n\t\tfbq('init', '989222871864976');\n\t\tfbq('track', 'PageView');\n\t<\/script><script type=\"module\">\n\t\tvar consent=\"grant\";\n\t\t\/* The above code is parsing the JSON data from the local storage and storing it in a variable. *\/\n\t\t\tconst onetrustStorageConsent = JSON.parse(localStorage.getItem( 'consent_one_trust_bdc' ) );\n\t\t\t\/* Checking to see if the user has consented to the use of cookies.\n\t\t\t* If they have not, it is deleting the cookie.\n\t\t\t* This will comment for now, until further notice.\n\t\t\t*\/\n\t\t\t\/\/if ( onetrustStorageConsent.C0002 === false ) {\n\t\t\t\/\/\tdocument.cookie=\"_fbp=;expires=Thu, 01 Jan 2010 00:00:00 UTC; path=\/; domain=.boston.com\";\n\t\t\t\/\/}\n\t\t\t\/* Checking if the user has given consent for the cookie C0002.\n\t\t\t* If the user has given consent, the variable consent will be set to 'grant'.\n\t\t\t* If the user has not given consent,the variable consent will be set to 'revoke'.\n\t\t\t* Documentation https:\/\/developers.facebook.com\/docs\/meta-pixel\/implementation\/gdpr\n\t\t\t*\/\n\t\t\tif ( ( onetrustStorageConsent !== null ) && (onetrustStorageConsent.C0002 !== true ) ) {\n\t\t\t\tconsent=\"revoke\";\n\t\t\t}\n\t\t\t\t!function(f,b,e,v,n,t,s){if(f.fbq)return;n=f.fbq=function()\n\t\t{n.callMethod? n.callMethod.apply(n,arguments):n.queue.push(arguments)}\n\t\t;if(!f._fbq)f._fbq=n;\n\t\tn.push=n;n.loaded=!0;n.version='2.0';n.queue=[];t=b.createElement(e);t.async=!0;\n\t\tt.src=v;s=b.getElementsByTagName(e)[0];s.parentNode.insertBefore(t,s)}(window,\n\t\tdocument,'script','https:\/\/connect.facebook.net\/en_US\/fbevents.js');\n\t\tfbq('consent', consent);\n\t\tfbq('init', '813236348753005');\n\t\tfbq('track', \"PageView\");\n\t<\/script><br \/>\n<br \/><br \/>\n<br \/><a href=\"https:\/\/www.boston.com\/news\/politics\/2024\/07\/31\/trump-appearance-before-black-journalists-leads-to-memorable-confrontation-with-abcs-rachel-scott\/\">Source link <\/a><\/p>","protected":false},"excerpt":{"rendered":"<p>Pol\u00edtica \u201cEla foi muito rude\u201d, disse o ex-presidente, apontando para Scott. O ex-presidente dos EUA e candidato presidencial republicano de 2024, Donald Trump, responde a perguntas enquanto a moderadora e&hellip;<\/p>","protected":false},"author":1,"featured_media":13624,"comment_status":"closed","ping_status":"open","sticky":false,"template":"","format":"standard","meta":{"content-type":"","footnotes":""},"categories":[1],"tags":[],"class_list":["post-13623","post","type-post","status-publish","format-standard","has-post-thumbnail","hentry","category-uncategorized"],"_links":{"self":[{"href":"https:\/\/tvbrazilusa.com\/pt\/wp-json\/wp\/v2\/posts\/13623","targetHints":{"allow":["GET"]}}],"collection":[{"href":"https:\/\/tvbrazilusa.com\/pt\/wp-json\/wp\/v2\/posts"}],"about":[{"href":"https:\/\/tvbrazilusa.com\/pt\/wp-json\/wp\/v2\/types\/post"}],"author":[{"embeddable":true,"href":"https:\/\/tvbrazilusa.com\/pt\/wp-json\/wp\/v2\/users\/1"}],"replies":[{"embeddable":true,"href":"https:\/\/tvbrazilusa.com\/pt\/wp-json\/wp\/v2\/comments?post=13623"}],"version-history":[{"count":1,"href":"https:\/\/tvbrazilusa.com\/pt\/wp-json\/wp\/v2\/posts\/13623\/revisions"}],"predecessor-version":[{"id":13625,"href":"https:\/\/tvbrazilusa.com\/pt\/wp-json\/wp\/v2\/posts\/13623\/revisions\/13625"}],"wp:featuredmedia":[{"embeddable":true,"href":"https:\/\/tvbrazilusa.com\/pt\/wp-json\/wp\/v2\/media\/13624"}],"wp:attachment":[{"href":"https:\/\/tvbrazilusa.com\/pt\/wp-json\/wp\/v2\/media?parent=13623"}],"wp:term":[{"taxonomy":"category","embeddable":true,"href":"https:\/\/tvbrazilusa.com\/pt\/wp-json\/wp\/v2\/categories?post=13623"},{"taxonomy":"post_tag","embeddable":true,"href":"https:\/\/tvbrazilusa.com\/pt\/wp-json\/wp\/v2\/tags?post=13623"}],"curies":[{"name":"wp","href":"https:\/\/api.w.org\/{rel}","templated":true}]}}