{"id":13628,"date":"2024-07-31T22:00:01","date_gmt":"2024-07-31T22:00:01","guid":{"rendered":"https:\/\/tvbrazilusa.com\/2024\/07\/31\/quantas-pessoas-doentes-mentais-a-mais-a-policia-matara-a-resposta-deveria-ser-zero-calavia-robertson\/"},"modified":"2024-07-31T22:15:23","modified_gmt":"2024-07-31T22:15:23","slug":"quantas-pessoas-doentes-mentais-a-mais-a-policia-matara-a-resposta-deveria-ser-zero-calavia-robertson","status":"publish","type":"post","link":"https:\/\/tvbrazilusa.com\/pt\/2024\/07\/31\/quantas-pessoas-doentes-mentais-a-mais-a-policia-matara-a-resposta-deveria-ser-zero-calavia-robertson\/","title":{"rendered":"Quantas pessoas doentes mentais a mais a pol\u00edcia matar\u00e1? A resposta deveria ser zero. | Calavia-Robertson"},"content":{"rendered":"<script async src=\"https:\/\/pagead2.googlesyndication.com\/pagead\/js\/adsbygoogle.js?client=ca-pub-8864793242727901\"\r\n     crossorigin=\"anonymous\"><\/script>\n<div>\n<p class=\"article__paragraph article__paragraph--left\" id=\"W7YROTPWKVD3JHJTLFLXSHJLQQ\">\u00c9 uma hist\u00f3ria triste e distorcida que se repete uma e outra vez, como se estivesse em algum tipo de ciclo perturbador e infinito: uma pessoa em meio a uma crise de sa\u00fade mental \u2014<a href=\"https:\/\/theintercept.com\/2019\/09\/29\/police-shootings-mental-health\/\" target=\"_blank\" rel=\"noopener\"> que geralmente \u00e9 uma pessoa de cor<\/a> \u2014 pede ajuda \u00e0 pol\u00edcia apenas para acabar baleado e morto por eles. A indigna\u00e7\u00e3o p\u00fablica se instala. H\u00e1 alguns protestos e vig\u00edlias, aqui e ali. Talvez haja um processo por homic\u00eddio culposo. Ou uma investiga\u00e7\u00e3o que conclui que a pol\u00edcia estava &#8220;justificada&#8221;. Mas nada muda muito, n\u00e3o <i>realmente<\/i>. E ent\u00e3o, \u00e9 s\u00f3 enxaguar e repetir.<\/p>\n<p class=\"article__paragraph article__paragraph--left\" id=\"3YH7FMLLFJBG7IY4CFKWU5V55A\">No in\u00edcio deste m\u00eas, em Illinois, foi Sonya Massey. A mulher negra de 36 anos, uma m\u00e3e querida de dois filhos, cuja fam\u00edlia disse que ela tinha <a href=\"https:\/\/link.nj.com\/click\/36185261.368\/aHR0cHM6Ly93d3cubnByLm9yZy8yMDI0LzA3LzIyL2ctczEtMTI3OTIvc29ueWEtbWFzc2V5LXNob3QtYm9keWNhbS1zcHJpbmdmaWVsZC1kZXB1dHk\/60abed87d8fc186ea076f89fB3088313c\">problemas de sa\u00fade mental<\/a>chamou a pol\u00edcia para ajudar porque pensou ter visto um invasor do lado de fora de sua casa. Em vez de ajud\u00e1-la, um dos policiais que atendiam \u2014 um homem branco com <a href=\"https:\/\/www.cbsnews.com\/news\/sean-grayson-sonya-massey-shooting-illinois-disciplinary-record\/\" target=\"_blank\" rel=\"noopener\">uma hist\u00f3ria preocupante de comportamento abusivo no trabalho<\/a> \u2014 n\u00e3o pensou duas vezes antes de mat\u00e1-la, sem piedade e injustificadamente. (Massey estava desarmado. Ele atirou nela tr\u00eas vezes, \u00e0 queima-roupa.)<\/p>\n<\/div>\n<p><br \/>\n<br \/><a href=\"https:\/\/www.nj.com\/opinion\/2024\/07\/how-many-more-mentally-ill-people-will-police-kill-the-answer-should-be-zero-calavia-robertson.html\">Source link <\/a><\/p>","protected":false},"excerpt":{"rendered":"<p>\u00c9 uma hist\u00f3ria triste e distorcida que se repete uma e outra vez, como se estivesse em algum tipo de ciclo perturbador e infinito: uma pessoa em meio a uma&hellip;<\/p>","protected":false},"author":1,"featured_media":13629,"comment_status":"closed","ping_status":"open","sticky":false,"template":"","format":"standard","meta":{"content-type":"","footnotes":""},"categories":[1],"tags":[],"class_list":["post-13628","post","type-post","status-publish","format-standard","has-post-thumbnail","hentry","category-uncategorized"],"_links":{"self":[{"href":"https:\/\/tvbrazilusa.com\/pt\/wp-json\/wp\/v2\/posts\/13628","targetHints":{"allow":["GET"]}}],"collection":[{"href":"https:\/\/tvbrazilusa.com\/pt\/wp-json\/wp\/v2\/posts"}],"about":[{"href":"https:\/\/tvbrazilusa.com\/pt\/wp-json\/wp\/v2\/types\/post"}],"author":[{"embeddable":true,"href":"https:\/\/tvbrazilusa.com\/pt\/wp-json\/wp\/v2\/users\/1"}],"replies":[{"embeddable":true,"href":"https:\/\/tvbrazilusa.com\/pt\/wp-json\/wp\/v2\/comments?post=13628"}],"version-history":[{"count":1,"href":"https:\/\/tvbrazilusa.com\/pt\/wp-json\/wp\/v2\/posts\/13628\/revisions"}],"predecessor-version":[{"id":13630,"href":"https:\/\/tvbrazilusa.com\/pt\/wp-json\/wp\/v2\/posts\/13628\/revisions\/13630"}],"wp:featuredmedia":[{"embeddable":true,"href":"https:\/\/tvbrazilusa.com\/pt\/wp-json\/wp\/v2\/media\/13629"}],"wp:attachment":[{"href":"https:\/\/tvbrazilusa.com\/pt\/wp-json\/wp\/v2\/media?parent=13628"}],"wp:term":[{"taxonomy":"category","embeddable":true,"href":"https:\/\/tvbrazilusa.com\/pt\/wp-json\/wp\/v2\/categories?post=13628"},{"taxonomy":"post_tag","embeddable":true,"href":"https:\/\/tvbrazilusa.com\/pt\/wp-json\/wp\/v2\/tags?post=13628"}],"curies":[{"name":"wp","href":"https:\/\/api.w.org\/{rel}","templated":true}]}}