{"id":13670,"date":"2024-07-31T21:09:03","date_gmt":"2024-07-31T21:09:03","guid":{"rendered":"https:\/\/tvbrazilusa.com\/2024\/07\/31\/donald-trump-sugere-falsamente-que-kamala-harris-enganou-os-eleitores-sobre-sua-raca\/"},"modified":"2024-07-31T23:11:27","modified_gmt":"2024-07-31T23:11:27","slug":"donald-trump-sugere-falsamente-que-kamala-harris-enganou-os-eleitores-sobre-sua-raca","status":"publish","type":"post","link":"https:\/\/tvbrazilusa.com\/pt\/2024\/07\/31\/donald-trump-sugere-falsamente-que-kamala-harris-enganou-os-eleitores-sobre-sua-raca\/","title":{"rendered":"Donald Trump sugere falsamente que Kamala Harris enganou os eleitores sobre sua ra\u00e7a"},"content":{"rendered":"<p> <script async src=\"https:\/\/pagead2.googlesyndication.com\/pagead\/js\/adsbygoogle.js?client=ca-pub-8864793242727901\"\r\n     crossorigin=\"anonymous\"><\/script><br \/>\n<\/p>\n<div id=\"\">\n<header class=\"m-article-header m-article-header--standard\">\n\t\t\t\t\t\t\t\t\t\t\t\t<span id=\"article-header-primary-term\"><br \/>\n\t\t\t\t\t\t\t\t<a class=\"a-term a-term--primary\" href=\"https:\/\/www.boston.com\/tag\/politics\/\"><\/p>\n<p>\t\t\t\t\t\t\t\tPol\u00edtica\t\t\t\t\t\t\t\t<\/a><br \/>\n\t\t\t\t\t\t\t<\/span><\/p>\n<h2 class=\"m-article-header__sub-headline\"\/>\n<figure class=\"a-photo m-article-header__photo\"><figcaption class=\"a-photo__caption\">\n<p>\tO candidato presidencial republicano, ex-presidente Donald Trump, sobe no palco da conven\u00e7\u00e3o da Associa\u00e7\u00e3o Nacional de Jornalistas Negros, NABJ, quarta-feira, 31 de julho de 2024, em Chicago.<em> AP Photo\/Charles Rex Arbogast<\/em>\t<\/figcaption><\/figure>\n<div class=\"m-article-header__meta\">\n<div class=\"m-article-header__byline\">\n<p class=\"m-article-header__author\">\n<p>\t\t\t\t\t\t\t\tPor MATT BROWN e MICHELLE L. PRICE, Associated Press\t\t\t\t\t\t\t<\/p>\n<p>\t\t\t\t\t\t    \t\t\t\t\t\t\t<time class=\"m-article-header__date\"><\/p>\n<p>        \t\t\t\t\t\t\t31 de julho de 2024 | 17h09    \t\t\t\t\t\t\t<\/time><\/p><\/div>\n<\/p><\/div>\n<\/header>\n<p>CHICAGO (AP) \u2014 Donald Trump sugeriu falsamente que Kamala Harris havia enganado os eleitores sobre sua ra\u00e7a quando a ex-presidente compareceu perante a Associa\u00e7\u00e3o Nacional de Jornalistas Negros em Chicago na quarta-feira, em uma entrevista que rapidamente se tornou hostil.<\/p>\n<p>O <a href=\"https:\/\/www.boston.com\/tag\/politics\/\">Republicano<\/a> o ex-presidente alegou erroneamente que Harris, a primeira mulher negra e asi\u00e1tico-americana a servir como vice-presidente, no passado apenas promoveu sua heran\u00e7a ind\u00edgena.<\/p>\n<p>\u201cEu n\u00e3o sabia que ela era negra at\u00e9 alguns anos atr\u00e1s, quando ela se tornou negra e agora quer ser conhecida como negra. Ent\u00e3o, eu n\u00e3o sei, ela \u00e9 indiana ou negra?\u201d, disse Trump ao discursar na conven\u00e7\u00e3o anual do grupo.<\/p>\n<p>Harris \u00e9 filha de pai jamaicano e m\u00e3e indiana, ambos imigrantes nos EUA. Como estudante de gradua\u00e7\u00e3o, Harris frequentou a Howard University, uma das faculdades e universidades historicamente negras mais proeminentes do pa\u00eds, onde tamb\u00e9m se comprometeu com a irmandade historicamente negra Alpha Kappa Alpha. Como senadora dos EUA, Harris foi membro do Congressional Black Caucus, apoiando a legisla\u00e7\u00e3o de seus colegas para fortalecer os direitos de voto e reformar o policiamento.<\/p>\n<p>Trump tem feito uma ampla gama de cr\u00edticas a Harris desde que ela substituiu o presidente Joe Biden no topo da prov\u00e1vel chapa democrata na semana passada. Ao longo de sua carreira pol\u00edtica, o ex-presidente questionou repetidamente os antecedentes de oponentes que s\u00e3o minorias raciais.<\/p>\n<p>Michael Tyler, diretor de comunica\u00e7\u00f5es da campanha de Harris, disse em uma declara\u00e7\u00e3o que &#8220;a hostilidade que Donald Trump demonstrou no palco hoje \u00e9 a mesma hostilidade que ele demonstrou ao longo de sua vida, ao longo de seu mandato e ao longo de sua campanha para presidente, enquanto busca retomar o poder&#8221;.<\/p>\n<p>\u201cTrump lan\u00e7ou ataques pessoais e insultos a jornalistas negros da mesma forma que fez durante toda a sua presid\u00eancia \u2014 enquanto ele falhou com fam\u00edlias negras e deixou o pa\u00eds inteiro cavando para sair da vala em que ele nos deixou\u201d, disse Tyler. \u201cDonald Trump j\u00e1 provou que n\u00e3o pode unir a Am\u00e9rica, ent\u00e3o ele tenta nos dividir.<\/p>\n<p>A secret\u00e1ria de imprensa da Casa Branca, Karine Jean-Pierre, foi questionada durante sua entrevista coletiva com rep\u00f3rteres na quarta-feira sobre os coment\u00e1rios de Trump e respondeu com descren\u00e7a, inicialmente murmurando: &#8220;Uau&#8221;.<\/p>\n<p>Jean-Pierre, que \u00e9 negro, chamou o que Trump disse de &#8220;repulsivo&#8221; e disse: &#8220;\u00c9 um insulto e ningu\u00e9m tem o direito de dizer a algu\u00e9m quem ele \u00e9 e como ele se identifica&#8221;.<\/p>\n<p>Trump atacou repetidamente seus oponentes e cr\u00edticos com base na ra\u00e7a. Ele ganhou destaque na pol\u00edtica republicana ao propagar falsas teorias de que o presidente Barack Obama, o primeiro presidente negro do pa\u00eds, n\u00e3o nasceu nos Estados Unidos. O &#8220;Birtherism&#8221;, como ficou conhecido, foi apenas o come\u00e7o da hist\u00f3ria de Trump de questionar as credenciais e qualifica\u00e7\u00f5es de pol\u00edticos negros.<\/p>\n<p>Durante as prim\u00e1rias republicanas deste ano, ele certa vez se referiu \u00e0 ex-embaixadora da ONU Nikki Haley, filha de imigrantes indianos, como \u201cNimbra\u201d.<\/p>\n<p>A apari\u00e7\u00e3o de Trump na quarta-feira no encontro anual de jornalistas negros imediatamente se tornou acalorada, com o ex-presidente discutindo com a entrevistadora Rachel Scott, da ABC News, e acusando-a de fazer uma &#8220;apresenta\u00e7\u00e3o muito rude&#8221; com uma primeira pergunta dura sobre suas cr\u00edticas anteriores a pessoas e jornalistas negros, seu ataque a promotores negros que moveram processos contra ele e o jantar que ele teve em seu clube na Fl\u00f3rida com um supremacista branco.<\/p>\n<p>\u201cEu acho isso vergonhoso\u201d, disse Trump. \u201cEu vim aqui com bom esp\u00edrito. Eu amo a popula\u00e7\u00e3o negra deste pa\u00eds. Eu fiz tanto pela popula\u00e7\u00e3o negra deste pa\u00eds.\u201d<\/p>\n<p>Trump continuou seus ataques \u00e0 rede de Scott, ABC News, que ele tem argumentado que n\u00e3o deveria sediar o pr\u00f3ximo debate presidencial, apesar de seu acordo anterior com a campanha de Biden. Ele tamb\u00e9m descreveu v\u00e1rias vezes o tom e as perguntas dela como &#8220;desagrad\u00e1veis&#8221;, uma palavra que ele usou no passado ao descrever mulheres, incluindo Hillary Clinton e Meghan, a duquesa de Sussex.<\/p>\n<p>O republicano tamb\u00e9m repetiu sua falsa alega\u00e7\u00e3o de que os imigrantes ilegais no pa\u00eds est\u00e3o &#8220;aceitando empregos de negros&#8221;. Quando pressionado por Scott sobre o que constitu\u00eda um &#8220;emprego de negros&#8221;, Trump respondeu dizendo que &#8220;um emprego de negros \u00e9 qualquer pessoa que tenha um emprego&#8221;, provocando resmungos na sala.<\/p>\n<p>Em determinado momento, ele disse: \u201cFui o melhor presidente para a popula\u00e7\u00e3o negra desde Abraham Lincoln\u201d.<\/p>\n<p>O p\u00fablico respondeu com uma mistura de vaias e alguns aplausos.<\/p>\n<p>Scott perguntou a Trump sobre sua promessa de perdoar pessoas condenadas por seus pap\u00e9is na rebeli\u00e3o de 6 de janeiro de 2021, no Capit\u00f3lio dos EUA, e especificamente se ele perdoaria aqueles que agrediram policiais.<\/p>\n<p>Trump disse: &#8220;Ah, com certeza sim&#8221;, e disse: &#8220;Se eles forem inocentes, eu os perdoaria&#8221;.<\/p>\n<p>Scott ressaltou que eles foram condenados e, portanto, n\u00e3o s\u00e3o inocentes.<\/p>\n<p>\u201cBem, eles foram condenados por um sistema muito, muito rigoroso\u201d, disse ele.<\/p>\n<p>Em um momento, quando ele estava defendendo seus apoiadores que entraram no Capit\u00f3lio em 6 de janeiro, ele disse: \u201cNada \u00e9 perfeito na vida\u201d.<\/p>\n<p>Ele comparou a insurrei\u00e7\u00e3o de 2021 aos protestos em Minneapolis e outras cidades em 2020 ap\u00f3s a morte de George Floyd pela pol\u00edcia de Minneapolis e aos protestos mais recentes no Capit\u00f3lio na semana passada por manifestantes contr\u00e1rios \u00e0 guerra em Gaza. Trump falsamente alegando que ningu\u00e9m foi preso nessas outras manifesta\u00e7\u00f5es e que apenas seus apoiadores foram alvos.<\/p>\n<p>Enquanto Trump fazia a compara\u00e7\u00e3o, um homem no fundo da sala gritou: \u201cSenhor, voc\u00ea n\u00e3o tem vergonha?\u201d<\/p>\n<p>O convite do ex-presidente para discursar na organiza\u00e7\u00e3o desencadeou um intenso debate interno entre a NABJ que se espalhou online. Organiza\u00e7\u00f5es para jornalistas de cor normalmente convidam candidatos presidenciais para falar em suas reuni\u00f5es de ver\u00e3o em anos eleitorais.<\/p>\n<p>Em sua terceira campanha para a Casa Branca, Trump tentou aparecer fora de seus tradicionais redutos de apoio e sua campanha divulgou seus esfor\u00e7os para tentar conquistar os negros americanos, que t\u00eam sido o bloco de eleitores mais comprometido dos democratas.<\/p>\n<p>Sua campanha enfatizou suas mensagens sobre economia e imigra\u00e7\u00e3o como parte de seu apelo, mas parte de sua divulga\u00e7\u00e3o utilizou estere\u00f3tipos raciais, incluindo a sugest\u00e3o de que os afro-americanos teriam empatia pelas acusa\u00e7\u00f5es criminais que ele enfrentou e sua promo\u00e7\u00e3o de t\u00eanis de marca.<\/p>\n<p>Trump e a NABJ tamb\u00e9m t\u00eam um hist\u00f3rico tenso sobre seu tratamento de jornalistas negras. Em 2018, a NABJ condenou Trump por usar repetidamente palavras como \u201cest\u00fapido\u201d, \u201cperdedor\u201d e \u201cdesagrad\u00e1vel\u201d para descrever jornalistas negras.<\/p>\n<p>A vice-presidente n\u00e3o deve comparecer \u00e0 conven\u00e7\u00e3o, mas o NABJ disse em uma declara\u00e7\u00e3o publicada no X que estava em negocia\u00e7\u00f5es com sua campanha para que ela comparecesse virtualmente ou pessoalmente para uma conversa em setembro.<\/p>\n<p>Trump postou em sua rede social que lhe disseram que n\u00e3o poderia realizar o evento virtualmente.<\/p>\n<p>\u201cEla recusou, e estou me preparando para pousar em Chicago para estar l\u00e1\u201d, escreveu Trump. \u201cAgora me disseram que ela est\u00e1 fazendo o Evento no ZOOM. O QUE EST\u00c1 ACONTECENDO AQUI?\u201d<\/p>\n<p>Trump deve realizar um com\u00edcio de campanha em Harrisburg, Pensilv\u00e2nia, mais tarde na quarta-feira, \u00e0s 18h (hor\u00e1rio de ver\u00e3o do leste dos EUA).<\/p>\n<p><em>Price relatou de Nova York. Os escritores da Associated Press Aaron Morrison em Nova York, Gary Fields em Chicago e Will Weissert e Farnoush Amiri em Washington contribu\u00edram para esta reportagem.<\/em><\/p>\n<\/p><\/div>\n<p><script>\n\t\tvar consent=\"grant\";\n\t\t\/* The above code is parsing the JSON data from the local storage and storing it in a variable. *\/\n\t\t\t\t\tconst onetrustStorageConsent = JSON.parse(localStorage.getItem( 'consent_one_trust_bdc' ) );\n\t\t\tif ( ( onetrustStorageConsent !== null ) ) {\n\t\t\t\t\/* Checking to see if the user has consented to the use of cookies.\n\t\t\t\t* If they have not, it is deleting the cookie.\n\t\t\t\t* This will comment for now, until further notice.\n\t\t\t\t*\/\n\t\t\t\t\/\/if ( onetrustStorageConsent.C0002 === false ) {\n\t\t\t\t\/\/\tdocument.cookie=\"_fbp=;expires=Thu, 01 Jan 2010 00:00:00 UTC; path=\/; domain=.boston.com\";\n\t\t\t\t\/\/}\n\t\t\t\t\/* Checking if the user has given consent for the cookie C0002.\n\t\t\t\t* If the user has given consent, the variable consent will be set to 'grant'.\n\t\t\t\t* If the user has not given consent,the variable consent will be set to 'revoke'.\n\t\t\t\t* Documentation https:\/\/developers.facebook.com\/docs\/meta-pixel\/implementation\/gdpr\n\t\t\t\t*\/\n\t\t\t\tif ( onetrustStorageConsent.C0002 !== true ) {\n\t\t\t\t\tconsent=\"revoke\";\n\t\t\t\t}\n\t\t\t}\n\t\t\t\t!function(f,b,e,v,n,t,s)\n\t\t{if(f.fbq)return;n=f.fbq=function(){n.callMethod?\n\t\tn.callMethod.apply(n,arguments):n.queue.push(arguments)};\n\t\tif(!f._fbq)f._fbq=n;n.push=n;n.loaded=!0;n.version='2.0';\n\t\tn.queue=[];t=b.createElement(e);t.async=!0;\n\t\tt.src=v;s=b.getElementsByTagName(e)[0];\n\t\ts.parentNode.insertBefore(t,s)}(window, document,'script',\n\t\t'https:\/\/connect.facebook.net\/en_US\/fbevents.js');\n\t\tfbq('consent', consent);\n\t\tfbq('init', '989222871864976');\n\t\tfbq('track', 'PageView');\n\t<\/script><script type=\"module\">\n\t\tvar consent=\"grant\";\n\t\t\/* The above code is parsing the JSON data from the local storage and storing it in a variable. *\/\n\t\t\tconst onetrustStorageConsent = JSON.parse(localStorage.getItem( 'consent_one_trust_bdc' ) );\n\t\t\t\/* Checking to see if the user has consented to the use of cookies.\n\t\t\t* If they have not, it is deleting the cookie.\n\t\t\t* This will comment for now, until further notice.\n\t\t\t*\/\n\t\t\t\/\/if ( onetrustStorageConsent.C0002 === false ) {\n\t\t\t\/\/\tdocument.cookie=\"_fbp=;expires=Thu, 01 Jan 2010 00:00:00 UTC; path=\/; domain=.boston.com\";\n\t\t\t\/\/}\n\t\t\t\/* Checking if the user has given consent for the cookie C0002.\n\t\t\t* If the user has given consent, the variable consent will be set to 'grant'.\n\t\t\t* If the user has not given consent,the variable consent will be set to 'revoke'.\n\t\t\t* Documentation https:\/\/developers.facebook.com\/docs\/meta-pixel\/implementation\/gdpr\n\t\t\t*\/\n\t\t\tif ( ( onetrustStorageConsent !== null ) && (onetrustStorageConsent.C0002 !== true ) ) {\n\t\t\t\tconsent=\"revoke\";\n\t\t\t}\n\t\t\t\t!function(f,b,e,v,n,t,s){if(f.fbq)return;n=f.fbq=function()\n\t\t{n.callMethod? n.callMethod.apply(n,arguments):n.queue.push(arguments)}\n\t\t;if(!f._fbq)f._fbq=n;\n\t\tn.push=n;n.loaded=!0;n.version='2.0';n.queue=[];t=b.createElement(e);t.async=!0;\n\t\tt.src=v;s=b.getElementsByTagName(e)[0];s.parentNode.insertBefore(t,s)}(window,\n\t\tdocument,'script','https:\/\/connect.facebook.net\/en_US\/fbevents.js');\n\t\tfbq('consent', consent);\n\t\tfbq('init', '813236348753005');\n\t\tfbq('track', \"PageView\");\n\t<\/script><br \/>\n<br \/><br \/>\n<br \/><a href=\"https:\/\/www.boston.com\/news\/politics\/2024\/07\/31\/donald-trump-falsely-suggests-kamala-harris-misled-voters-about-her-race\/\">Source link <\/a><\/p>","protected":false},"excerpt":{"rendered":"<p>Pol\u00edtica O candidato presidencial republicano, ex-presidente Donald Trump, sobe no palco da conven\u00e7\u00e3o da Associa\u00e7\u00e3o Nacional de Jornalistas Negros, NABJ, quarta-feira, 31 de julho de 2024, em Chicago. AP Photo\/Charles&hellip;<\/p>","protected":false},"author":1,"featured_media":13671,"comment_status":"closed","ping_status":"open","sticky":false,"template":"","format":"standard","meta":{"content-type":"","footnotes":""},"categories":[1],"tags":[],"class_list":["post-13670","post","type-post","status-publish","format-standard","has-post-thumbnail","hentry","category-uncategorized"],"_links":{"self":[{"href":"https:\/\/tvbrazilusa.com\/pt\/wp-json\/wp\/v2\/posts\/13670","targetHints":{"allow":["GET"]}}],"collection":[{"href":"https:\/\/tvbrazilusa.com\/pt\/wp-json\/wp\/v2\/posts"}],"about":[{"href":"https:\/\/tvbrazilusa.com\/pt\/wp-json\/wp\/v2\/types\/post"}],"author":[{"embeddable":true,"href":"https:\/\/tvbrazilusa.com\/pt\/wp-json\/wp\/v2\/users\/1"}],"replies":[{"embeddable":true,"href":"https:\/\/tvbrazilusa.com\/pt\/wp-json\/wp\/v2\/comments?post=13670"}],"version-history":[{"count":1,"href":"https:\/\/tvbrazilusa.com\/pt\/wp-json\/wp\/v2\/posts\/13670\/revisions"}],"predecessor-version":[{"id":13672,"href":"https:\/\/tvbrazilusa.com\/pt\/wp-json\/wp\/v2\/posts\/13670\/revisions\/13672"}],"wp:featuredmedia":[{"embeddable":true,"href":"https:\/\/tvbrazilusa.com\/pt\/wp-json\/wp\/v2\/media\/13671"}],"wp:attachment":[{"href":"https:\/\/tvbrazilusa.com\/pt\/wp-json\/wp\/v2\/media?parent=13670"}],"wp:term":[{"taxonomy":"category","embeddable":true,"href":"https:\/\/tvbrazilusa.com\/pt\/wp-json\/wp\/v2\/categories?post=13670"},{"taxonomy":"post_tag","embeddable":true,"href":"https:\/\/tvbrazilusa.com\/pt\/wp-json\/wp\/v2\/tags?post=13670"}],"curies":[{"name":"wp","href":"https:\/\/api.w.org\/{rel}","templated":true}]}}