{"id":13680,"date":"2024-07-31T23:24:37","date_gmt":"2024-07-31T23:24:37","guid":{"rendered":"https:\/\/tvbrazilusa.com\/2024\/07\/31\/23-anos-depois-acusados-de-planejar-atentados-de-11-de-setembro-assumem-culpa\/"},"modified":"2024-07-31T23:25:54","modified_gmt":"2024-07-31T23:25:54","slug":"23-anos-depois-acusados-de-planejar-atentados-de-11-de-setembro-assumem-culpa","status":"publish","type":"post","link":"https:\/\/tvbrazilusa.com\/pt\/2024\/07\/31\/23-anos-depois-acusados-de-planejar-atentados-de-11-de-setembro-assumem-culpa\/","title":{"rendered":"23 anos depois, acusados de planejar atentados de 11 de setembro assumem culpa"},"content":{"rendered":"<p> <script async src=\"https:\/\/pagead2.googlesyndication.com\/pagead\/js\/adsbygoogle.js?client=ca-pub-8864793242727901\"\r\n     crossorigin=\"anonymous\"><\/script><br \/>\n<\/p>\n<div>\n<p><em>Foto: Arquivo AP<\/em><\/p>\n<p>Na pr\u00f3xima semana, Khalid Sheikh Mohammed e dois c\u00famplices dos ataques de 11 de Setembro, Walid Bin \u2018Attash e Mustafa al-Hawsawi, dever\u00e3o assumir a responsabilidade pelos atentados na comiss\u00e3o militar da Ba\u00eda de Guant\u00e1namo, em Cuba. Este acordo com os Estados Unidos surge mais de 16 anos ap\u00f3s a acusa\u00e7\u00e3o e mais de 20 anos depois dos ataques que mataram quase 3 mil pessoas.<\/p>\n<p>As fam\u00edlias das v\u00edtimas dos atentados h\u00e1 muito tempo esperavam ver os respons\u00e1veis admitirem formalmente a culpa. No entanto, o Pent\u00e1gono n\u00e3o divulgou os termos espec\u00edficos do acordo. Segundo o New York Times, citando fontes an\u00f4nimas do Pent\u00e1gono, os termos asseguram que os acusados n\u00e3o enfrentem a pena de morte.<\/p>\n<p>Os acusados j\u00e1 compareceram a audi\u00eancias pr\u00e9-julgamento. Advogados de defesa argumentaram que os interrogat\u00f3rios conduzidos pelo FBI deveriam ser invalidados devido \u00e0s alega\u00e7\u00f5es de tortura dos acusados enquanto estavam em cust\u00f3dia. Mas afinal, quem \u00e9 Khalid Sheikh Mohammed e quais s\u00e3o suas liga\u00e7\u00f5es com os ataques?<\/p>\n<h2 class=\"wp-block-heading\">Quem \u00e9 Khalid Sheikh Mohammed?<\/h2>\n<p>Mohammed, conhecido tamb\u00e9m pelas iniciais KSM, \u00e9 o alegado mentor por tr\u00e1s dos fat\u00eddicos ataques de 11 de setembro. O paquistan\u00eas de 56 anos, criado no Kuwait, foi supostamente o primeiro a sugerir a Osama bin Laden a ideia de usar voos comerciais como m\u00edsseis, lan\u00e7ando-os contra pr\u00e9dios.<\/p>\n<p>Em 1993, Mohammad conspirou com seu sobrinho para detonar um carro-bomba no estacionamento sob o World Trade Center. Ele foi capturado no Paquist\u00e3o em 2003, transferido para pris\u00f5es secretas da CIA no Afeganist\u00e3o, e em 2006, levado a Guant\u00e1namo.<\/p>\n<p>Em 2007, durante uma audi\u00eancia a portas fechadas, ele alegou ser respons\u00e1vel por diversos ataques, incluindo 11 de Setembro e bombardeios da Al-Qaeda em Bali e no Qu\u00eania.<\/p>\n<h2 class=\"wp-block-heading\">Qual foi o envolvimento de Walid Bin \u2018Attash e Mustafa al-Hawsawi?<\/h2>\n<p>Walid Bin \u2018Attash \u00e9 acusado de ajudar Mohammed a planejar os ataques e enviar dinheiro aos sequestradores dos voos. J\u00e1 Mustafa al-Hawsawi teria auxiliado na log\u00edstica dos sequestradores, incluindo viagens e transfer\u00eancias financeiras.<\/p>\n<p>Al\u00e9m dos tr\u00eas mencionados, outros indiv\u00edduos tamb\u00e9m foram acusados e indiciados pelo envolvimento nos atentados de 2001, como Ali Abdul Aziz Ali e Ramzi Bin al-Shibh. No entanto, at\u00e9 o momento, esses dois n\u00e3o fizeram acordos.<\/p>\n<h2 class=\"wp-block-heading\">Qual \u00e9 a import\u00e2ncia deste acordo para as fam\u00edlias das v\u00edtimas?<\/h2>\n<p>As fam\u00edlias das v\u00edtimas dos ataques de 11 de setembro sempre buscaram justi\u00e7a e a admiss\u00e3o de culpa por parte dos acusados \u00e9 um passo importante nesse processo. A espera de mais de 20 anos aumenta a expectativa e a emo\u00e7\u00e3o em torno desse desfecho.<\/p>\n<p>A admiss\u00e3o pode trazer algum al\u00edvio \u00e0s fam\u00edlias, mesmo que os termos do acordo excluam a pena de morte, uma condi\u00e7\u00e3o que gerou pol\u00eamica e longos debates. Este \u00e9 um momento significativo para quem viveu a trag\u00e9dia e carrega as lembran\u00e7as dos entes queridos perdidos.<\/p>\n<p>O caso dos atentados de 11 de Setembro \u00e9 uma lembran\u00e7a constante das fragilidades de nossa seguran\u00e7a. A admiss\u00e3o de culpa pelos acusados oferece uma oportunidade de fechamento para muitos, mesmo que a dor e a lembran\u00e7a dos eventos nunca desapare\u00e7am por completo.<\/p>\n<p>Esperamos que as audi\u00eancias na pr\u00f3xima semana tragam, finalmente, uma medida de justi\u00e7a e paz para todos os envolvidos.<\/p>\n<\/p><\/div>\n<p><br \/>\n<br \/><a href=\"https:\/\/terrabrasilnoticias.com\/2024\/07\/23-anos-depois-acusados-de-planejar-atentados-de-11-de-setembro-assumem-culpa\/\">Source link <\/a><\/p>","protected":false},"excerpt":{"rendered":"<p>Foto: Arquivo AP Na pr\u00f3xima semana, Khalid Sheikh Mohammed e dois c\u00famplices dos ataques de 11 de Setembro, Walid Bin \u2018Attash e Mustafa al-Hawsawi, dever\u00e3o assumir a responsabilidade pelos atentados&hellip;<\/p>","protected":false},"author":1,"featured_media":13681,"comment_status":"closed","ping_status":"open","sticky":false,"template":"","format":"standard","meta":{"content-type":"","footnotes":""},"categories":[16],"tags":[],"class_list":["post-13680","post","type-post","status-publish","format-standard","has-post-thumbnail","hentry","category-noticias"],"_links":{"self":[{"href":"https:\/\/tvbrazilusa.com\/pt\/wp-json\/wp\/v2\/posts\/13680","targetHints":{"allow":["GET"]}}],"collection":[{"href":"https:\/\/tvbrazilusa.com\/pt\/wp-json\/wp\/v2\/posts"}],"about":[{"href":"https:\/\/tvbrazilusa.com\/pt\/wp-json\/wp\/v2\/types\/post"}],"author":[{"embeddable":true,"href":"https:\/\/tvbrazilusa.com\/pt\/wp-json\/wp\/v2\/users\/1"}],"replies":[{"embeddable":true,"href":"https:\/\/tvbrazilusa.com\/pt\/wp-json\/wp\/v2\/comments?post=13680"}],"version-history":[{"count":1,"href":"https:\/\/tvbrazilusa.com\/pt\/wp-json\/wp\/v2\/posts\/13680\/revisions"}],"predecessor-version":[{"id":13682,"href":"https:\/\/tvbrazilusa.com\/pt\/wp-json\/wp\/v2\/posts\/13680\/revisions\/13682"}],"wp:featuredmedia":[{"embeddable":true,"href":"https:\/\/tvbrazilusa.com\/pt\/wp-json\/wp\/v2\/media\/13681"}],"wp:attachment":[{"href":"https:\/\/tvbrazilusa.com\/pt\/wp-json\/wp\/v2\/media?parent=13680"}],"wp:term":[{"taxonomy":"category","embeddable":true,"href":"https:\/\/tvbrazilusa.com\/pt\/wp-json\/wp\/v2\/categories?post=13680"},{"taxonomy":"post_tag","embeddable":true,"href":"https:\/\/tvbrazilusa.com\/pt\/wp-json\/wp\/v2\/tags?post=13680"}],"curies":[{"name":"wp","href":"https:\/\/api.w.org\/{rel}","templated":true}]}}