{"id":13702,"date":"2024-07-31T20:30:54","date_gmt":"2024-07-31T20:30:54","guid":{"rendered":"https:\/\/tvbrazilusa.com\/2024\/07\/31\/emanuel-lopes-pega-prisao-perpetua-pelos-assassinatos-de-um-policial-de-weymouth-e-um-idoso-em-2018\/"},"modified":"2024-07-31T23:48:35","modified_gmt":"2024-07-31T23:48:35","slug":"emanuel-lopes-pega-prisao-perpetua-pelos-assassinatos-de-um-policial-de-weymouth-e-um-idoso-em-2018","status":"publish","type":"post","link":"https:\/\/tvbrazilusa.com\/pt\/2024\/07\/31\/emanuel-lopes-pega-prisao-perpetua-pelos-assassinatos-de-um-policial-de-weymouth-e-um-idoso-em-2018\/","title":{"rendered":"Emanuel Lopes pega pris\u00e3o perp\u00e9tua pelos assassinatos de um policial de Weymouth e um idoso em 2018"},"content":{"rendered":"<p> <script async src=\"https:\/\/pagead2.googlesyndication.com\/pagead\/js\/adsbygoogle.js?client=ca-pub-8864793242727901\"\r\n     crossorigin=\"anonymous\"><\/script><br \/>\n<\/p>\n<div id=\"\">\n<header class=\"m-article-header m-article-header--standard\">\n\t\t\t\t\t\t\t\t\t\t\t\t<span id=\"article-header-primary-term\"><br \/>\n\t\t\t\t\t\t\t\t<a class=\"a-term a-term--primary\" href=\"https:\/\/www.boston.com\/tag\/crime\/\"><\/p>\n<p>\t\t\t\t\t\t\t\tCrime\t\t\t\t\t\t\t\t<\/a><br \/>\n\t\t\t\t\t\t\t<\/span><\/p>\n<h2 class=\"m-article-header__sub-headline\">\u201cSr. Lopes, voc\u00ea \u00e9 o monstro sobre o qual avisei meus filhos\u201d, disse a m\u00e3e do sargento da pol\u00edcia de Weymouth, Michael Chesna, no tribunal.<\/h2>\n<figure class=\"a-photo m-article-header__photo\"><figcaption class=\"a-photo__caption\">\n<p>\tPoliciais de Weymouth observam Emanuel Lopes durante o processo de senten\u00e7a. Lopes foi sentenciado no Tribunal Superior de Norfolk pelo assassinato em 2018 do Sargento da Pol\u00edcia de Weymouth, Michael Chesna, e da espectadora Vera Adams na quarta-feira, 31 de julho de 2024.<em> Greg Derr\/Piscina<\/em>\t<\/figcaption><\/figure>\n<\/header>\n<p>Seis anos depois de assassinar o sargento da pol\u00edcia de Weymouth, Michael Chesna, e a espectadora Vera Adams, <a href=\"https:\/\/www.boston.com\/news\/local-news\/2023\/05\/30\/trial-alleged-murderer-michael-chesna-vera-adams-what-to-know\/\" target=\"_blank\" rel=\"noreferrer noopener\">Emanuel Lopes<\/a> foi condenado na quarta-feira a duas penas consecutivas de pris\u00e3o perp\u00e9tua, com direito a liberdade condicional ap\u00f3s 40 anos. <\/p>\n<p>Lopes, 26, era <a href=\"https:\/\/www.boston.com\/news\/local-news\/2024\/02\/16\/mass-man-found-guilty-of-murder-in-the-deaths-of-a-police-officer-elderly-widow\/\" target=\"_blank\" rel=\"noreferrer noopener\">considerado culpado<\/a> em fevereiro de matar Chesna, um veterano militar de 42 anos e pai de dois filhos, e Adams, uma vi\u00fava de 77 anos que viveu em Weymouth a vida toda. Foi o segundo julgamento de Lopes; seu primeiro <a href=\"https:\/\/www.boston.com\/news\/local-news\/2023\/07\/10\/mistrial-declared-emanuel-lopes-alleged-killer-weymouth-officer-chesna-bystander\/\" target=\"_blank\" rel=\"noreferrer noopener\">terminou em anula\u00e7\u00e3o do julgamento<\/a> em 2023.  <\/p>\n<p>A vi\u00fava de Chesna, Cindy, relembrou o momento de cortar o cora\u00e7\u00e3o que teve que contar aos filhos que o pai deles n\u00e3o voltaria para casa, &#8220;que ele tinha conhecido um bandido no trabalho&#8221;, enquanto atendia uma liga\u00e7\u00e3o na manh\u00e3 de 15 de julho de 2018.<\/p>\n<p>Ela colocou fotos de fam\u00edlia no banco das testemunhas enquanto se preparava para falar em seu nome e de seus filhos. Olivia e Jack Chesna tinham 9 e 4 anos, respectivamente, quando seu pai morreu.<\/p>\n<p>\u201cN\u00e3o posso devolver o pai aos meus filhos\u201d, disse Cindy Chesna em sua declara\u00e7\u00e3o de impacto da v\u00edtima. \u201cEles sempre viver\u00e3o com a tristeza que n\u00e3o posso consertar e a dor que n\u00e3o posso curar. Mas posso pedir ao tribunal que me ajude a dar a eles a \u00fanica coisa que posso: o conforto de saber que o monstro que assassinou o pai deles nunca andar\u00e1 livre.\u201d<\/p>\n<figure class=\"wp-block-image size-full\"><img loading=\"lazy\" decoding=\"async\" width=\"1600\" height=\"1051\" src=\"https:\/\/bdc2020.o0bc.com\/wp-content\/uploads\/2024\/07\/GVF4JCQXXUOAYW2R4KE76IZHO4-66aa97f7734e6.jpg\" alt=\"\" class=\"wp-image-31006473\" srcset=\"https:\/\/bdc2020.o0bc.com\/wp-content\/uploads\/2024\/07\/GVF4JCQXXUOAYW2R4KE76IZHO4-66aa97f7734e6.jpg?width=200 200w, https:\/\/bdc2020.o0bc.com\/wp-content\/uploads\/2024\/07\/GVF4JCQXXUOAYW2R4KE76IZHO4-66aa97f7734e6.jpg?width=300 300w, https:\/\/bdc2020.o0bc.com\/wp-content\/uploads\/2024\/07\/GVF4JCQXXUOAYW2R4KE76IZHO4-66aa97f7734e6.jpg?width=400 400w, https:\/\/bdc2020.o0bc.com\/wp-content\/uploads\/2024\/07\/GVF4JCQXXUOAYW2R4KE76IZHO4-66aa97f7734e6.jpg?width=500 500w, https:\/\/bdc2020.o0bc.com\/wp-content\/uploads\/2024\/07\/GVF4JCQXXUOAYW2R4KE76IZHO4-66aa97f7734e6.jpg?width=600 600w, https:\/\/bdc2020.o0bc.com\/wp-content\/uploads\/2024\/07\/GVF4JCQXXUOAYW2R4KE76IZHO4-66aa97f7734e6.jpg?width=700 700w, https:\/\/bdc2020.o0bc.com\/wp-content\/uploads\/2024\/07\/GVF4JCQXXUOAYW2R4KE76IZHO4-66aa97f7734e6.jpg?width=800 800w, https:\/\/bdc2020.o0bc.com\/wp-content\/uploads\/2024\/07\/GVF4JCQXXUOAYW2R4KE76IZHO4-66aa97f7734e6.jpg?width=900 900w\" sizes=\"auto, (max-width: 1600px) 100vw, 1600px\"\/><figcaption class=\"wp-element-caption\">Durante sua declara\u00e7\u00e3o de impacto da v\u00edtima, Cindy Chesna colocou fotos de seu falecido marido com ela e seus filhos.<i> \u2013 Greg Derr\/Piscina<\/i><\/figcaption><\/figure>\n<h2 class=\"wp-block-heading\" id=\"h-what-the-victims-families-said\">O que disseram as fam\u00edlias das v\u00edtimas<\/h2>\n<p>O tribunal estava lotado de policiais uniformizados enquanto familiares e amigos de Chesna e Adams falavam sobre as v\u00edtimas. Os entes queridos de Adams descreveram o al\u00edvio que sentiram ao saber que o caminho de Lopes pelos tribunais est\u00e1 quase no fim. Eles se lembraram da generosidade de Adams, da risada contagiante e do senso de humor seco. <\/p>\n<p>A m\u00e3e de Chesna, Maryann Chesna, o descreveu como \u201cuma parte de mim que nunca poder\u00e1 ser substitu\u00edda\u201d.<\/p>\n<p>\u201cPor seis anos, vivi com o buraco inimagin\u00e1vel e doloroso em meu cora\u00e7\u00e3o\u201d, ela disse. \u201cTodos os dias eu acordo, e meu filho Michael ainda est\u00e1 desaparecido. Seu assassinato consumiu meu cora\u00e7\u00e3o, meus sentimentos, minha respira\u00e7\u00e3o.\u201d<\/p>\n<p>Ela pediu a pena m\u00e1xima para Lopes, descrevendo-o como um perigo para a comunidade. <\/p>\n<p>\u201cSr. Lopes, voc\u00ea \u00e9 o monstro sobre o qual avisei meus filhos\u201d, disse Maryann Chesna. <\/p>\n<p>Em uma declara\u00e7\u00e3o lida em voz alta por sua m\u00e3e, Jack Chesna, de 10 anos, escreveu que sente falta do pai quando pratica esportes ou celebra momentos importantes em sua vida. <\/p>\n<p>\u201cTodo Dia dos Pais, n\u00e3o tenho um pai para celebrar\u201d, ele escreveu. \u201cTenho que ir ao t\u00famulo dele em vez disso.\u201d<\/p>\n<p>Olivia Chesna, 15, escreveu que o pior dia de sua vida foi o dia em que seu pai foi morto. <\/p>\n<p>\u201cEle foi e sempre ser\u00e1 meu her\u00f3i. Ele n\u00e3o foi meu her\u00f3i por seu trabalho, ou como ele morreu, mas por seu car\u00e1ter\u201d, ela escreveu, acrescentando, \u201cEle era meu melhor amigo, algu\u00e9m que sempre me fez feliz e tornou as coisas melhores.\u201d<\/p>\n<p>Em sua pr\u00f3pria declara\u00e7\u00e3o, Cindy Chesna se lembrou de seu marido como um homem que levava sua filha a conven\u00e7\u00f5es de quadrinhos e sorveterias, e que lembrava seu filho de pensar em coisas boas enquanto adormecia. <\/p>\n<p>\u201cEle era engra\u00e7ado e bondoso, e amava sua fam\u00edlia acima de tudo\u201d, disse ela. <\/p>\n<p>Ela disse que nunca falou o nome de Lopes em voz alta e nunca o far\u00e1. <\/p>\n<h2 class=\"wp-block-heading\" id=\"h-lopes-offers-an-apology-this-should-have-never-happened\">Lopes pede desculpas: &#39;Isso nunca deveria ter acontecido&#39;<\/h2>\n<p>O promotor Greg Connor pediu senten\u00e7as consecutivas de pris\u00e3o perp\u00e9tua para cada um dos assassinatos, com elegibilidade para liberdade condicional ap\u00f3s 30 anos para o assassinato em primeiro grau de Chesna e ap\u00f3s 25 anos para o assassinato em segundo grau de Adams. O advogado de defesa Larry Tipton argumentou por uma elegibilidade para liberdade condicional mais curta, citando o suposto hist\u00f3rico de alucina\u00e7\u00f5es de seu cliente. <\/p>\n<p>De acordo com Tipton, Lopes disse a um m\u00e9dico que realizou uma avalia\u00e7\u00e3o psiqui\u00e1trica nele que estava arrependido e \u201cse sentia uma pessoa p\u00e9ssima. \u2026 Que ele achava que as pessoas estavam tentando mat\u00e1-lo.\u201d<\/p>\n<p>\u201cS\u00e3o as circunst\u00e2ncias de sua doen\u00e7a mental que imploramos que o tribunal tamb\u00e9m considere\u201d, disse Tipton. <\/p>\n<figure class=\"wp-block-image size-full\"><img loading=\"lazy\" decoding=\"async\" width=\"1600\" height=\"913\" src=\"https:\/\/bdc2020.o0bc.com\/wp-content\/uploads\/2024\/07\/GY5TCAOXJC32EZYHFSCF5PIRVY-66aa97f23165f.jpg\" alt=\"\" class=\"wp-image-31006464\" srcset=\"https:\/\/bdc2020.o0bc.com\/wp-content\/uploads\/2024\/07\/GY5TCAOXJC32EZYHFSCF5PIRVY-66aa97f23165f.jpg?width=200 200w, https:\/\/bdc2020.o0bc.com\/wp-content\/uploads\/2024\/07\/GY5TCAOXJC32EZYHFSCF5PIRVY-66aa97f23165f.jpg?width=300 300w, https:\/\/bdc2020.o0bc.com\/wp-content\/uploads\/2024\/07\/GY5TCAOXJC32EZYHFSCF5PIRVY-66aa97f23165f.jpg?width=400 400w, https:\/\/bdc2020.o0bc.com\/wp-content\/uploads\/2024\/07\/GY5TCAOXJC32EZYHFSCF5PIRVY-66aa97f23165f.jpg?width=500 500w, https:\/\/bdc2020.o0bc.com\/wp-content\/uploads\/2024\/07\/GY5TCAOXJC32EZYHFSCF5PIRVY-66aa97f23165f.jpg?width=600 600w, https:\/\/bdc2020.o0bc.com\/wp-content\/uploads\/2024\/07\/GY5TCAOXJC32EZYHFSCF5PIRVY-66aa97f23165f.jpg?width=700 700w, https:\/\/bdc2020.o0bc.com\/wp-content\/uploads\/2024\/07\/GY5TCAOXJC32EZYHFSCF5PIRVY-66aa97f23165f.jpg?width=800 800w, https:\/\/bdc2020.o0bc.com\/wp-content\/uploads\/2024\/07\/GY5TCAOXJC32EZYHFSCF5PIRVY-66aa97f23165f.jpg?width=900 900w\" sizes=\"auto, (max-width: 1600px) 100vw, 1600px\"\/><figcaption class=\"wp-element-caption\">O advogado de defesa Larry Tipton faz um apelo apaixonado pela senten\u00e7a de seu cliente Emanuel Lopes.<i> \u2013 Greg Derr\/Piscina<\/i><\/figcaption><\/figure>\n<p>Lopes tamb\u00e9m se dirigiu brevemente ao tribunal antes que a ju\u00edza Beverly Cannone anunciasse sua senten\u00e7a.<\/p>\n<p>\u201cS\u00f3 quero dizer que lamento \u00e0 fam\u00edlia do sargento Michael Chesna\u201d, disse ele. \u201cSinto muito ao Departamento de Pol\u00edcia de Weymouth. Sinto muito \u00e0 fam\u00edlia de Vera Adams. Sinto muito mesmo. Isso nunca deveria ter acontecido.\u201d<\/p>\n<p>Na manh\u00e3 dos assassinatos duplos, Lopes roubou e bateu o carro da namorada e fugiu do local a p\u00e9. Ele cruzou o caminho de Chesna quando a pol\u00edcia respondeu a um relato de uma pedra atirada pela janela de uma casa pr\u00f3xima. <\/p>\n<p>Os promotores disseram que Lopes jogou outra pedra na cabe\u00e7a de Chesna, pegou a arma do policial e atirou nele v\u00e1rias vezes. Enquanto fugia, ele atirou em Adams, que estava na varanda dela. <\/p>\n<p>Lopes&#39;s <a href=\"https:\/\/www.boston.com\/news\/crime\/2023\/06\/09\/mentally-ill-or-deliberate-killer-trial-starts-for-man-charged-with-killing-massachusetts-officer-bystander\/\" target=\"_blank\" rel=\"noreferrer noopener\">sa\u00fade mental<\/a> tornou-se um foco central durante ambos os julgamentos, e Cannone reconheceu sua \u201cdoen\u00e7a mental grave\u201d e medicamentos antipsic\u00f3ticos e antidepressivos. Ela finalmente proferiu duas senten\u00e7as de pris\u00e3o perp\u00e9tua, a serem cumpridas uma ap\u00f3s a outra. Lopes ser\u00e1 eleg\u00edvel para liberdade condicional ap\u00f3s 30 anos pelo assassinato de Chesna, mais outros 10 anos pelo assassinato de Adams.<\/p>\n<p>\u201cE quero que fique claro que, pelo menos na minha opini\u00e3o, as senten\u00e7as que impus permitem uma oportunidade significativa de liberdade condicional\u201d, disse Cannone.<\/p>\n<div class=\"m-block m-generic-cta\t m-generic-cta--post-content\t m-generic-cta--dark\t m-generic-cta--homepage\t m-generic-cta--email-signup\t\t m-generic-cta-block-style--default \tt-amp__generic-cta\"><\/p>\n<div class=\"m-generic-cta__wrap\">\n<div class=\"m-generic-cta__content\">\n<h3 class=\"m-generic-cta__title\">Inscri\u00e7\u00e3o no boletim informativo<\/h3>\n<p class=\"m-generic-cta__subtitle\">Fique por dentro das \u00faltimas not\u00edcias do Boston.com<\/p>\n<\/p><\/div>\n<\/p><\/div>\n<\/div><\/div>\n<p><script>\n\t\tvar consent=\"grant\";\n\t\t\/* The above code is parsing the JSON data from the local storage and storing it in a variable. *\/\n\t\t\t\t\tconst onetrustStorageConsent = JSON.parse(localStorage.getItem( 'consent_one_trust_bdc' ) );\n\t\t\tif ( ( onetrustStorageConsent !== null ) ) {\n\t\t\t\t\/* Checking to see if the user has consented to the use of cookies.\n\t\t\t\t* If they have not, it is deleting the cookie.\n\t\t\t\t* This will comment for now, until further notice.\n\t\t\t\t*\/\n\t\t\t\t\/\/if ( onetrustStorageConsent.C0002 === false ) {\n\t\t\t\t\/\/\tdocument.cookie=\"_fbp=;expires=Thu, 01 Jan 2010 00:00:00 UTC; path=\/; domain=.boston.com\";\n\t\t\t\t\/\/}\n\t\t\t\t\/* Checking if the user has given consent for the cookie C0002.\n\t\t\t\t* If the user has given consent, the variable consent will be set to 'grant'.\n\t\t\t\t* If the user has not given consent,the variable consent will be set to 'revoke'.\n\t\t\t\t* Documentation https:\/\/developers.facebook.com\/docs\/meta-pixel\/implementation\/gdpr\n\t\t\t\t*\/\n\t\t\t\tif ( onetrustStorageConsent.C0002 !== true ) {\n\t\t\t\t\tconsent=\"revoke\";\n\t\t\t\t}\n\t\t\t}\n\t\t\t\t!function(f,b,e,v,n,t,s)\n\t\t{if(f.fbq)return;n=f.fbq=function(){n.callMethod?\n\t\tn.callMethod.apply(n,arguments):n.queue.push(arguments)};\n\t\tif(!f._fbq)f._fbq=n;n.push=n;n.loaded=!0;n.version='2.0';\n\t\tn.queue=[];t=b.createElement(e);t.async=!0;\n\t\tt.src=v;s=b.getElementsByTagName(e)[0];\n\t\ts.parentNode.insertBefore(t,s)}(window, document,'script',\n\t\t'https:\/\/connect.facebook.net\/en_US\/fbevents.js');\n\t\tfbq('consent', consent);\n\t\tfbq('init', '989222871864976');\n\t\tfbq('track', 'PageView');\n\t<\/script><script type=\"module\">\n\t\tvar consent=\"grant\";\n\t\t\/* The above code is parsing the JSON data from the local storage and storing it in a variable. *\/\n\t\t\tconst onetrustStorageConsent = JSON.parse(localStorage.getItem( 'consent_one_trust_bdc' ) );\n\t\t\t\/* Checking to see if the user has consented to the use of cookies.\n\t\t\t* If they have not, it is deleting the cookie.\n\t\t\t* This will comment for now, until further notice.\n\t\t\t*\/\n\t\t\t\/\/if ( onetrustStorageConsent.C0002 === false ) {\n\t\t\t\/\/\tdocument.cookie=\"_fbp=;expires=Thu, 01 Jan 2010 00:00:00 UTC; path=\/; domain=.boston.com\";\n\t\t\t\/\/}\n\t\t\t\/* Checking if the user has given consent for the cookie C0002.\n\t\t\t* If the user has given consent, the variable consent will be set to 'grant'.\n\t\t\t* If the user has not given consent,the variable consent will be set to 'revoke'.\n\t\t\t* Documentation https:\/\/developers.facebook.com\/docs\/meta-pixel\/implementation\/gdpr\n\t\t\t*\/\n\t\t\tif ( ( onetrustStorageConsent !== null ) && (onetrustStorageConsent.C0002 !== true ) ) {\n\t\t\t\tconsent=\"revoke\";\n\t\t\t}\n\t\t\t\t!function(f,b,e,v,n,t,s){if(f.fbq)return;n=f.fbq=function()\n\t\t{n.callMethod? n.callMethod.apply(n,arguments):n.queue.push(arguments)}\n\t\t;if(!f._fbq)f._fbq=n;\n\t\tn.push=n;n.loaded=!0;n.version='2.0';n.queue=[];t=b.createElement(e);t.async=!0;\n\t\tt.src=v;s=b.getElementsByTagName(e)[0];s.parentNode.insertBefore(t,s)}(window,\n\t\tdocument,'script','https:\/\/connect.facebook.net\/en_US\/fbevents.js');\n\t\tfbq('consent', consent);\n\t\tfbq('init', '813236348753005');\n\t\tfbq('track', \"PageView\");\n\t<\/script><br \/>\n<br \/><br \/>\n<br \/><a href=\"https:\/\/www.boston.com\/news\/crime\/2024\/07\/31\/emanuel-lopes-life-terms-2018-murder-weymouth-officer-michael-chesna-vera-adams\/\">Source link <\/a><\/p>","protected":false},"excerpt":{"rendered":"<p>Crime \u201cSr. Lopes, voc\u00ea \u00e9 o monstro sobre o qual avisei meus filhos\u201d, disse a m\u00e3e do sargento da pol\u00edcia de Weymouth, Michael Chesna, no tribunal. Policiais de Weymouth observam&hellip;<\/p>","protected":false},"author":1,"featured_media":13703,"comment_status":"closed","ping_status":"open","sticky":false,"template":"","format":"standard","meta":{"content-type":"","footnotes":""},"categories":[1],"tags":[],"class_list":["post-13702","post","type-post","status-publish","format-standard","has-post-thumbnail","hentry","category-uncategorized"],"_links":{"self":[{"href":"https:\/\/tvbrazilusa.com\/pt\/wp-json\/wp\/v2\/posts\/13702","targetHints":{"allow":["GET"]}}],"collection":[{"href":"https:\/\/tvbrazilusa.com\/pt\/wp-json\/wp\/v2\/posts"}],"about":[{"href":"https:\/\/tvbrazilusa.com\/pt\/wp-json\/wp\/v2\/types\/post"}],"author":[{"embeddable":true,"href":"https:\/\/tvbrazilusa.com\/pt\/wp-json\/wp\/v2\/users\/1"}],"replies":[{"embeddable":true,"href":"https:\/\/tvbrazilusa.com\/pt\/wp-json\/wp\/v2\/comments?post=13702"}],"version-history":[{"count":1,"href":"https:\/\/tvbrazilusa.com\/pt\/wp-json\/wp\/v2\/posts\/13702\/revisions"}],"predecessor-version":[{"id":13704,"href":"https:\/\/tvbrazilusa.com\/pt\/wp-json\/wp\/v2\/posts\/13702\/revisions\/13704"}],"wp:featuredmedia":[{"embeddable":true,"href":"https:\/\/tvbrazilusa.com\/pt\/wp-json\/wp\/v2\/media\/13703"}],"wp:attachment":[{"href":"https:\/\/tvbrazilusa.com\/pt\/wp-json\/wp\/v2\/media?parent=13702"}],"wp:term":[{"taxonomy":"category","embeddable":true,"href":"https:\/\/tvbrazilusa.com\/pt\/wp-json\/wp\/v2\/categories?post=13702"},{"taxonomy":"post_tag","embeddable":true,"href":"https:\/\/tvbrazilusa.com\/pt\/wp-json\/wp\/v2\/tags?post=13702"}],"curies":[{"name":"wp","href":"https:\/\/api.w.org\/{rel}","templated":true}]}}