{"id":13791,"date":"2024-08-01T01:30:00","date_gmt":"2024-08-01T01:30:00","guid":{"rendered":"https:\/\/tvbrazilusa.com\/2024\/08\/01\/volkswagen-vai-relancar-o-gol-em-2025-empresa-quebra-silencio\/"},"modified":"2024-08-01T01:50:55","modified_gmt":"2024-08-01T01:50:55","slug":"volkswagen-vai-relancar-o-gol-em-2025-empresa-quebra-silencio","status":"publish","type":"post","link":"https:\/\/tvbrazilusa.com\/pt\/2024\/08\/01\/volkswagen-vai-relancar-o-gol-em-2025-empresa-quebra-silencio\/","title":{"rendered":"Volkswagen vai relan\u00e7ar o Gol em 2025? Empresa quebra sil\u00eancio"},"content":{"rendered":"<p> <script async src=\"https:\/\/pagead2.googlesyndication.com\/pagead\/js\/adsbygoogle.js?client=ca-pub-8864793242727901\"\r\n     crossorigin=\"anonymous\"><\/script><br \/>\n<\/p>\n<div>\n<p>Recentemente, os rumores sobre o relan\u00e7amento do VW Gol no Brasil em 2025 ganharam for\u00e7as nas redes sociais. Tudo come\u00e7ou quando a Prefeitura de Taubat\u00e9 (SP) divulgou, via Instagram, que o modelo voltaria a ser fabricado na cidade com um investimento de R$ 1 bilh\u00e3o. No entanto, o CEO da Volkswagen, Ciro Possobom, veio a p\u00fablico desmentir essas especula\u00e7\u00f5es.<\/p>\n<p>Em uma participa\u00e7\u00e3o no podcast CBN Autoesporte, que foi ao ar no domingo (11), \u00e0s 9h, Possobom confirmou que h\u00e1, de fato, novos planos para a f\u00e1brica de Taubat\u00e9, mas o nome Gol n\u00e3o est\u00e1 nos projetos. O modelo, que se despediu do mercado no final de 2022, deixou muitos f\u00e3s saudosos ap\u00f3s 42 anos de produ\u00e7\u00e3o.<\/p>\n<h2>Volkswagen nega relan\u00e7amento do Gol<\/h2>\n<p>Ciro Possobom ironizou os rumores ao comparar a hist\u00f3ria com o caso da \u201cgr\u00e1vida de Taubat\u00e9\u201d, um epis\u00f3dio famoso onde uma mulher fingiu estar gr\u00e1vida de quadrig\u00eameos. Segundo ele, a volta do Gol n\u00e3o passa de um mito. \u201cEstamos trabalhando em um novo carro com tecnologia avan\u00e7ada e ser\u00e1 muito legal, mas n\u00e3o \u00e9 o Gol\u201d, afirmou o CEO.<\/p>\n<h2>O que ser\u00e1 produzido em Taubat\u00e9?<\/h2>\n<p>Se n\u00e3o \u00e9 o Gol, qual ser\u00e1 o novo modelo da Volkswagen? A marca est\u00e1 prestes a lan\u00e7ar um SUV de entrada, ainda sem nome definido, posicionado abaixo dos atuais Nivus e T-Cross. Este novo ve\u00edculo, que vive sob o codinome A0 SUV, ser\u00e1 montado na f\u00e1brica de Taubat\u00e9 e come\u00e7ar\u00e1 a produ\u00e7\u00e3o em s\u00e9rie em fevereiro de 2025.<\/p>\n<h3>Detalhes do Novo SUV<\/h3>\n<p>O novo SUV, conhecido internamente como VW246, compartilhar\u00e1 a plataforma MQB A0 com o Polo e Polo Track. O entre eixos ser\u00e1 o mesmo, de 2,56 metros, assim como grande parte da estrutura b\u00e1sica. Contudo, o A0 SUV ter\u00e1 design exclusivo em v\u00e1rias partes, como cap\u00f4, para-choque, far\u00f3is e outros.<\/p>\n<p>Com dimens\u00f5es pr\u00f3ximas a 4,10 metros de comprimento, 1,80 metros de largura e 1,60 metros de altura, o novo SUV competir\u00e1 diretamente com modelos como o Fiat Pulse. Estima-se que ser\u00e1 comercializado na faixa de R$ 100 mil a R$ 130 mil.<\/p>\n<h2>Quais motores e vers\u00f5es estar\u00e3o dispon\u00edveis?<\/h2>\n<p>O futuro SUV vir\u00e1 com duas op\u00e7\u00f5es de motores:<\/p>\n<ul>\n<li><strong>Motor 170 TSI:<\/strong> At\u00e9 116 cv de pot\u00eancia e 16,8 kgfm de torque, com op\u00e7\u00f5es de c\u00e2mbio manual de cinco marchas ou autom\u00e1tico de seis marchas.<\/li>\n<li><strong>Motor 200 TSI:<\/strong> At\u00e9 128 cv de pot\u00eancia e 20,4 kgfm de torque, sempre com c\u00e2mbio autom\u00e1tico de seis velocidades.<\/li>\n<\/ul>\n<h2>Como ser\u00e1 chamado o novo SUV da Volkswagen?<\/h2>\n<p>Em outubro do ano passado, a Volkswagen realizou uma cl\u00ednica com potenciais clientes para escolher o nome do novo SUV. Os nomes apresentados foram: Tera, Teon, Taira, Therion, Copan, Copa e Hera. At\u00e9 agora, Tera, Therion e Hera foram os \u00fanicos nomes registrados no Instituto Nacional de Propriedade Industrial (Inpi).<\/p>\n<p>EM suma, o novo modelo da Volkswagen promete ser um marco na evolu\u00e7\u00e3o da linha de SUVs compactos da marca, trazendo inova\u00e7\u00e3o e competitividade para o mercado brasileiro.<\/p>\n<\/p><\/div>\n<p><br \/>\n<br \/><a href=\"https:\/\/terrabrasilnoticias.com\/2024\/07\/volkswagen-desmente-relancamento-do-gol-em-2025\/\">Source link <\/a><\/p>","protected":false},"excerpt":{"rendered":"<p>Recentemente, os rumores sobre o relan\u00e7amento do VW Gol no Brasil em 2025 ganharam for\u00e7as nas redes sociais. Tudo come\u00e7ou quando a Prefeitura de Taubat\u00e9 (SP) divulgou, via Instagram, que&hellip;<\/p>","protected":false},"author":1,"featured_media":13792,"comment_status":"closed","ping_status":"open","sticky":false,"template":"","format":"standard","meta":{"content-type":"","footnotes":""},"categories":[16],"tags":[123,1751],"class_list":["post-13791","post","type-post","status-publish","format-standard","has-post-thumbnail","hentry","category-noticias","tag-brasil","tag-carros"],"_links":{"self":[{"href":"https:\/\/tvbrazilusa.com\/pt\/wp-json\/wp\/v2\/posts\/13791","targetHints":{"allow":["GET"]}}],"collection":[{"href":"https:\/\/tvbrazilusa.com\/pt\/wp-json\/wp\/v2\/posts"}],"about":[{"href":"https:\/\/tvbrazilusa.com\/pt\/wp-json\/wp\/v2\/types\/post"}],"author":[{"embeddable":true,"href":"https:\/\/tvbrazilusa.com\/pt\/wp-json\/wp\/v2\/users\/1"}],"replies":[{"embeddable":true,"href":"https:\/\/tvbrazilusa.com\/pt\/wp-json\/wp\/v2\/comments?post=13791"}],"version-history":[{"count":1,"href":"https:\/\/tvbrazilusa.com\/pt\/wp-json\/wp\/v2\/posts\/13791\/revisions"}],"predecessor-version":[{"id":13793,"href":"https:\/\/tvbrazilusa.com\/pt\/wp-json\/wp\/v2\/posts\/13791\/revisions\/13793"}],"wp:featuredmedia":[{"embeddable":true,"href":"https:\/\/tvbrazilusa.com\/pt\/wp-json\/wp\/v2\/media\/13792"}],"wp:attachment":[{"href":"https:\/\/tvbrazilusa.com\/pt\/wp-json\/wp\/v2\/media?parent=13791"}],"wp:term":[{"taxonomy":"category","embeddable":true,"href":"https:\/\/tvbrazilusa.com\/pt\/wp-json\/wp\/v2\/categories?post=13791"},{"taxonomy":"post_tag","embeddable":true,"href":"https:\/\/tvbrazilusa.com\/pt\/wp-json\/wp\/v2\/tags?post=13791"}],"curies":[{"name":"wp","href":"https:\/\/api.w.org\/{rel}","templated":true}]}}