{"id":13983,"date":"2024-08-01T07:51:41","date_gmt":"2024-08-01T07:51:41","guid":{"rendered":"https:\/\/tvbrazilusa.com\/2024\/08\/01\/ultimas-noticias-sobre-a-guerra-entre-israel-e-o-hamas-um-cessar-fogo-e-essencial-para-acabar-com-o-ciclo-de-violencia-na-regiao-diz-blinken\/"},"modified":"2024-08-01T07:59:12","modified_gmt":"2024-08-01T07:59:12","slug":"ultimas-noticias-sobre-a-guerra-entre-israel-e-o-hamas-um-cessar-fogo-e-essencial-para-acabar-com-o-ciclo-de-violencia-na-regiao-diz-blinken","status":"publish","type":"post","link":"https:\/\/tvbrazilusa.com\/pt\/2024\/08\/01\/ultimas-noticias-sobre-a-guerra-entre-israel-e-o-hamas-um-cessar-fogo-e-essencial-para-acabar-com-o-ciclo-de-violencia-na-regiao-diz-blinken\/","title":{"rendered":"\u00daltimas not\u00edcias sobre a guerra entre Israel e o Hamas: um cessar-fogo \u00e9 essencial para acabar com o ciclo de viol\u00eancia na regi\u00e3o, diz Blinken"},"content":{"rendered":"<script async src=\"https:\/\/pagead2.googlesyndication.com\/pagead\/js\/adsbygoogle.js?client=ca-pub-8864793242727901\"\r\n     crossorigin=\"anonymous\"><\/script>\n<div id=\"\">\n<p class=\"dist__Box-sc-1fnzlkn-0 dist__TextBase-sc-1fnzlkn-3 CGHCP htMUPQ article-text\">O Secret\u00e1rio de Estado dos EUA, Antony Blinken, apelou a \u201ctodas as partes\u201d no M\u00e9dio Oriente para evitarem ac\u00e7\u00f5es de escalada que possam mergulhar a regi\u00e3o num novo conflito, e disse na quinta-feira que um cessar-fogo entre <a href=\"https:\/\/apnews.com\/hub\/israel-hamas-war\">Israel e Hamas<\/a> era a \u00fanica maneira de come\u00e7ar a quebrar o ciclo de viol\u00eancia e sofrimento. <\/p>\n<p class=\"dist__Box-sc-1fnzlkn-0 dist__TextBase-sc-1fnzlkn-3 CGHCP htMUPQ article-text\">As observa\u00e7\u00f5es surgiram como <a href=\"https:\/\/apnews.com\/article\/iran-hamas-israel-haniyeh-funeral-ce985bc74dbfd524fe7ed2aed55e68db\">ora\u00e7\u00f5es foram realizadas<\/a> pelo l\u00edder supremo do Ir\u00e3o, o aiatol\u00e1 Ali Khamenei, e por representantes de grupos de mil\u00edcias palestinianas <a href=\"https:\/\/apnews.com\/article\/israel-iran-ismail-haniyeh-killed-tehran-hamas-2d16ae7ed668b954ac0e7a53eaf92671\">L\u00edder do Hamas Ismail Haniyeh<\/a> e seu guarda-costas. A preocupa\u00e7\u00e3o se espalhou de que o assassinato chocante <a href=\"https:\/\/apnews.com\/article\/haniyeh-shukur-israel-lebanon-hamas-5d3ec9b048ef77b6b8196c6c08755dbd\">corre o risco de escalar os combates para uma guerra regional total<\/a>.<\/p>\n<p class=\"dist__Box-sc-1fnzlkn-0 dist__TextBase-sc-1fnzlkn-3 CGHCP htMUPQ article-text\">Ningu\u00e9m assumiu imediatamente a responsabilidade pelo ataque de quarta-feira, mas <a href=\"https:\/\/apnews.com\/article\/iran-hamas-israel-30968a7acb31cd8b259de9650014b779\">a suspeita caiu rapidamente sobre Israel<\/a>que prometeu matar Haniyeh e outros l\u00edderes do Hamas por causa do grupo <a href=\"https:\/\/apnews.com\/article\/israel-palestinians-gaza-hamas-rockets-airstrikes-tel-aviv-11fb98655c256d54ecb5329284fc37d2\">Ataque de 7 de outubro a Israel<\/a> que desencadeou a guerra.<\/p>\n<p class=\"dist__Box-sc-1fnzlkn-0 dist__TextBase-sc-1fnzlkn-3 CGHCP htMUPQ article-text\">O <a href=\"https:\/\/apnews.com\/article\/iran-hamas-israel-30968a7acb31cd8b259de9650014b779\">assassinato de Haniyeh<\/a> em Teer\u00e3 e a greve contra <a href=\"https:\/\/apnews.com\/article\/israel-lebanon-strike-beirut-52c2a1711e274859b60daf8d2db3e0e2\">comandante s\u00eanior do Hezbollah, Fouad Shukur<\/a> em Beirute poderia acabar com as tentativas de desarmar um barril de p\u00f3lvora no Oriente M\u00e9dio. O Ir\u00e3 tamb\u00e9m amea\u00e7ou responder ap\u00f3s o ataque em seu territ\u00f3rio.<\/p>\n<p class=\"dist__Box-sc-1fnzlkn-0 dist__TextBase-sc-1fnzlkn-3 CGHCP htMUPQ article-text\">Durante uma visita aos EUA no final de julho, o primeiro-ministro israelense Benjamin Netanyahu disse que seu pa\u00eds estava determinado a vencer <a href=\"https:\/\/apnews.com\/article\/netanyahu-congress-gaza-hamas-israel-6ea5daf3cd1988b0ad6e874bd450f9bf\">nada menos que \u201cvit\u00f3ria total\u201d<\/a> contra o Hamas. Questionado diretamente por jornalistas sobre o assunto mais tarde, ele disse que Israel esperava um cessar-fogo em breve e estava trabalhando por um.<\/p>\n<p class=\"dist__Box-sc-1fnzlkn-0 dist__TextBase-sc-1fnzlkn-3 CGHCP htMUPQ article-text\">Aqui est\u00e3o as \u00faltimas:<\/p>\n<p class=\"dist__Box-sc-1fnzlkn-0 dist__TextBase-sc-1fnzlkn-3 CGHCP htMUPQ article-text\">O presidente do Parlamento iraniano culpa os EUA em um discurso no funeral do l\u00edder do Hamas, Haniyeh<\/p>\n<p class=\"dist__Box-sc-1fnzlkn-0 dist__TextBase-sc-1fnzlkn-3 CGHCP htMUPQ article-text\">TEER\u00c3, Ir\u00e3 \u2014 Em seu discurso na cerim\u00f4nia f\u00fanebre de Haniyeh em Teer\u00e3, o presidente do Parlamento, Mohammad Bagher Qalibaf, disse que tais ataques s\u00e3o realizados sob a orienta\u00e7\u00e3o e coordena\u00e7\u00e3o dos Estados Unidos, &#8220;e nada acontece sem a coordena\u00e7\u00e3o e o apoio da Am\u00e9rica criminosa&#8221;.<\/p>\n<p class=\"dist__Box-sc-1fnzlkn-0 dist__TextBase-sc-1fnzlkn-3 CGHCP htMUPQ article-text\">A TV estatal transmitiu o discurso de Qalibaf ao vivo, no qual ele insistiu que os EUA tiveram um papel no assassinato de Haniyeh e acusou Washington de mentir que n\u00e3o havia sido informado de nenhum plano para o ataque.<\/p>\n<p class=\"dist__Box-sc-1fnzlkn-0 dist__TextBase-sc-1fnzlkn-3 CGHCP htMUPQ article-text\">Milhares de pessoas em Teer\u00e3 compareceram ao funeral de Haniyeh, agitando bandeiras iranianas, palestinas e do Hezbollah.<\/p>\n<p class=\"dist__Box-sc-1fnzlkn-0 dist__TextBase-sc-1fnzlkn-3 CGHCP htMUPQ article-text\">A TV estatal mostrou pessoas na rua, a maioria usando vestidos pretos representando tristeza, em temperaturas que j\u00e1 chegavam a 33 graus Celsius (91,4 graus Fahrenheit) \u00e0s 11 da manh\u00e3, hor\u00e1rio local. Um pulverizador de n\u00e9voa gigante foi implantado para tornar a temperatura quente mais fria para as pessoas. Os caix\u00f5es podiam ser vistos sendo colocados em um caminh\u00e3o e movidos na rua em dire\u00e7\u00e3o a Azadi, &#8220;Liberdade&#8221; em Farsi, Pra\u00e7a em Teer\u00e3, com pessoas jogando flores neles.<\/p>\n<p class=\"dist__Box-sc-1fnzlkn-0 dist__TextBase-sc-1fnzlkn-3 CGHCP htMUPQ article-text\">Milhares protestam em Istambul contra assassinato de Haniyeh<\/p>\n<p class=\"dist__Box-sc-1fnzlkn-0 dist__TextBase-sc-1fnzlkn-3 CGHCP htMUPQ article-text\">ISTAMBUL \u2014 Milhares de pessoas marcharam no centro de Istambul para protestar contra o assassinato do l\u00edder pol\u00edtico do Hamas, Ismail Haniyeh.<\/p>\n<p class=\"dist__Box-sc-1fnzlkn-0 dist__TextBase-sc-1fnzlkn-3 CGHCP htMUPQ article-text\">Carregando bandeiras palestinas e fotografias de Haniyeh, os manifestantes se reuniram do lado de fora da Mesquita de Fatih na quarta-feira \u00e0 noite, marcharam pelo distrito hist\u00f3rico de Fatih e realizaram ora\u00e7\u00f5es f\u00fanebres para o chefe do Hamas.<\/p>\n<p class=\"dist__Box-sc-1fnzlkn-0 dist__TextBase-sc-1fnzlkn-3 CGHCP htMUPQ article-text\">\u201cN\u00e3o vamos deixar que o sangue das crian\u00e7as l\u00e1 seja derramado mais, dizemos que j\u00e1 chega. Vamos l\u00e1. Vamos lutar\u201d, disse Veysel Orhan, um dos manifestantes.<\/p>\n<p class=\"dist__Box-sc-1fnzlkn-0 dist__TextBase-sc-1fnzlkn-3 CGHCP htMUPQ article-text\">O presidente turco Recep Tayyip Erdogan, que tem sido um dos maiores cr\u00edticos de Israel, denunciou o assassinato de Haniyeh como um &#8220;ato desprez\u00edvel&#8221; e prometeu continuar apoiando a causa palestina &#8220;com todos os nossos meios e for\u00e7as&#8221;.<\/p>\n<p class=\"dist__Box-sc-1fnzlkn-0 dist__TextBase-sc-1fnzlkn-3 CGHCP htMUPQ article-text\">Blinken apela a todas as partes no M\u00e9dio Oriente para evitarem a escalada da regi\u00e3o tensa para um novo conflito<\/p>\n<p class=\"dist__Box-sc-1fnzlkn-0 dist__TextBase-sc-1fnzlkn-3 CGHCP htMUPQ article-text\">ULAANBAATAR, Mong\u00f3lia \u2014 O secret\u00e1rio de Estado dos Estados Unidos, Antony Blinken, diz que &#8220;todas as partes&#8221; no Oriente M\u00e9dio devem evitar a\u00e7\u00f5es de escalada que possam mergulhar a regi\u00e3o em mais conflitos ap\u00f3s o assassinato do l\u00edder pol\u00edtico do Hamas em Teer\u00e3, que o Hamas e o Ir\u00e3 atribu\u00edram a Israel.<\/p>\n<p class=\"dist__Box-sc-1fnzlkn-0 dist__TextBase-sc-1fnzlkn-3 CGHCP htMUPQ article-text\">Falando na capital mongol de Ulaanbaatar na quinta-feira, Blinken apelou para que os pa\u00edses \u201cfizessem as escolhas certas nos pr\u00f3ximos dias\u201d e disse que um cessar-fogo entre Israel e o Hamas em Gaza era a \u00fanica maneira de come\u00e7ar a quebrar o atual ciclo de viol\u00eancia e sofrimento. Blinken n\u00e3o mencionou Israel, Ir\u00e3 ou Hamas pelo nome em seus coment\u00e1rios.<\/p>\n<p class=\"dist__Box-sc-1fnzlkn-0 dist__TextBase-sc-1fnzlkn-3 CGHCP htMUPQ article-text\">\u201cNeste momento, o caminho que a regi\u00e3o est\u00e1 trilhando \u00e9 em dire\u00e7\u00e3o a mais conflito, mais viol\u00eancia, mais sofrimento, mais inseguran\u00e7a, e \u00e9 crucial que quebremos o ciclo, e isso come\u00e7a com o cessar-fogo no qual estamos trabalhando, o que acredito n\u00e3o ser apenas alcan\u00e7\u00e1vel, mas que precisa ser alcan\u00e7ado\u201d, disse Blinken.<\/p>\n<p class=\"dist__Box-sc-1fnzlkn-0 dist__TextBase-sc-1fnzlkn-3 CGHCP htMUPQ article-text\">Blinken observou que, mesmo enquanto estava na \u00c1sia, ele falou ao telefone com l\u00edderes regionais, incluindo o primeiro-ministro do Catar e o ministro das Rela\u00e7\u00f5es Exteriores da Jord\u00e2nia.<\/p>\n<p class=\"dist__Box-sc-1fnzlkn-0 dist__TextBase-sc-1fnzlkn-3 CGHCP htMUPQ article-text\">\u201cEstamos todos focados em garantir que possamos levar o cessar-fogo at\u00e9 a linha de chegada e desenvolver isso para o bem de todos, para o futuro\u201d, disse ele.<\/p>\n<p class=\"dist__Box-sc-1fnzlkn-0 dist__TextBase-sc-1fnzlkn-3 CGHCP htMUPQ article-text\">Ir\u00e3 realiza ora\u00e7\u00f5es pelo falecido l\u00edder do Hamas, Haniyeh<\/p>\n<p class=\"dist__Box-sc-1fnzlkn-0 dist__TextBase-sc-1fnzlkn-3 CGHCP htMUPQ article-text\">BEIRUTE \u2014 O l\u00edder supremo do Ir\u00e3 e representantes das mil\u00edcias palestinas que ele apoia rezaram na quinta-feira sobre os caix\u00f5es do l\u00edder do Hamas Ismail Haniyeh e seu guarda-costas, que foram mortos em um assassinato chocante atribu\u00eddo a Israel. <a href=\"https:\/\/apnews.com\/article\/haniyeh-shukur-israel-lebanon-hamas-5d3ec9b048ef77b6b8196c6c08755dbd\">arriscado escalar<\/a> em uma guerra regional total.<\/p>\n<p class=\"dist__Box-sc-1fnzlkn-0 dist__TextBase-sc-1fnzlkn-3 CGHCP htMUPQ article-text\">O aiatol\u00e1 Ali Khamenei rezou sobre o caix\u00e3o de Haniyeh na Universidade de Teer\u00e3 enquanto o novo presidente do Ir\u00e3, Masoud Pezeshkian, estava ao lado dele. A televis\u00e3o estatal mostrou mais tarde os caix\u00f5es colocados em um caminh\u00e3o e movidos pela rua em dire\u00e7\u00e3o \u00e0 Pra\u00e7a Azadi em Teer\u00e3, com pessoas jogando flores neles.<\/p>\n<p class=\"dist__Box-sc-1fnzlkn-0 dist__TextBase-sc-1fnzlkn-3 CGHCP htMUPQ article-text\">Ap\u00f3s o funeral em Teer\u00e3, os restos mortais de Haniyeh ser\u00e3o transferidos para o Catar para sepultamento na sexta-feira.<\/p>\n<p class=\"dist__Box-sc-1fnzlkn-0 dist__TextBase-sc-1fnzlkn-3 CGHCP htMUPQ article-text\">Haniyeh veio para Teer\u00e3 <a href=\"https:\/\/apnews.com\/article\/iran-pezeshkian-new-president-oath-ceremony-804651c9ce4dc190e7dd1f80bf694af9\">para comparecer \u00e0 posse de Pezeshkian<\/a>. Fotos da Associated Press mostraram o l\u00edder do Hamas sentado ao lado de l\u00edderes do grupo militante Jihad Isl\u00e2mica Palestina e do Hezbollah, e a m\u00eddia iraniana mostrou ele e Pezeshkian se abra\u00e7ando. Haniyeh havia se encontrado antes com Khamenei.<\/p>\n<p class=\"dist__Box-sc-1fnzlkn-0 dist__TextBase-sc-1fnzlkn-3 CGHCP htMUPQ article-text\">Primeiro-ministro da Austr\u00e1lia pede aos cidad\u00e3os que evitem viajar para o L\u00edbano<\/p>\n<p class=\"dist__Box-sc-1fnzlkn-0 dist__TextBase-sc-1fnzlkn-3 CGHCP htMUPQ article-text\">SYDNEY \u2014 O primeiro-ministro australiano, Anthony Albanese, pediu que milhares de cidad\u00e3os australianos no L\u00edbano sa\u00edssem e alertou na quinta-feira que o aeroporto de Beirute poder\u00e1 fechar em breve.<\/p>\n<p class=\"dist__Box-sc-1fnzlkn-0 dist__TextBase-sc-1fnzlkn-3 CGHCP htMUPQ article-text\">\u201cAproveito a oportunidade para dizer aos australianos: n\u00e3o viajem para o L\u00edbano neste momento\u201d, disse Albanese aos rep\u00f3rteres em Sydney.<\/p>\n<p class=\"dist__Box-sc-1fnzlkn-0 dist__TextBase-sc-1fnzlkn-3 CGHCP htMUPQ article-text\">\u201cH\u00e1 um risco de que o aeroporto de Beirute n\u00e3o esteja aberto para voos comerciais e, dado o n\u00famero de pessoas que est\u00e3o l\u00e1, n\u00e3o h\u00e1 garantia de que possamos garantir que as pessoas conseguir\u00e3o voltar para casa por outros meios se o aeroporto estiver fechado.\u201d<\/p>\n<p class=\"dist__Box-sc-1fnzlkn-0 dist__TextBase-sc-1fnzlkn-3 CGHCP htMUPQ article-text\">Albanese disse estar \u201cmuito preocupado\u201d com a possibilidade de o conflito no M\u00e9dio Oriente se intensificar ap\u00f3s a <a href=\"https:\/\/apnews.com\/article\/iran-hamas-israel-30968a7acb31cd8b259de9650014b779\">assassinato do l\u00edder do Hamas Ismail Haniyeh no Ir\u00e3<\/a>.<\/p>\n<p class=\"dist__Box-sc-1fnzlkn-0 dist__TextBase-sc-1fnzlkn-3 CGHCP htMUPQ article-text\">\u201cQueremos ver uma redu\u00e7\u00e3o da tens\u00e3o, queremos ver um cessar-fogo, queremos ver os ref\u00e9ns libertados e queremos ver um plano de paz e seguran\u00e7a no Oriente M\u00e9dio, onde tanto israelenses quanto palestinos possam viver em paz e seguran\u00e7a com prosperidade\u201d, disse Albanese.<\/p>\n<\/div>\n<p>Copyright 2024 The Associated Press. Todos os direitos reservados. Este material n\u00e3o pode ser publicado, transmitido, reescrito ou redistribu\u00eddo sem permiss\u00e3o.<\/p>\n<p><br \/>\n<br \/><a href=\"https:\/\/www.clickorlando.com\/news\/2024\/08\/01\/israel-hamas-war-latest-a-cease-fire-is-key-to-ending-the-regions-cycle-of-violence-blinken-says\/\">Source link <\/a><\/p>","protected":false},"excerpt":{"rendered":"<p>O Secret\u00e1rio de Estado dos EUA, Antony Blinken, apelou a \u201ctodas as partes\u201d no M\u00e9dio Oriente para evitarem ac\u00e7\u00f5es de escalada que possam mergulhar a regi\u00e3o num novo conflito, e&hellip;<\/p>","protected":false},"author":1,"featured_media":13984,"comment_status":"closed","ping_status":"open","sticky":false,"template":"","format":"standard","meta":{"content-type":"","footnotes":""},"categories":[1],"tags":[5210,1797,1418,4812,1419],"class_list":["post-13983","post","type-post","status-publish","format-standard","has-post-thumbnail","hentry","category-uncategorized","tag-ali-khamenei","tag-antonio-blinken","tag-benjamin-netanyahu","tag-ismael-haniyeh","tag-noticias-do-mundo"],"_links":{"self":[{"href":"https:\/\/tvbrazilusa.com\/pt\/wp-json\/wp\/v2\/posts\/13983","targetHints":{"allow":["GET"]}}],"collection":[{"href":"https:\/\/tvbrazilusa.com\/pt\/wp-json\/wp\/v2\/posts"}],"about":[{"href":"https:\/\/tvbrazilusa.com\/pt\/wp-json\/wp\/v2\/types\/post"}],"author":[{"embeddable":true,"href":"https:\/\/tvbrazilusa.com\/pt\/wp-json\/wp\/v2\/users\/1"}],"replies":[{"embeddable":true,"href":"https:\/\/tvbrazilusa.com\/pt\/wp-json\/wp\/v2\/comments?post=13983"}],"version-history":[{"count":1,"href":"https:\/\/tvbrazilusa.com\/pt\/wp-json\/wp\/v2\/posts\/13983\/revisions"}],"predecessor-version":[{"id":13985,"href":"https:\/\/tvbrazilusa.com\/pt\/wp-json\/wp\/v2\/posts\/13983\/revisions\/13985"}],"wp:featuredmedia":[{"embeddable":true,"href":"https:\/\/tvbrazilusa.com\/pt\/wp-json\/wp\/v2\/media\/13984"}],"wp:attachment":[{"href":"https:\/\/tvbrazilusa.com\/pt\/wp-json\/wp\/v2\/media?parent=13983"}],"wp:term":[{"taxonomy":"category","embeddable":true,"href":"https:\/\/tvbrazilusa.com\/pt\/wp-json\/wp\/v2\/categories?post=13983"},{"taxonomy":"post_tag","embeddable":true,"href":"https:\/\/tvbrazilusa.com\/pt\/wp-json\/wp\/v2\/tags?post=13983"}],"curies":[{"name":"wp","href":"https:\/\/api.w.org\/{rel}","templated":true}]}}