{"id":14121,"date":"2024-08-01T11:54:27","date_gmt":"2024-08-01T11:54:27","guid":{"rendered":"https:\/\/tvbrazilusa.com\/2024\/08\/01\/o-que-vem-a-seguir-para-katie-ledecky-outra-corrida-e-um-revezamento-enquanto-ela-busca-mais-recordes\/"},"modified":"2024-08-01T12:01:53","modified_gmt":"2024-08-01T12:01:53","slug":"o-que-vem-a-seguir-para-katie-ledecky-outra-corrida-e-um-revezamento-enquanto-ela-busca-mais-recordes","status":"publish","type":"post","link":"https:\/\/tvbrazilusa.com\/pt\/2024\/08\/01\/o-que-vem-a-seguir-para-katie-ledecky-outra-corrida-e-um-revezamento-enquanto-ela-busca-mais-recordes\/","title":{"rendered":"O que vem a seguir para Katie Ledecky? Outra corrida e um revezamento enquanto ela busca mais recordes"},"content":{"rendered":"<p> <script async src=\"https:\/\/pagead2.googlesyndication.com\/pagead\/js\/adsbygoogle.js?client=ca-pub-8864793242727901\"\r\n     crossorigin=\"anonymous\"><\/script><br \/>\n<\/p>\n<div id=\"\">\n<header class=\"m-article-header m-article-header--standard\">\n\t\t\t\t\t\t\t\t\t\t\t\t<span id=\"article-header-primary-term\"><br \/>\n\t\t\t\t\t\t\t\t<a class=\"a-term a-term--primary\" href=\"https:\/\/www.boston.com\/tag\/sports-news\/\"><\/p>\n<p>\t\t\t\t\t\t\t\tNot\u00edcias esportivas\t\t\t\t\t\t\t\t<\/a><br \/>\n\t\t\t\t\t\t\t<\/span><\/p>\n<h2 class=\"m-article-header__sub-headline\">\u201cTenho o revezamento amanh\u00e3, esse \u00e9 meu pr\u00f3ximo foco.\u201d<\/h2>\n<figure class=\"a-photo m-article-header__photo\"><figcaption class=\"a-photo__caption\">\n<p>\tKatie Ledecky, dos Estados Unidos, compete na final dos 1.500 metros livre feminino nas Olimp\u00edadas de Ver\u00e3o de 2024, quarta-feira, 31 de julho de 2024, em Nanterre, Fran\u00e7a.<em> AP Photo \/ Ashley Landis<\/em>\t<\/figcaption><\/figure>\n<div class=\"m-article-header__meta\">\n<div class=\"m-article-header__byline\">\n<p class=\"m-article-header__author\">\n<p>\t\t\t\t\t\t\t\tPor TATION VEREAR e DETERRUISSET REPREHENDUNT, Associated Press\t\t\t\t\t\t\t<\/p>\n<p>\t\t\t\t\t\t    \t\t\t\t\t\t\t<time class=\"m-article-header__date\"><\/p>\n<p>        \t\t\t\t\t\t\t1 de agosto de 2024 | 7:54 AM    \t\t\t\t\t\t\t<\/time><\/p><\/div>\n<\/p><\/div>\n<\/header>\n<p>NANTERRE, Fran\u00e7a (AP) \u2014 Katie Ledecky empatou um dos recordes mais impressionantes da nata\u00e7\u00e3o.<\/p>\n<p>\u00c9 prov\u00e1vel que ela tenha tudo para si quando terminar as Olimp\u00edadas de Paris.<\/p>\n<p>Ledecky, de 27 anos, aumentou seu total de medalhas na carreira para 12 com uma vit\u00f3ria dominante nos 1.500 metros livre na quarta-feira \u00e0 noite, igualando tr\u00eas compatriotas americanas \u2014 Dara Torres, Natalie Coughlin e Jenny Thompson \u2014 como a maior nadadora da hist\u00f3ria.<\/p>\n<h2 class=\"wp-block-heading\" id=\"h-ledecky-was-first-an-olympian-in-2012\">Ledecky foi atleta ol\u00edmpico pela primeira vez em 2012.<\/h2>\n<p>Ledecky ganhou seu primeiro ouro em Londres quando tinha apenas 15 anos.<\/p>\n<p>\u201cN\u00e3o \u00e9 f\u00e1cil, n\u00e3o fica mais f\u00e1cil, ent\u00e3o tento aproveitar cada ano e h\u00e1 diferentes perspectivas que tenho em anos diferentes e diferentes desafios que voc\u00ea enfrenta a cada ano\u201d, disse Ledecky ap\u00f3s vencer os 1.500.<\/p>\n<h2 class=\"wp-block-heading\" id=\"h-what-s-next-for-ledecky\">O que vem a seguir para Ledecky?<\/h2>\n<p>\u2014Ela deve competir na final do revezamento 4\u00d7200 livre na quinta-feira. Os EUA ficaram com a prata naquele evento nos Jogos de T\u00f3quio depois de ganhar o ouro nas duas Olimp\u00edadas anteriores, ent\u00e3o parece uma aposta bem certa para a medalha de sorte n\u00ba 13.<\/p>\n<p>\u2014Ledecky tentar\u00e1 sua quarta medalha de ouro consecutiva nos 800 metros livre, com as preliminares marcadas para sexta-feira de manh\u00e3 e a final no s\u00e1bado \u00e0 noite.<\/p>\n<p>\u201cTenho o revezamento amanh\u00e3, esse \u00e9 meu pr\u00f3ximo foco\u201d, ela disse ap\u00f3s a corrida. \u201cDepois, vou pensar nos 800.\u201d<\/p>\n<p>A estrela americana agora tem oito medalhas de ouro em sua carreira, sete delas em corridas individuais. Ela chegou a esses jogos j\u00e1 detendo o recorde de mais ouros individuais por uma nadadora.<\/p>\n<div class=\"m-block m-generic-cta\t m-generic-cta--post-content\t m-generic-cta--dark\t m-generic-cta--homepage\t m-generic-cta--email-signup\t\t m-generic-cta-block-style--default \tt-amp__generic-cta\"><\/p>\n<div class=\"m-generic-cta__wrap\">\n<div class=\"m-generic-cta__content\">\n<h3 class=\"m-generic-cta__title\">Receba as \u00faltimas not\u00edcias esportivas de Boston<\/h3>\n<p class=\"m-generic-cta__subtitle\">Receba atualiza\u00e7\u00f5es sobre seus times favoritos de Boston, diretamente da nossa reda\u00e7\u00e3o para sua caixa de entrada.<\/p>\n<\/p><\/div>\n<\/p><\/div>\n<\/div><\/div>\n<p><script>\n\t\tvar consent=\"grant\";\n\t\t\/* The above code is parsing the JSON data from the local storage and storing it in a variable. *\/\n\t\t\t\t\tconst onetrustStorageConsent = JSON.parse(localStorage.getItem( 'consent_one_trust_bdc' ) );\n\t\t\tif ( ( onetrustStorageConsent !== null ) ) {\n\t\t\t\t\/* Checking to see if the user has consented to the use of cookies.\n\t\t\t\t* If they have not, it is deleting the cookie.\n\t\t\t\t* This will comment for now, until further notice.\n\t\t\t\t*\/\n\t\t\t\t\/\/if ( onetrustStorageConsent.C0002 === false ) {\n\t\t\t\t\/\/\tdocument.cookie=\"_fbp=;expires=Thu, 01 Jan 2010 00:00:00 UTC; path=\/; domain=.boston.com\";\n\t\t\t\t\/\/}\n\t\t\t\t\/* Checking if the user has given consent for the cookie C0002.\n\t\t\t\t* If the user has given consent, the variable consent will be set to 'grant'.\n\t\t\t\t* If the user has not given consent,the variable consent will be set to 'revoke'.\n\t\t\t\t* Documentation https:\/\/developers.facebook.com\/docs\/meta-pixel\/implementation\/gdpr\n\t\t\t\t*\/\n\t\t\t\tif ( onetrustStorageConsent.C0002 !== true ) {\n\t\t\t\t\tconsent=\"revoke\";\n\t\t\t\t}\n\t\t\t}\n\t\t\t\t!function(f,b,e,v,n,t,s)\n\t\t{if(f.fbq)return;n=f.fbq=function(){n.callMethod?\n\t\tn.callMethod.apply(n,arguments):n.queue.push(arguments)};\n\t\tif(!f._fbq)f._fbq=n;n.push=n;n.loaded=!0;n.version='2.0';\n\t\tn.queue=[];t=b.createElement(e);t.async=!0;\n\t\tt.src=v;s=b.getElementsByTagName(e)[0];\n\t\ts.parentNode.insertBefore(t,s)}(window, document,'script',\n\t\t'https:\/\/connect.facebook.net\/en_US\/fbevents.js');\n\t\tfbq('consent', consent);\n\t\tfbq('init', '989222871864976');\n\t\tfbq('track', 'PageView');\n\t<\/script><script type=\"module\">\n\t\tvar consent=\"grant\";\n\t\t\/* The above code is parsing the JSON data from the local storage and storing it in a variable. *\/\n\t\t\tconst onetrustStorageConsent = JSON.parse(localStorage.getItem( 'consent_one_trust_bdc' ) );\n\t\t\t\/* Checking to see if the user has consented to the use of cookies.\n\t\t\t* If they have not, it is deleting the cookie.\n\t\t\t* This will comment for now, until further notice.\n\t\t\t*\/\n\t\t\t\/\/if ( onetrustStorageConsent.C0002 === false ) {\n\t\t\t\/\/\tdocument.cookie=\"_fbp=;expires=Thu, 01 Jan 2010 00:00:00 UTC; path=\/; domain=.boston.com\";\n\t\t\t\/\/}\n\t\t\t\/* Checking if the user has given consent for the cookie C0002.\n\t\t\t* If the user has given consent, the variable consent will be set to 'grant'.\n\t\t\t* If the user has not given consent,the variable consent will be set to 'revoke'.\n\t\t\t* Documentation https:\/\/developers.facebook.com\/docs\/meta-pixel\/implementation\/gdpr\n\t\t\t*\/\n\t\t\tif ( ( onetrustStorageConsent !== null ) && (onetrustStorageConsent.C0002 !== true ) ) {\n\t\t\t\tconsent=\"revoke\";\n\t\t\t}\n\t\t\t\t!function(f,b,e,v,n,t,s){if(f.fbq)return;n=f.fbq=function()\n\t\t{n.callMethod? n.callMethod.apply(n,arguments):n.queue.push(arguments)}\n\t\t;if(!f._fbq)f._fbq=n;\n\t\tn.push=n;n.loaded=!0;n.version='2.0';n.queue=[];t=b.createElement(e);t.async=!0;\n\t\tt.src=v;s=b.getElementsByTagName(e)[0];s.parentNode.insertBefore(t,s)}(window,\n\t\tdocument,'script','https:\/\/connect.facebook.net\/en_US\/fbevents.js');\n\t\tfbq('consent', consent);\n\t\tfbq('init', '813236348753005');\n\t\tfbq('track', \"PageView\");\n\t<\/script><br \/>\n<br \/><br \/>\n<br \/><a href=\"https:\/\/www.boston.com\/sports\/sports-news\/2024\/08\/01\/whats-next-for-katie-ledecky\/\">Source link <\/a><\/p>","protected":false},"excerpt":{"rendered":"<p>Not\u00edcias esportivas \u201cTenho o revezamento amanh\u00e3, esse \u00e9 meu pr\u00f3ximo foco.\u201d Katie Ledecky, dos Estados Unidos, compete na final dos 1.500 metros livre feminino nas Olimp\u00edadas de Ver\u00e3o de 2024,&hellip;<\/p>","protected":false},"author":1,"featured_media":14122,"comment_status":"closed","ping_status":"open","sticky":false,"template":"","format":"standard","meta":{"content-type":"","footnotes":""},"categories":[1],"tags":[],"class_list":["post-14121","post","type-post","status-publish","format-standard","has-post-thumbnail","hentry","category-uncategorized"],"_links":{"self":[{"href":"https:\/\/tvbrazilusa.com\/pt\/wp-json\/wp\/v2\/posts\/14121","targetHints":{"allow":["GET"]}}],"collection":[{"href":"https:\/\/tvbrazilusa.com\/pt\/wp-json\/wp\/v2\/posts"}],"about":[{"href":"https:\/\/tvbrazilusa.com\/pt\/wp-json\/wp\/v2\/types\/post"}],"author":[{"embeddable":true,"href":"https:\/\/tvbrazilusa.com\/pt\/wp-json\/wp\/v2\/users\/1"}],"replies":[{"embeddable":true,"href":"https:\/\/tvbrazilusa.com\/pt\/wp-json\/wp\/v2\/comments?post=14121"}],"version-history":[{"count":1,"href":"https:\/\/tvbrazilusa.com\/pt\/wp-json\/wp\/v2\/posts\/14121\/revisions"}],"predecessor-version":[{"id":14123,"href":"https:\/\/tvbrazilusa.com\/pt\/wp-json\/wp\/v2\/posts\/14121\/revisions\/14123"}],"wp:featuredmedia":[{"embeddable":true,"href":"https:\/\/tvbrazilusa.com\/pt\/wp-json\/wp\/v2\/media\/14122"}],"wp:attachment":[{"href":"https:\/\/tvbrazilusa.com\/pt\/wp-json\/wp\/v2\/media?parent=14121"}],"wp:term":[{"taxonomy":"category","embeddable":true,"href":"https:\/\/tvbrazilusa.com\/pt\/wp-json\/wp\/v2\/categories?post=14121"},{"taxonomy":"post_tag","embeddable":true,"href":"https:\/\/tvbrazilusa.com\/pt\/wp-json\/wp\/v2\/tags?post=14121"}],"curies":[{"name":"wp","href":"https:\/\/api.w.org\/{rel}","templated":true}]}}