{"id":141293,"date":"2026-08-28T18:19:38","date_gmt":"2026-08-28T18:19:38","guid":{"rendered":"https:\/\/tvbrazilusa.com\/2026\/08\/28\/tre-rj-restringe-campanha-de-garotinho\/"},"modified":"2026-08-28T18:30:17","modified_gmt":"2026-08-28T18:30:17","slug":"tre-rj-restringe-campanha-de-garotinho","status":"publish","type":"post","link":"https:\/\/tvbrazilusa.com\/pt\/2026\/08\/28\/tre-rj-restringe-campanha-de-garotinho\/","title":{"rendered":"TRE-RJ restringe campanha de Garotinho"},"content":{"rendered":"<script async src=\"https:\/\/pagead2.googlesyndication.com\/pagead\/js\/adsbygoogle.js?client=ca-pub-8864793242727901\"\r\n     crossorigin=\"anonymous\"><\/script>\n<div id=\"cd-article-content\" itemprop=\"articleBody\">\n<p class=\"wp-block-paragraph\">O Tribunal Regional Eleitoral do Rio de Janeiro (<a href=\"https:\/\/www.tre-rj.jus.br\/\" target=\"_blank\" rel=\"noopener\">TRE<\/a>-RJ) decidiu, nesta quinta-feira (27), <strong>restringir a atua\u00e7\u00e3o de Anthony <a href=\"https:\/\/claudiodantas.com.br\/tag\/garotinho\/\" data-type=\"post_tag\" data-id=\"13760\">Garotinho <\/a>(Republicanos) na disputa pelo governo estadual<\/strong>. Com a decis\u00e3o, o candidato fica impedido de participar de debates, veicular propaganda eleitoral gratuita e acessar recursos do fundo eleitoral.<\/p>\n<p><a href=\"https:\/\/whatsapp.com\/channel\/0029VaTFkH2HVvTbkE883x1x\" target=\"_blank\" class=\"whatsapp-channel-message\" rel=\"noopener\">\u2705 Siga o canal do Claudio Dantas no WhatsApp<\/a><\/p>\n<p class=\"wp-block-paragraph\">A medida foi tomada a partir de uma a\u00e7\u00e3o da Coliga\u00e7\u00e3o Juntos para Mudar, Coragem para Reconstruir. A representa\u00e7\u00e3o apontou a suspens\u00e3o dos direitos pol\u00edticos de Garotinho ap\u00f3s uma condena\u00e7\u00e3o por improbidade administrativa.<\/p>\n<p class=\"wp-block-paragraph\">O processo est\u00e1 relacionado a um esquema de desvio de <strong>R$ 234,4 milh\u00f5es da Secretaria Estadual de Sa\u00fade<\/strong>, ocorrido entre 2005 e 2006. Na \u00e9poca, Garotinho era secret\u00e1rio estadual durante o governo de Rosinha Garotinho.<\/p>\n<h3 class=\"wp-block-heading\">Decis\u00e3o tamb\u00e9m prev\u00ea multas<\/h3>\n<p class=\"wp-block-paragraph\">Al\u00e9m de restringir a campanha, o TRE-RJ determinou que Garotinho <strong>devolva eventuais verbas n\u00e3o utilizadas<\/strong>. O tribunal tamb\u00e9m estabeleceu multas de 10% sobre os valores repassados pelo partido e sobre os recursos utilizados pelo candidato ap\u00f3s a decis\u00e3o.<\/p>\n<p class=\"wp-block-paragraph\">A defesa de Garotinho informou que pretende recorrer ao Tribunal Superior Eleitoral (TSE).<\/p>\n<p class=\"wp-block-paragraph\">Apesar das restri\u00e7\u00f5es, <strong>o registro da candidatura de Garotinho ainda n\u00e3o foi julgado pelo TRE-RJ<\/strong>. O tribunal ainda n\u00e3o definiu uma data para analisar o m\u00e9rito do pedido.<\/p>\n<\/div>\n<p><script>!function(f,b,e,v,n,t,s){if(f.fbq)return;n=f.fbq=function(){n.callMethod?n.callMethod.apply(n,arguments):n.queue.push(arguments)};if(!f._fbq)f._fbq=n;n.push=n;n.loaded=!0;n.version='2.0';n.queue=[];t=b.createElement(e);t.async=!0;t.src=v;s=b.getElementsByTagName(e)[0];s.parentNode.insertBefore(t,s)}(window,document,'script','https:\/\/connect.facebook.net\/en_US\/fbevents.js');fbq('init','1423865622537930');fbq('track','PageView');<\/script><br \/>\n<br \/><br \/>\n<br \/><a href=\"https:\/\/claudiodantas.com.br\/tre-rj-restringe-campanha-de-garotinho\/\">Source link <\/a><\/p>","protected":false},"excerpt":{"rendered":"<p>O Tribunal Regional Eleitoral do Rio de Janeiro (TRE-RJ) decidiu, nesta quinta-feira (27), restringir a atua\u00e7\u00e3o de Anthony Garotinho (Republicanos) na disputa pelo governo estadual. Com a decis\u00e3o, o candidato&hellip;<\/p>","protected":false},"author":1,"featured_media":141294,"comment_status":"closed","ping_status":"open","sticky":false,"template":"","format":"standard","meta":{"content-type":"","footnotes":""},"categories":[16],"tags":[],"class_list":["post-141293","post","type-post","status-publish","format-standard","has-post-thumbnail","hentry","category-noticias"],"_links":{"self":[{"href":"https:\/\/tvbrazilusa.com\/pt\/wp-json\/wp\/v2\/posts\/141293","targetHints":{"allow":["GET"]}}],"collection":[{"href":"https:\/\/tvbrazilusa.com\/pt\/wp-json\/wp\/v2\/posts"}],"about":[{"href":"https:\/\/tvbrazilusa.com\/pt\/wp-json\/wp\/v2\/types\/post"}],"author":[{"embeddable":true,"href":"https:\/\/tvbrazilusa.com\/pt\/wp-json\/wp\/v2\/users\/1"}],"replies":[{"embeddable":true,"href":"https:\/\/tvbrazilusa.com\/pt\/wp-json\/wp\/v2\/comments?post=141293"}],"version-history":[{"count":1,"href":"https:\/\/tvbrazilusa.com\/pt\/wp-json\/wp\/v2\/posts\/141293\/revisions"}],"predecessor-version":[{"id":141295,"href":"https:\/\/tvbrazilusa.com\/pt\/wp-json\/wp\/v2\/posts\/141293\/revisions\/141295"}],"wp:featuredmedia":[{"embeddable":true,"href":"https:\/\/tvbrazilusa.com\/pt\/wp-json\/wp\/v2\/media\/141294"}],"wp:attachment":[{"href":"https:\/\/tvbrazilusa.com\/pt\/wp-json\/wp\/v2\/media?parent=141293"}],"wp:term":[{"taxonomy":"category","embeddable":true,"href":"https:\/\/tvbrazilusa.com\/pt\/wp-json\/wp\/v2\/categories?post=141293"},{"taxonomy":"post_tag","embeddable":true,"href":"https:\/\/tvbrazilusa.com\/pt\/wp-json\/wp\/v2\/tags?post=141293"}],"curies":[{"name":"wp","href":"https:\/\/api.w.org\/{rel}","templated":true}]}}