{"id":141358,"date":"2026-08-29T01:43:30","date_gmt":"2026-08-29T01:43:30","guid":{"rendered":"https:\/\/tvbrazilusa.com\/2026\/08\/29\/flavio-tesouraco-despesas-juros-abrir-r-90-bi-orcamento\/"},"modified":"2026-08-29T01:47:16","modified_gmt":"2026-08-29T01:47:16","slug":"flavio-tesouraco-despesas-juros-abrir-r-90-bi-orcamento","status":"publish","type":"post","link":"https:\/\/tvbrazilusa.com\/pt\/2026\/08\/29\/flavio-tesouraco-despesas-juros-abrir-r-90-bi-orcamento\/","title":{"rendered":"Fl\u00e1vio &#8216;tesoura\u00e7o&#8217; despesas &#8220;juros abrir R$ 90 bi Or\u00e7amento"},"content":{"rendered":"<script async src=\"https:\/\/pagead2.googlesyndication.com\/pagead\/js\/adsbygoogle.js?client=ca-pub-8864793242727901\"\r\n     crossorigin=\"anonymous\"><\/script>\n<div id=\"cd-article-content\" itemprop=\"articleBody\">\n<p class=\"wp-block-paragraph\"><a href=\"https:\/\/claudiodantas.com.br\/tag\/flavio-bolsonaro-2\/\" data-type=\"post_tag\" data-id=\"13887\">O senador e candidato \u00e0 Presid\u00eancia da Rep\u00fablica Fl\u00e1vio Bolsonaro (PL-RJ)<\/a> prometeu nesta sexta-feira (28) um forte ajuste nas despesas p\u00fablicas caso seja eleito. Durante entrevista ao <em>Jornal Nacional<\/em>, afirmou que pretende reduzir minist\u00e9rios, cortar cargos comissionados e eliminar mais de mil atos normativos no in\u00edcio do governo.<\/p>\n<p><a href=\"https:\/\/whatsapp.com\/channel\/0029VaTFkH2HVvTbkE883x1x\" target=\"_blank\" class=\"whatsapp-channel-message\" rel=\"noopener\">\u2705 Siga o canal do Claudio Dantas no WhatsApp<\/a><\/p>\n<p class=\"wp-block-paragraph\">\u201cEu vou fazer um governo enxuto, eu vou reduzir a quantidade de minist\u00e9rios. Eu vou cortar a burocracia, vou fazer tesourar nos impostos, vou cortar mais de 1.000 atos normativos j\u00e1 no in\u00edcio do meu governo por decreto\u201d, afirmou.<\/p>\n<p class=\"wp-block-paragraph\">Fl\u00e1vio tamb\u00e9m prometeu reduzir cargos comissionados. Segundo ele, o ex-presidente Jair Bolsonaro (<a href=\"https:\/\/partidoliberal.org.br\/\" target=\"_blank\" rel=\"noopener\">PL<\/a>) cortou 20 mil cargos em 2019, enquanto o atual governo teria ampliado esse n\u00famero.<\/p>\n<p class=\"wp-block-paragraph\">\u201cEu vou cortar meus le\u00f5es. Eu vou fazer um tesoura\u00e7o, inclusive, nos cargos comissionados\u201d, declarou.<\/p>\n<p class=\"wp-block-paragraph\">Para o candidato, a redu\u00e7\u00e3o dos juros seria uma consequ\u00eancia da recupera\u00e7\u00e3o da credibilidade fiscal. Fl\u00e1vio afirmou que cada ponto percentual de queda na taxa representaria cerca de R$ 90 bilh\u00f5es dispon\u00edveis no Or\u00e7amento.<\/p>\n<p class=\"wp-block-paragraph\">\u201cCada 1% de taxa de juros a menos que n\u00f3s pagamos \u00e9 cerca de 90 bilh\u00f5es que abre dentro do or\u00e7amento\u201d, disse.<\/p>\n<p class=\"wp-block-paragraph\">Ele tamb\u00e9m criticou a pol\u00edtica fiscal do governo do presidente Lula (PL) e afirmou que a d\u00edvida prim\u00e1ria teria aumentado mais de R$ 330 bilh\u00f5es durante a atual gest\u00e3o.<\/p>\n<p class=\"wp-block-paragraph\">\u201c\u00c9 uma gastan\u00e7a sem precedentes\u201d, afirmou.<\/p>\n<p class=\"wp-block-paragraph\">Fl\u00e1vio defendeu ainda a cria\u00e7\u00e3o de uma estrutura tecnol\u00f3gica para acompanhar os gastos p\u00fablicos.<\/p>\n<p class=\"wp-block-paragraph\">\u201cVai ter um data certa soberano para o Brasil, como j\u00e1 tem em Singapura, como tem na Coreia do Sul, que vai controlar cada centavo de gasto p\u00fablico\u201d, declarou.<\/p>\n<\/div>\n<p><script>!function(f,b,e,v,n,t,s){if(f.fbq)return;n=f.fbq=function(){n.callMethod?n.callMethod.apply(n,arguments):n.queue.push(arguments)};if(!f._fbq)f._fbq=n;n.push=n;n.loaded=!0;n.version='2.0';n.queue=[];t=b.createElement(e);t.async=!0;t.src=v;s=b.getElementsByTagName(e)[0];s.parentNode.insertBefore(t,s)}(window,document,'script','https:\/\/connect.facebook.net\/en_US\/fbevents.js');fbq('init','1423865622537930');fbq('track','PageView');<\/script><br \/>\n<br \/><br \/>\n<br \/><a href=\"https:\/\/claudiodantas.com.br\/flavio-promete-tesouraco-nas-despesas\/\">Source link <\/a><\/p>","protected":false},"excerpt":{"rendered":"<p>O senador e candidato \u00e0 Presid\u00eancia da Rep\u00fablica Fl\u00e1vio Bolsonaro (PL-RJ) prometeu nesta sexta-feira (28) um forte ajuste nas despesas p\u00fablicas caso seja eleito. Durante entrevista ao Jornal Nacional, afirmou&hellip;<\/p>","protected":false},"author":1,"featured_media":141359,"comment_status":"closed","ping_status":"open","sticky":false,"template":"","format":"standard","meta":{"content-type":"","footnotes":""},"categories":[16],"tags":[],"class_list":["post-141358","post","type-post","status-publish","format-standard","has-post-thumbnail","hentry","category-noticias"],"_links":{"self":[{"href":"https:\/\/tvbrazilusa.com\/pt\/wp-json\/wp\/v2\/posts\/141358","targetHints":{"allow":["GET"]}}],"collection":[{"href":"https:\/\/tvbrazilusa.com\/pt\/wp-json\/wp\/v2\/posts"}],"about":[{"href":"https:\/\/tvbrazilusa.com\/pt\/wp-json\/wp\/v2\/types\/post"}],"author":[{"embeddable":true,"href":"https:\/\/tvbrazilusa.com\/pt\/wp-json\/wp\/v2\/users\/1"}],"replies":[{"embeddable":true,"href":"https:\/\/tvbrazilusa.com\/pt\/wp-json\/wp\/v2\/comments?post=141358"}],"version-history":[{"count":1,"href":"https:\/\/tvbrazilusa.com\/pt\/wp-json\/wp\/v2\/posts\/141358\/revisions"}],"predecessor-version":[{"id":141360,"href":"https:\/\/tvbrazilusa.com\/pt\/wp-json\/wp\/v2\/posts\/141358\/revisions\/141360"}],"wp:featuredmedia":[{"embeddable":true,"href":"https:\/\/tvbrazilusa.com\/pt\/wp-json\/wp\/v2\/media\/141359"}],"wp:attachment":[{"href":"https:\/\/tvbrazilusa.com\/pt\/wp-json\/wp\/v2\/media?parent=141358"}],"wp:term":[{"taxonomy":"category","embeddable":true,"href":"https:\/\/tvbrazilusa.com\/pt\/wp-json\/wp\/v2\/categories?post=141358"},{"taxonomy":"post_tag","embeddable":true,"href":"https:\/\/tvbrazilusa.com\/pt\/wp-json\/wp\/v2\/tags?post=141358"}],"curies":[{"name":"wp","href":"https:\/\/api.w.org\/{rel}","templated":true}]}}