{"id":141368,"date":"2026-08-29T01:59:05","date_gmt":"2026-08-29T01:59:05","guid":{"rendered":"https:\/\/tvbrazilusa.com\/2026\/08\/29\/claudio-lottenberg-medico-escolhido-flavio-bolsonaro-saude\/"},"modified":"2026-08-29T02:02:53","modified_gmt":"2026-08-29T02:02:53","slug":"claudio-lottenberg-medico-escolhido-flavio-bolsonaro-saude","status":"publish","type":"post","link":"https:\/\/tvbrazilusa.com\/pt\/2026\/08\/29\/claudio-lottenberg-medico-escolhido-flavio-bolsonaro-saude\/","title":{"rendered":"Claudio Lottenberg, m\u00e9dico escolhido Fl\u00e1vio Bolsonaro Sa\u00fade"},"content":{"rendered":"<script async src=\"https:\/\/pagead2.googlesyndication.com\/pagead\/js\/adsbygoogle.js?client=ca-pub-8864793242727901\"\r\n     crossorigin=\"anonymous\"><\/script>\n<div id=\"cd-article-content\" itemprop=\"articleBody\">\n<p class=\"wp-block-paragraph\">O<a href=\"https:\/\/claudiodantas.com.br\/tag\/flavio-bolsonaro-pl\/\" data-type=\"post_tag\" data-id=\"16529\"> senador e candidato \u00e0 Presid\u00eancia da Rep\u00fablica Fl\u00e1vio Bolsonaro (PL-RJ)<\/a> anunciou nesta sexta-feira (28), durante entrevista ao <em>Jornal Nacional<\/em>, o m\u00e9dico Claudio Luiz Lottenberg como seu escolhido para comandar o <a href=\"https:\/\/www.gov.br\/saude\/pt-br\" target=\"_blank\" rel=\"noopener\">Minist\u00e9rio da Sa\u00fade<\/a> caso seja eleito.<\/p>\n<p><a href=\"https:\/\/whatsapp.com\/channel\/0029VaTFkH2HVvTbkE883x1x\" target=\"_blank\" class=\"whatsapp-channel-message\" rel=\"noopener\">\u2705 Siga o canal do Claudio Dantas no WhatsApp<\/a><\/p>\n<p class=\"wp-block-paragraph\">O candidato afirmou que Lottenberg ter\u00e1 a miss\u00e3o de contribuir para a moderniza\u00e7\u00e3o do Sistema \u00danico de Sa\u00fade (SUS).<\/p>\n<p class=\"wp-block-paragraph\">\u201cEu quero conversar com o Dr. Claudio Lottenberg, que vai ser o meu ministro da Sa\u00fade, uma pessoa preparada que vai poder adotar as melhores pr\u00e1ticas\u201d, disse Fl\u00e1vio.<\/p>\n<p class=\"wp-block-paragraph\"><strong>Quem \u00e9 Lottenberg<\/strong><\/p>\n<p class=\"wp-block-paragraph\">Nascido em S\u00e3o Paulo, em 6 de setembro de 1960, Claudio Luiz Lottenberg \u00e9 m\u00e9dico oftalmologista. Formou-se em Medicina pela Escola Paulista de Medicina da Universidade Federal de S\u00e3o Paulo (Unifesp) em 1984. Na mesma institui\u00e7\u00e3o, concluiu mestrado em 1990 e doutorado em 1994.<\/p>\n<p class=\"wp-block-paragraph\">Sua trajet\u00f3ria profissional \u00e9 marcada pela atua\u00e7\u00e3o na medicina e na gest\u00e3o hospitalar. Lottenberg ingressou no Hospital Israelita Albert Einstein em 1987 e comandou a institui\u00e7\u00e3o como presidente entre 2001 e 2016. Atualmente, preside o Conselho Deliberativo do Einstein.<\/p>\n<p class=\"wp-block-paragraph\">Durante sua passagem pela dire\u00e7\u00e3o do hospital, o Einstein ampliou iniciativas de parceria com o poder p\u00fablico e programas voltados ao atendimento pelo SUS. Em 2016, a institui\u00e7\u00e3o tamb\u00e9m avan\u00e7ou na \u00e1rea de ensino com a cria\u00e7\u00e3o de sua Faculdade de Medicina.<\/p>\n<p class=\"wp-block-paragraph\"><strong>Experi\u00eancia no setor p\u00fablico<\/strong><\/p>\n<p class=\"wp-block-paragraph\">Lottenberg tamb\u00e9m tem experi\u00eancia na administra\u00e7\u00e3o p\u00fablica. Em 2005, foi secret\u00e1rio municipal de Sa\u00fade de S\u00e3o Paulo durante a gest\u00e3o do ent\u00e3o prefeito Jos\u00e9 Serra.<\/p>\n<p class=\"wp-block-paragraph\">Antes disso, integrou o Conselho Nacional de Assist\u00eancia Social durante o governo Fernando Henrique Cardoso e o Conselho Nacional de Seguran\u00e7a Alimentar e Nutricional (Consea) no governo Luiz In\u00e1cio Lula da Silva. Tamb\u00e9m participou de conselhos ligados \u00e0 administra\u00e7\u00e3o p\u00fablica paulista.<\/p>\n<p class=\"wp-block-paragraph\">A experi\u00eancia combina a atua\u00e7\u00e3o na gest\u00e3o privada de sa\u00fade com passagens por estruturas p\u00fablicas do setor, perfil que agora ser\u00e1 levado para a campanha de Fl\u00e1vio.<\/p>\n<p class=\"wp-block-paragraph\"><strong>Atua\u00e7\u00e3o institucional<\/strong><\/p>\n<p class=\"wp-block-paragraph\">Al\u00e9m do Einstein, Lottenberg preside o Instituto Coaliz\u00e3o Sa\u00fade e o Lide Sa\u00fade. Tamb\u00e9m presidiu a Confedera\u00e7\u00e3o Israelita do Brasil (Conib) entre 2008 e 2014 e foi presidente do UnitedHealth Group Brasil.<\/p>\n<p class=\"wp-block-paragraph\">O m\u00e9dico tamb\u00e9m atua no meio acad\u00eamico. \u00c9 professor visitante da Universidade Harvard e professor de pol\u00edticas p\u00fablicas de sa\u00fade no MBA em Sa\u00fade do Einstein.<\/p>\n<p class=\"wp-block-paragraph\">Lottenberg \u00e9 autor de livros sobre sa\u00fade e gest\u00e3o, entre eles \u201cA Sa\u00fade Brasileira Pode Dar Certo\u201d e \u201cCidadania: A Tecnologia ao Servi\u00e7o do Paciente e N\u00e3o ao Contr\u00e1rio\u201d.<\/p>\n<figure class=\"wp-block-embed is-type-wp-embed is-provider-claudio-dantas wp-block-embed-claudio-dantas\"\/>\n<\/div>\n<p><script>!function(f,b,e,v,n,t,s){if(f.fbq)return;n=f.fbq=function(){n.callMethod?n.callMethod.apply(n,arguments):n.queue.push(arguments)};if(!f._fbq)f._fbq=n;n.push=n;n.loaded=!0;n.version='2.0';n.queue=[];t=b.createElement(e);t.async=!0;t.src=v;s=b.getElementsByTagName(e)[0];s.parentNode.insertBefore(t,s)}(window,document,'script','https:\/\/connect.facebook.net\/en_US\/fbevents.js');fbq('init','1423865622537930');fbq('track','PageView');<\/script><br \/>\n<br \/><br \/>\n<br \/><a href=\"https:\/\/claudiodantas.com.br\/claudio-lottenberg-medico-flavio-para-saude\/\">Source link <\/a><\/p>","protected":false},"excerpt":{"rendered":"<p>O senador e candidato \u00e0 Presid\u00eancia da Rep\u00fablica Fl\u00e1vio Bolsonaro (PL-RJ) anunciou nesta sexta-feira (28), durante entrevista ao Jornal Nacional, o m\u00e9dico Claudio Luiz Lottenberg como seu escolhido para comandar&hellip;<\/p>","protected":false},"author":1,"featured_media":141369,"comment_status":"closed","ping_status":"open","sticky":false,"template":"","format":"standard","meta":{"content-type":"","footnotes":""},"categories":[16],"tags":[],"class_list":["post-141368","post","type-post","status-publish","format-standard","has-post-thumbnail","hentry","category-noticias"],"_links":{"self":[{"href":"https:\/\/tvbrazilusa.com\/pt\/wp-json\/wp\/v2\/posts\/141368","targetHints":{"allow":["GET"]}}],"collection":[{"href":"https:\/\/tvbrazilusa.com\/pt\/wp-json\/wp\/v2\/posts"}],"about":[{"href":"https:\/\/tvbrazilusa.com\/pt\/wp-json\/wp\/v2\/types\/post"}],"author":[{"embeddable":true,"href":"https:\/\/tvbrazilusa.com\/pt\/wp-json\/wp\/v2\/users\/1"}],"replies":[{"embeddable":true,"href":"https:\/\/tvbrazilusa.com\/pt\/wp-json\/wp\/v2\/comments?post=141368"}],"version-history":[{"count":1,"href":"https:\/\/tvbrazilusa.com\/pt\/wp-json\/wp\/v2\/posts\/141368\/revisions"}],"predecessor-version":[{"id":141370,"href":"https:\/\/tvbrazilusa.com\/pt\/wp-json\/wp\/v2\/posts\/141368\/revisions\/141370"}],"wp:featuredmedia":[{"embeddable":true,"href":"https:\/\/tvbrazilusa.com\/pt\/wp-json\/wp\/v2\/media\/141369"}],"wp:attachment":[{"href":"https:\/\/tvbrazilusa.com\/pt\/wp-json\/wp\/v2\/media?parent=141368"}],"wp:term":[{"taxonomy":"category","embeddable":true,"href":"https:\/\/tvbrazilusa.com\/pt\/wp-json\/wp\/v2\/categories?post=141368"},{"taxonomy":"post_tag","embeddable":true,"href":"https:\/\/tvbrazilusa.com\/pt\/wp-json\/wp\/v2\/tags?post=141368"}],"curies":[{"name":"wp","href":"https:\/\/api.w.org\/{rel}","templated":true}]}}