{"id":141414,"date":"2026-08-31T10:28:00","date_gmt":"2026-08-31T10:28:00","guid":{"rendered":"https:\/\/tvbrazilusa.com\/2026\/08\/31\/augusto-cury-e-o-1o-nome-da-3a-via-a-ter-dois-digitos\/"},"modified":"2026-08-31T10:39:32","modified_gmt":"2026-08-31T10:39:32","slug":"augusto-cury-e-o-1o-nome-da-3a-via-a-ter-dois-digitos","status":"publish","type":"post","link":"https:\/\/tvbrazilusa.com\/pt\/2026\/08\/31\/augusto-cury-e-o-1o-nome-da-3a-via-a-ter-dois-digitos\/","title":{"rendered":"Augusto Cury \u00e9 o 1\u00ba nome da 3\u00aa via a ter dois d\u00edgitos"},"content":{"rendered":"<script async src=\"https:\/\/pagead2.googlesyndication.com\/pagead\/js\/adsbygoogle.js?client=ca-pub-8864793242727901\"\r\n     crossorigin=\"anonymous\"><\/script>\n<div id=\"cd-article-content\" itemprop=\"articleBody\">\n<p class=\"wp-block-paragraph\">O escritor e psiquiatra <strong><a href=\"https:\/\/claudiodantas.com.br\/tag\/augusto-cury\/\" data-type=\"post_tag\" data-id=\"9356\">Augusto Cury (Avante)<\/a><\/strong> chegou a 11% das inten\u00e7\u00f5es de voto para a <strong><a href=\"https:\/\/www.gov.br\/planalto\/pt-br\/pagina-inicial\" target=\"_blank\" rel=\"noopener\">Presid\u00eancia da Rep\u00fablica<\/a><\/strong> e se tornou o primeiro candidato da <strong><a href=\"https:\/\/claudiodantas.com.br\/tag\/terceira-via\/\" data-type=\"post_tag\" data-id=\"14076\">\u201cterceira via\u201d<\/a><\/strong> a atingir dois d\u00edgitos, de acordo com pesquisa Nexus\/BTG divulgada na manh\u00e3 desta segunda-feira (31).<\/p>\n<p><a href=\"https:\/\/whatsapp.com\/channel\/0029VaTFkH2HVvTbkE883x1x\" target=\"_blank\" class=\"whatsapp-channel-message\" rel=\"noopener\">\u2705 Siga o canal do Claudio Dantas no WhatsApp<\/a><\/p>\n<p class=\"wp-block-paragraph\">O desempenho coloca Cury atr\u00e1s apenas do presidente Lula (PT) e do senador Fl\u00e1vio Bolsonaro (PL) no primeiro turno. Em rela\u00e7\u00e3o \u00e0 rodada anterior, divulgada em 24 de agosto, o candidato avan\u00e7ou nove pontos percentuais.<\/p>\n<p class=\"wp-block-paragraph\">A alta ocorre poucos dias ap\u00f3s o primeiro debate entre os presidenci\u00e1veis, realizado em 22 de agosto, e em meio a suspeitas levantadas por outras campanhas sobre poss\u00edveis irregularidades no crescimento dos seguidores de Cury nas redes sociais. O candidato foi quem mais ganhou seguidores no Instagram ap\u00f3s o debate. Sua base cresceu 19,4%, de cerca de 8,3 milh\u00f5es para 9,9 milh\u00f5es de seguidores.<\/p>\n<p class=\"wp-block-paragraph\">O avan\u00e7o tamb\u00e9m apareceu nas buscas pelo nome do escritor. Segundo a Vox Radar, o volume de pesquisas por Cury no Google foi 900% maior na semana seguinte ao debate. No dia posterior ao encontro, o \u00edndice subiu de 2,9 para 49 pontos e chegou a 100 na noite de 26 de agosto.<\/p>\n<p class=\"wp-block-paragraph\">No levantamento divulgado em 3 de agosto, Cury tinha 1% das inten\u00e7\u00f5es de voto no primeiro turno. Na rodada de 24 de agosto, passou para 2%. Agora, chegou a 11%.<\/p>\n<p class=\"wp-block-paragraph\">Com o novo resultado, Cury ultrapassa nomes que disputavam espa\u00e7o entre Lula e Fl\u00e1vio. Ronaldo Caiado (PSD), que aparecia em terceiro nas pesquisas anteriores, registra agora 5% das inten\u00e7\u00f5es de voto no primeiro turno. Renan Santos (Miss\u00e3o), l\u00edder do MBL, mant\u00e9m os mesmos 3% da rodada anterior.<\/p>\n<p class=\"wp-block-paragraph\">Lula aparece com 39% das inten\u00e7\u00f5es de voto, contra 33% de Fl\u00e1vio Bolsonaro. Em compara\u00e7\u00e3o com a pesquisa de 24 de agosto, o presidente oscilou para baixo dentro da margem de erro, enquanto Fl\u00e1vio recuou quatro pontos percentuais.<\/p>\n<p class=\"wp-block-paragraph\">A pesquisa ouviu 2.005 eleitores por telefone entre 28 e 30 de agosto. O levantamento foi contratado pelo banco BTG Pactual e tem margem de erro de dois pontos percentuais, para mais ou para menos, com n\u00edvel de confian\u00e7a de 95%. O registro no TSE (Tribunal Superior Eleitoral) \u00e9 BR-08900\/2026.<\/p>\n<\/div>\n<p><script>!function(f,b,e,v,n,t,s){if(f.fbq)return;n=f.fbq=function(){n.callMethod?n.callMethod.apply(n,arguments):n.queue.push(arguments)};if(!f._fbq)f._fbq=n;n.push=n;n.loaded=!0;n.version='2.0';n.queue=[];t=b.createElement(e);t.async=!0;t.src=v;s=b.getElementsByTagName(e)[0];s.parentNode.insertBefore(t,s)}(window,document,'script','https:\/\/connect.facebook.net\/en_US\/fbevents.js');fbq('init','1423865622537930');fbq('track','PageView');<\/script><br \/>\n<br \/><br \/>\n<br \/><a href=\"https:\/\/claudiodantas.com.br\/augusto-cury-nome-3a-via-dois-digitos\/\">Source link <\/a><\/p>","protected":false},"excerpt":{"rendered":"<p>O escritor e psiquiatra Augusto Cury (Avante) chegou a 11% das inten\u00e7\u00f5es de voto para a Presid\u00eancia da Rep\u00fablica e se tornou o primeiro candidato da \u201cterceira via\u201d a atingir&hellip;<\/p>","protected":false},"author":1,"featured_media":141288,"comment_status":"closed","ping_status":"open","sticky":false,"template":"","format":"standard","meta":{"content-type":"","footnotes":""},"categories":[16],"tags":[],"class_list":["post-141414","post","type-post","status-publish","format-standard","has-post-thumbnail","hentry","category-noticias"],"_links":{"self":[{"href":"https:\/\/tvbrazilusa.com\/pt\/wp-json\/wp\/v2\/posts\/141414","targetHints":{"allow":["GET"]}}],"collection":[{"href":"https:\/\/tvbrazilusa.com\/pt\/wp-json\/wp\/v2\/posts"}],"about":[{"href":"https:\/\/tvbrazilusa.com\/pt\/wp-json\/wp\/v2\/types\/post"}],"author":[{"embeddable":true,"href":"https:\/\/tvbrazilusa.com\/pt\/wp-json\/wp\/v2\/users\/1"}],"replies":[{"embeddable":true,"href":"https:\/\/tvbrazilusa.com\/pt\/wp-json\/wp\/v2\/comments?post=141414"}],"version-history":[{"count":1,"href":"https:\/\/tvbrazilusa.com\/pt\/wp-json\/wp\/v2\/posts\/141414\/revisions"}],"predecessor-version":[{"id":141415,"href":"https:\/\/tvbrazilusa.com\/pt\/wp-json\/wp\/v2\/posts\/141414\/revisions\/141415"}],"wp:featuredmedia":[{"embeddable":true,"href":"https:\/\/tvbrazilusa.com\/pt\/wp-json\/wp\/v2\/media\/141288"}],"wp:attachment":[{"href":"https:\/\/tvbrazilusa.com\/pt\/wp-json\/wp\/v2\/media?parent=141414"}],"wp:term":[{"taxonomy":"category","embeddable":true,"href":"https:\/\/tvbrazilusa.com\/pt\/wp-json\/wp\/v2\/categories?post=141414"},{"taxonomy":"post_tag","embeddable":true,"href":"https:\/\/tvbrazilusa.com\/pt\/wp-json\/wp\/v2\/tags?post=141414"}],"curies":[{"name":"wp","href":"https:\/\/api.w.org\/{rel}","templated":true}]}}