{"id":141416,"date":"2026-08-31T10:47:00","date_gmt":"2026-08-31T10:47:00","guid":{"rendered":"https:\/\/tvbrazilusa.com\/2026\/08\/31\/toffoli-adia-analise-de-candidatura-de-renan-santos\/"},"modified":"2026-08-31T11:04:24","modified_gmt":"2026-08-31T11:04:24","slug":"toffoli-adia-analise-de-candidatura-de-renan-santos","status":"publish","type":"post","link":"https:\/\/tvbrazilusa.com\/pt\/2026\/08\/31\/toffoli-adia-analise-de-candidatura-de-renan-santos\/","title":{"rendered":"Toffoli adia an\u00e1lise de candidatura de Renan Santos"},"content":{"rendered":"<script async src=\"https:\/\/pagead2.googlesyndication.com\/pagead\/js\/adsbygoogle.js?client=ca-pub-8864793242727901\"\r\n     crossorigin=\"anonymous\"><\/script>\n<div id=\"cd-article-content\" itemprop=\"articleBody\">\n<p class=\"wp-block-paragraph\">O ministro do Tribunal Superior Eleitoral (TSE) <strong><a href=\"https:\/\/claudiodantas.com.br\/tag\/toffoli\/\">Dias Toffoli<\/a><\/strong> retirou de pauta o processo de registro da <strong><a href=\"https:\/\/claudiodantas.com.br\/tag\/candidatura\/\">candidatura<\/a><\/strong> de <strong><a href=\"https:\/\/x.com\/RenanSantosMBL\">Renan Santos (Miss\u00e3o)<\/a><\/strong> \u00e0 <strong><a href=\"https:\/\/claudiodantas.com.br\/tag\/presidencia-da-republica\/\">Presid\u00eancia da Rep\u00fablica<\/a><\/strong>. Em despacho publicado na noite de s\u00e1bado (29), o ministro apontou \u201cind\u00edcios de ilicitudes\u201d na documenta\u00e7\u00e3o apresentada pela chapa formada pelo l\u00edder do MBL e Aroldo Medina.<\/p>\n<p><a href=\"https:\/\/whatsapp.com\/channel\/0029VaTFkH2HVvTbkE883x1x\" target=\"_blank\" class=\"whatsapp-channel-message\" rel=\"noopener\">\u2705 Siga o canal do Claudio Dantas no WhatsApp<\/a><\/p>\n<p class=\"wp-block-paragraph\">A decis\u00e3o interrompe a an\u00e1lise do registro, que come\u00e7aria nesta segunda-feira (31), para que o TSE examine informa\u00e7\u00f5es adicionais apresentadas pela candidatura sobre suas redes sociais. Toffoli tamb\u00e9m determinou a abertura de prazo para manifesta\u00e7\u00e3o dos advogados do Miss\u00e3o.<\/p>\n<p class=\"wp-block-paragraph\">O ponto central do despacho \u00e9 a rela\u00e7\u00e3o de perfis vinculados \u00e0 campanha. Segundo o ministro, os candidatos informaram posteriormente \u00e0 Justi\u00e7a Eleitoral a exist\u00eancia de 18 contas em redes sociais.<\/p>\n<p class=\"wp-block-paragraph\">\u201cConstata-se que, em peti\u00e7\u00f5es apresentadas em 19\/8\/2026, os candidatos componentes da chapa, Renan Ant\u00f4nio Ferreira dos Santos e Aroldo Medina informaram o total de 18 perfis em redes sociais, como complementa\u00e7\u00e3o \u00e0s informa\u00e7\u00f5es do registro, enviado \u00e0 Justi\u00e7a Eleitoral em 7\/8\/2026\u201d, escreveu Toffoli.<\/p>\n<p class=\"wp-block-paragraph\">A legisla\u00e7\u00e3o eleitoral exige que os candidatos informem, no registro de candidatura, seus canais de comunica\u00e7\u00e3o na internet. A apresenta\u00e7\u00e3o posterior das contas levou o ministro a suspender a an\u00e1lise para verificar a nova documenta\u00e7\u00e3o. Al\u00e9m dos perfis pessoais de Renan no Instagram, TikTok, YouTube e Facebook, a candidatura informou endere\u00e7os associados ao candidato, entre eles \u201cOn\u00e7a Viral\u201d, \u201cMultiverso Amarelo\u201d e \u201cJaguatirica Hub\u201d.<\/p>\n<p class=\"wp-block-paragraph\">Renan reagiu ao adiamento no X com ironia. \u201cParece que nossa campanha est\u00e1 indo bem\u201d, escreveu. J\u00e1 em v\u00eddeo divulgado nas redes sociais, o candidato negou irregularidades. Segundo Renan, o problema relacionado ao registro das redes sociais tamb\u00e9m teria atingido outros candidatos.<\/p>\n<p class=\"wp-block-paragraph\">O l\u00edder do MBL afirmou ainda que sua campanha estaria sendo alvo de uma tentativa de enquadramento por abuso de poder econ\u00f4mico.<\/p>\n<p class=\"wp-block-paragraph\">\u201c\u00c9 um problema que envolve o TSE, \u00e9 um problema interno de sistema ali, que j\u00e1 foi resolvido h\u00e1 muito tempo. A gente registrou sim minhas redes sociais e est\u00e3o querendo enquadrar minha campanha como uma campanha que est\u00e1 basicamente abusando do poder econ\u00f4mico\u201d, afirmou na grava\u00e7\u00e3o.<\/p>\n<p class=\"wp-block-paragraph\">Apesar de manter presen\u00e7a no Instagram, YouTube e TikTok, Renan informou ao TSE, no registro apresentado em 7 de agosto, apenas seu perfil no X (ex-Twitter) e um site. Em 19 de agosto, tr\u00eas dias depois do in\u00edcio oficial da campanha, a equipe jur\u00eddica solicitou a inclus\u00e3o de outras contas.<\/p>\n<p class=\"wp-block-paragraph\">At\u00e9 o in\u00edcio da noite de quinta (27), esses perfis ainda n\u00e3o constavam na base de dados do TSE nem na ficha oficial do candidato no DivulgaCand. A atualiza\u00e7\u00e3o posterior dos dados pelo TSE n\u00e3o encerrou a quest\u00e3o. A aplica\u00e7\u00e3o do filtro sobre os perfis de Renan ainda dependia da atualiza\u00e7\u00e3o de cada plataforma.<\/p>\n<p class=\"wp-block-paragraph\">Pelas regras de propaganda eleitoral, os perfis existentes antes do registro da candidatura devem ser informados \u00e0 Justi\u00e7a Eleitoral no momento do registro. Contas criadas durante a campanha t\u00eam prazo de 24 horas para serem comunicadas.<\/p>\n<p class=\"wp-block-paragraph\">Os perfis preexistentes que n\u00e3o forem informados no registro somente podem ser utilizados na campanha 48 horas ap\u00f3s o cadastramento na Justi\u00e7a Eleitoral.<\/p>\n<\/div>\n<p><script>!function(f,b,e,v,n,t,s){if(f.fbq)return;n=f.fbq=function(){n.callMethod?n.callMethod.apply(n,arguments):n.queue.push(arguments)};if(!f._fbq)f._fbq=n;n.push=n;n.loaded=!0;n.version='2.0';n.queue=[];t=b.createElement(e);t.async=!0;t.src=v;s=b.getElementsByTagName(e)[0];s.parentNode.insertBefore(t,s)}(window,document,'script','https:\/\/connect.facebook.net\/en_US\/fbevents.js');fbq('init','1423865622537930');fbq('track','PageView');<\/script><br \/>\n<br \/><br \/>\n<br \/><a href=\"https:\/\/claudiodantas.com.br\/ilicitudes-toffoli-candidatura-renan-santos\/\">Source link <\/a><\/p>","protected":false},"excerpt":{"rendered":"<p>O ministro do Tribunal Superior Eleitoral (TSE) Dias Toffoli retirou de pauta o processo de registro da candidatura de Renan Santos (Miss\u00e3o) \u00e0 Presid\u00eancia da Rep\u00fablica. Em despacho publicado na&hellip;<\/p>","protected":false},"author":1,"featured_media":141126,"comment_status":"closed","ping_status":"open","sticky":false,"template":"","format":"standard","meta":{"content-type":"","footnotes":""},"categories":[16],"tags":[],"class_list":["post-141416","post","type-post","status-publish","format-standard","has-post-thumbnail","hentry","category-noticias"],"_links":{"self":[{"href":"https:\/\/tvbrazilusa.com\/pt\/wp-json\/wp\/v2\/posts\/141416","targetHints":{"allow":["GET"]}}],"collection":[{"href":"https:\/\/tvbrazilusa.com\/pt\/wp-json\/wp\/v2\/posts"}],"about":[{"href":"https:\/\/tvbrazilusa.com\/pt\/wp-json\/wp\/v2\/types\/post"}],"author":[{"embeddable":true,"href":"https:\/\/tvbrazilusa.com\/pt\/wp-json\/wp\/v2\/users\/1"}],"replies":[{"embeddable":true,"href":"https:\/\/tvbrazilusa.com\/pt\/wp-json\/wp\/v2\/comments?post=141416"}],"version-history":[{"count":1,"href":"https:\/\/tvbrazilusa.com\/pt\/wp-json\/wp\/v2\/posts\/141416\/revisions"}],"predecessor-version":[{"id":141417,"href":"https:\/\/tvbrazilusa.com\/pt\/wp-json\/wp\/v2\/posts\/141416\/revisions\/141417"}],"wp:featuredmedia":[{"embeddable":true,"href":"https:\/\/tvbrazilusa.com\/pt\/wp-json\/wp\/v2\/media\/141126"}],"wp:attachment":[{"href":"https:\/\/tvbrazilusa.com\/pt\/wp-json\/wp\/v2\/media?parent=141416"}],"wp:term":[{"taxonomy":"category","embeddable":true,"href":"https:\/\/tvbrazilusa.com\/pt\/wp-json\/wp\/v2\/categories?post=141416"},{"taxonomy":"post_tag","embeddable":true,"href":"https:\/\/tvbrazilusa.com\/pt\/wp-json\/wp\/v2\/tags?post=141416"}],"curies":[{"name":"wp","href":"https:\/\/api.w.org\/{rel}","templated":true}]}}