{"id":141418,"date":"2026-08-31T11:20:00","date_gmt":"2026-08-31T11:20:00","guid":{"rendered":"https:\/\/tvbrazilusa.com\/2026\/08\/31\/governo-lula-e-desaprovado-por-51-dos-brasileiros\/"},"modified":"2026-08-31T11:29:25","modified_gmt":"2026-08-31T11:29:25","slug":"governo-lula-e-desaprovado-por-51-dos-brasileiros","status":"publish","type":"post","link":"https:\/\/tvbrazilusa.com\/pt\/2026\/08\/31\/governo-lula-e-desaprovado-por-51-dos-brasileiros\/","title":{"rendered":"Governo Lula \u00e9 desaprovado por 51% dos brasileiros"},"content":{"rendered":"<script async src=\"https:\/\/pagead2.googlesyndication.com\/pagead\/js\/adsbygoogle.js?client=ca-pub-8864793242727901\"\r\n     crossorigin=\"anonymous\"><\/script>\n<div id=\"cd-article-content\" itemprop=\"articleBody\">\n<p class=\"wp-block-paragraph\">Cerca de 51% dos <strong><a href=\"https:\/\/claudiodantas.com.br\/tag\/brasileiros\/\" data-type=\"post_tag\" data-id=\"5529\">brasileiros<\/a><\/strong> desaprovam o <strong><a href=\"https:\/\/claudiodantas.com.br\/tag\/governo\/\" data-type=\"link\" data-id=\"https:\/\/claudiodantas.com.br\/tag\/governo\/\">governo<\/a><\/strong> do presidente <strong><a href=\"https:\/\/claudiodantas.com.br\/tag\/lula\/\" data-type=\"link\" data-id=\"https:\/\/claudiodantas.com.br\/tag\/lula\/\">Luiz In\u00e1cio Lula da Silva (PT)<\/a><\/strong>, enquanto 46% aprovam a gest\u00e3o, de acordo com pesquisa<a href=\"https:\/\/pt.wikipedia.org\/wiki\/Pesquisas_de_opini%C3%A3o_para_a_elei%C3%A7%C3%A3o_presidencial_no_Brasil_em_2026\" target=\"_blank\" rel=\"noopener\"> BTG\/Nexus<\/a> divulgada na manh\u00e3 desta segunda-feira (31). Outros 2% n\u00e3o sabem ou n\u00e3o responderam.<\/p>\n<p><a href=\"https:\/\/whatsapp.com\/channel\/0029VaTFkH2HVvTbkE883x1x\" target=\"_blank\" class=\"whatsapp-channel-message\" rel=\"noopener\">\u2705 Siga o canal do Claudio Dantas no WhatsApp<\/a><\/p>\n<p class=\"wp-block-paragraph\">O resultado representa uma piora na avalia\u00e7\u00e3o do governo em rela\u00e7\u00e3o ao levantamento anterior, divulgado em 24 de agosto. Na ocasi\u00e3o, 49% desaprovavam a administra\u00e7\u00e3o petista, enquanto 48% aprovavam.<\/p>\n<p class=\"wp-block-paragraph\">Na avalia\u00e7\u00e3o qualitativa, 37% dos entrevistados classificam o governo como \u201c\u00f3timo ou bom\u201d. Para 46%, a gest\u00e3o \u00e9 \u201cruim ou p\u00e9ssima\u201d. Outros 18% consideram o desempenho \u201cregular\u201d.<\/p>\n<p class=\"wp-block-paragraph\">A pesquisa ouviu 2.005 eleitores por telefone entre 28 e 30 de agosto. O levantamento foi contratado pelo banco BTG Pactual e tem margem de erro de dois pontos percentuais, para mais ou para menos, com n\u00edvel de confian\u00e7a de 95%. O registro no TSE (Tribunal Superior Eleitoral) \u00e9 BR-08900\/2026.<\/p>\n<\/div>\n<p><script>!function(f,b,e,v,n,t,s){if(f.fbq)return;n=f.fbq=function(){n.callMethod?n.callMethod.apply(n,arguments):n.queue.push(arguments)};if(!f._fbq)f._fbq=n;n.push=n;n.loaded=!0;n.version='2.0';n.queue=[];t=b.createElement(e);t.async=!0;t.src=v;s=b.getElementsByTagName(e)[0];s.parentNode.insertBefore(t,s)}(window,document,'script','https:\/\/connect.facebook.net\/en_US\/fbevents.js');fbq('init','1423865622537930');fbq('track','PageView');<\/script><br \/>\n<br \/><br \/>\n<br \/><a href=\"https:\/\/claudiodantas.com.br\/governo-lula-desaprovado-51-brasileiros\/\">Source link <\/a><\/p>","protected":false},"excerpt":{"rendered":"<p>Cerca de 51% dos brasileiros desaprovam o governo do presidente Luiz In\u00e1cio Lula da Silva (PT), enquanto 46% aprovam a gest\u00e3o, de acordo com pesquisa BTG\/Nexus divulgada na manh\u00e3 desta&hellip;<\/p>","protected":false},"author":1,"featured_media":138594,"comment_status":"closed","ping_status":"open","sticky":false,"template":"","format":"standard","meta":{"content-type":"","footnotes":""},"categories":[16],"tags":[],"class_list":["post-141418","post","type-post","status-publish","format-standard","has-post-thumbnail","hentry","category-noticias"],"_links":{"self":[{"href":"https:\/\/tvbrazilusa.com\/pt\/wp-json\/wp\/v2\/posts\/141418","targetHints":{"allow":["GET"]}}],"collection":[{"href":"https:\/\/tvbrazilusa.com\/pt\/wp-json\/wp\/v2\/posts"}],"about":[{"href":"https:\/\/tvbrazilusa.com\/pt\/wp-json\/wp\/v2\/types\/post"}],"author":[{"embeddable":true,"href":"https:\/\/tvbrazilusa.com\/pt\/wp-json\/wp\/v2\/users\/1"}],"replies":[{"embeddable":true,"href":"https:\/\/tvbrazilusa.com\/pt\/wp-json\/wp\/v2\/comments?post=141418"}],"version-history":[{"count":1,"href":"https:\/\/tvbrazilusa.com\/pt\/wp-json\/wp\/v2\/posts\/141418\/revisions"}],"predecessor-version":[{"id":141419,"href":"https:\/\/tvbrazilusa.com\/pt\/wp-json\/wp\/v2\/posts\/141418\/revisions\/141419"}],"wp:featuredmedia":[{"embeddable":true,"href":"https:\/\/tvbrazilusa.com\/pt\/wp-json\/wp\/v2\/media\/138594"}],"wp:attachment":[{"href":"https:\/\/tvbrazilusa.com\/pt\/wp-json\/wp\/v2\/media?parent=141418"}],"wp:term":[{"taxonomy":"category","embeddable":true,"href":"https:\/\/tvbrazilusa.com\/pt\/wp-json\/wp\/v2\/categories?post=141418"},{"taxonomy":"post_tag","embeddable":true,"href":"https:\/\/tvbrazilusa.com\/pt\/wp-json\/wp\/v2\/tags?post=141418"}],"curies":[{"name":"wp","href":"https:\/\/api.w.org\/{rel}","templated":true}]}}