{"id":141420,"date":"2026-08-31T11:46:00","date_gmt":"2026-08-31T11:46:00","guid":{"rendered":"https:\/\/tvbrazilusa.com\/2026\/08\/31\/flavio-defende-endurecimento-da-legislacao-penal-apos-encontro-com-ministro-de-bukele\/"},"modified":"2026-08-31T11:54:25","modified_gmt":"2026-08-31T11:54:25","slug":"flavio-defende-endurecimento-da-legislacao-penal-apos-encontro-com-ministro-de-bukele","status":"publish","type":"post","link":"https:\/\/tvbrazilusa.com\/pt\/2026\/08\/31\/flavio-defende-endurecimento-da-legislacao-penal-apos-encontro-com-ministro-de-bukele\/","title":{"rendered":"Fl\u00e1vio defende &#8216;endurecimento da legisla\u00e7\u00e3o penal&#8217; ap\u00f3s encontro com ministro de Bukele"},"content":{"rendered":"<script async src=\"https:\/\/pagead2.googlesyndication.com\/pagead\/js\/adsbygoogle.js?client=ca-pub-8864793242727901\"\r\n     crossorigin=\"anonymous\"><\/script>\n<div id=\"cd-article-content\" itemprop=\"articleBody\">\n<p class=\"wp-block-paragraph\">O senador e candidato \u00e0 Presid\u00eancia <strong><a href=\"https:\/\/x.com\/FlavioBolsonaro?lang=pt\">Fl\u00e1vio Bolsonaro (PL)<\/a><\/strong> se reuniu ontem (30), em S\u00e3o Paulo (SP), com o ministro da Justi\u00e7a e Seguran\u00e7a P\u00fablica de <strong><a href=\"https:\/\/claudiodantas.com.br\/tag\/el-salvador\/\" data-type=\"post_tag\" data-id=\"2487\">El Salvador<\/a><\/strong>, <strong><a href=\"https:\/\/pt.wikipedia.org\/wiki\/Gustavo_Villatoro\" target=\"_blank\" rel=\"noopener\">Gustavo Villatoro<\/a><\/strong>. Ap\u00f3s o encontro, o candidato defendeu a ado\u00e7\u00e3o no Brasil do \u201cmodelo Bukele\u201d de combate \u00e0 criminalidade.<\/p>\n<p><a href=\"https:\/\/whatsapp.com\/channel\/0029VaTFkH2HVvTbkE883x1x\" target=\"_blank\" class=\"whatsapp-channel-message\" rel=\"noopener\">\u2705 Siga o canal do Claudio Dantas no WhatsApp<\/a><\/p>\n<p class=\"wp-block-paragraph\">\u201cTem pouco preso no Brasil. Tinha que ser mais. S\u00f3 n\u00e3o tem mais porque a legisla\u00e7\u00e3o \u00e9 frouxa. Ent\u00e3o, por isso, n\u00f3s vamos criar mais meio milh\u00e3o de vagas em pres\u00eddios, pra que ladr\u00e3o de celular, que comece com pena de no m\u00ednimo oito anos de cadeia, fique preso. N\u00e3o apenas seja preso, mas fique preso\u201d, afirmou Fl\u00e1vio.<\/p>\n<p class=\"wp-block-paragraph\">O plano de governo de Fl\u00e1vio prev\u00ea a constru\u00e7\u00e3o de cinco novos pres\u00eddios federais e a abertura de 500 mil vagas no sistema carcer\u00e1rio. O senador tamb\u00e9m defendeu mudan\u00e7as na legisla\u00e7\u00e3o penal e maior tempo de perman\u00eancia dos condenados nas pris\u00f5es.<\/p>\n<p class=\"wp-block-paragraph\">\u201cA legisla\u00e7\u00e3o vai mudar. Pres\u00eddios v\u00e3o deixar de ser escolas do crime e v\u00e3o ser exemplo. Voc\u00ea, marginal que for preso, entenda, voc\u00ea n\u00e3o vai sair r\u00e1pido, voc\u00ea vai ficar preso, voc\u00ea vai pagar pelos crimes que voc\u00ea cometeu\u201d, afirmou.<\/p>\n<p class=\"wp-block-paragraph\">Fl\u00e1vio disse ainda que discutiu com Villatoro medidas adotadas em El Salvador que poderiam ser aplicadas no Brasil. \u201c\u00c9 uma experi\u00eancia que \u00e9 poss\u00edvel que seja inspiradora para n\u00f3s aqui no Brasil. E como est\u00e1 no nosso plano de governo, a linha vai ser de endurecimento da legisla\u00e7\u00e3o penal e constru\u00e7\u00e3o de vagas em pres\u00eddios para que a popula\u00e7\u00e3o tenha seu primeiro e mais soberano direito, que \u00e9 o direito de ir e vir. O direito \u00e0 seguran\u00e7a p\u00fablica\u201d, declarou.<\/p>\n<p class=\"wp-block-paragraph\">Tamb\u00e9m participaram da reuni\u00e3o o candidato a vice na chapa de Fl\u00e1vio, Alfredo Gaspar (PL-AL); o senador e candidato ao governo do Paran\u00e1 pelo PL, Sergio Moro; e os candidatos ao Senado por S\u00e3o Paulo, Guilherme Derrite (PP) e Andr\u00e9 do Prado (PL).<\/p>\n<p class=\"wp-block-paragraph\">O \u201cmodelo Bukele\u201d foi implementado pelo presidente de El Salvador, Nayib Bukele, e levou a popula\u00e7\u00e3o carcer\u00e1ria do pa\u00eds a cerca de 120 mil pessoas em tr\u00eas anos. O n\u00famero equivale a cerca de 2% da popula\u00e7\u00e3o salvadorenha e representa a maior taxa de detentos por habitante no mundo.<\/p>\n<p class=\"wp-block-paragraph\">No Brasil, havia cerca de 964 mil pessoas presas ao fim de 2025, segundo dados da Secretaria Nacional de Pol\u00edticas Penais (Senappen), o equivalente a 0,4% da popula\u00e7\u00e3o.<\/p>\n<p class=\"wp-block-paragraph\">A pol\u00edtica de seguran\u00e7a adotada por Bukele reduziu drasticamente a criminalidade em El Salvador. O pa\u00eds, que estava entre os mais violentos do mundo, passou a registrar uma das menores taxas de homic\u00eddios da Am\u00e9rica Latina.<\/p>\n<p class=\"wp-block-paragraph\">A taxa de homic\u00eddios caiu de mais de 100 mortes por 100 mil habitantes em 2015 para \u00edndices inferiores a 2 por 100 mil nos \u00faltimos anos. Dados oficiais do governo apontam que o \u00edndice chegou a 1,3 homic\u00eddio por 100 mil habitantes em 2025, consolidando uma redu\u00e7\u00e3o de aproximadamente 99% na viol\u00eancia letal.<\/p>\n<p class=\"wp-block-paragraph\">Durante o governo Bukele, grupos narcoterroristas conhecidas como <em>maras<\/em>, como o MS-13 e o Barrio 18, perderam o controle territorial que mantinham em bairros do pa\u00eds.<\/p>\n<\/div>\n<p><script>!function(f,b,e,v,n,t,s){if(f.fbq)return;n=f.fbq=function(){n.callMethod?n.callMethod.apply(n,arguments):n.queue.push(arguments)};if(!f._fbq)f._fbq=n;n.push=n;n.loaded=!0;n.version='2.0';n.queue=[];t=b.createElement(e);t.async=!0;t.src=v;s=b.getElementsByTagName(e)[0];s.parentNode.insertBefore(t,s)}(window,document,'script','https:\/\/connect.facebook.net\/en_US\/fbevents.js');fbq('init','1423865622537930');fbq('track','PageView');<\/script><br \/>\n<br \/><br \/>\n<br \/><a href=\"https:\/\/claudiodantas.com.br\/flavio-legislacao-penal-ministro-bukele\/\">Source link <\/a><\/p>","protected":false},"excerpt":{"rendered":"<p>O senador e candidato \u00e0 Presid\u00eancia Fl\u00e1vio Bolsonaro (PL) se reuniu ontem (30), em S\u00e3o Paulo (SP), com o ministro da Justi\u00e7a e Seguran\u00e7a P\u00fablica de El Salvador, Gustavo Villatoro.&hellip;<\/p>","protected":false},"author":1,"featured_media":141421,"comment_status":"closed","ping_status":"open","sticky":false,"template":"","format":"standard","meta":{"content-type":"","footnotes":""},"categories":[16],"tags":[],"class_list":["post-141420","post","type-post","status-publish","format-standard","has-post-thumbnail","hentry","category-noticias"],"_links":{"self":[{"href":"https:\/\/tvbrazilusa.com\/pt\/wp-json\/wp\/v2\/posts\/141420","targetHints":{"allow":["GET"]}}],"collection":[{"href":"https:\/\/tvbrazilusa.com\/pt\/wp-json\/wp\/v2\/posts"}],"about":[{"href":"https:\/\/tvbrazilusa.com\/pt\/wp-json\/wp\/v2\/types\/post"}],"author":[{"embeddable":true,"href":"https:\/\/tvbrazilusa.com\/pt\/wp-json\/wp\/v2\/users\/1"}],"replies":[{"embeddable":true,"href":"https:\/\/tvbrazilusa.com\/pt\/wp-json\/wp\/v2\/comments?post=141420"}],"version-history":[{"count":1,"href":"https:\/\/tvbrazilusa.com\/pt\/wp-json\/wp\/v2\/posts\/141420\/revisions"}],"predecessor-version":[{"id":141422,"href":"https:\/\/tvbrazilusa.com\/pt\/wp-json\/wp\/v2\/posts\/141420\/revisions\/141422"}],"wp:featuredmedia":[{"embeddable":true,"href":"https:\/\/tvbrazilusa.com\/pt\/wp-json\/wp\/v2\/media\/141421"}],"wp:attachment":[{"href":"https:\/\/tvbrazilusa.com\/pt\/wp-json\/wp\/v2\/media?parent=141420"}],"wp:term":[{"taxonomy":"category","embeddable":true,"href":"https:\/\/tvbrazilusa.com\/pt\/wp-json\/wp\/v2\/categories?post=141420"},{"taxonomy":"post_tag","embeddable":true,"href":"https:\/\/tvbrazilusa.com\/pt\/wp-json\/wp\/v2\/tags?post=141420"}],"curies":[{"name":"wp","href":"https:\/\/api.w.org\/{rel}","templated":true}]}}